{"id":20688,"date":"2026-09-04T17:08:16","date_gmt":"2026-09-04T23:08:16","guid":{"rendered":"https:\/\/hombresymujeresdelacasa.com\/home\/?p=20688"},"modified":"2026-09-04T17:08:21","modified_gmt":"2026-09-04T23:08:21","slug":"ruba-presenta-vivaria-nuevo-desarrollo-vertical-en-monterrey","status":"publish","type":"post","link":"https:\/\/hombresymujeresdelacasa.com\/home\/ruba-presenta-vivaria-nuevo-desarrollo-vertical-en-monterrey\/","title":{"rendered":"Ruba presenta Vivaria, nuevo desarrollo vertical en Monterrey"},"content":{"rendered":"\n<p class=\"wp-block-paragraph\">Por: Fernanda Hern\u00e1ndez <\/p>\n\n\n\n<p class=\"wp-block-paragraph\"><strong>Ruba&nbsp;<\/strong>e&nbsp;<strong>Imobilem&nbsp;<\/strong>presentaron&nbsp;<strong>Vivaria<\/strong>, un nuevo desarrollo vertical que se construir\u00e1 al sur de Monterrey, Nuevo Le\u00f3n, y que contempla seis torres residenciales integradas con \u00e1reas verdes, espacios comerciales y un parque central.&nbsp;<\/p>\n\n\n\n<p class=\"wp-block-paragraph\">El complejo representa el primer proyecto de&nbsp;<strong>Eleva Desarrollos<\/strong>, sociedad estrat\u00e9gica creada por ambas compa\u00f1\u00edas con el objetivo de combinar la experiencia de&nbsp;<strong>Imobilem&nbsp;<\/strong>en proyectos residenciales en Nuevo Le\u00f3n con la presencia y trayectoria nacional de&nbsp;<strong>Ruba<\/strong>.&nbsp;&nbsp;<\/p>\n\n\n\n<p class=\"wp-block-paragraph\">Ubicado sobre Carretera Nacional, en la zona del Huajuco,&nbsp;<strong>Vivaria&nbsp;<\/strong>contar\u00e1 con m\u00e1s de 11,000 metros cuadrados (m\u00b2) de&nbsp;<strong>\u00e1reas verdes<\/strong>, adem\u00e1s de un&nbsp;<strong>centro comercial<\/strong>&nbsp;con m\u00e1s de 2,000 m\u00b2 de espacios.&nbsp;<\/p>\n\n\n\n<p class=\"wp-block-paragraph\">El proyecto plantea un&nbsp;<strong>parque central&nbsp;<\/strong>como elemento articulador entre las \u00e1reas residenciales, comerciales y de convivencia, mediante senderos, jardines y espacios abiertos orientados a fomentar la vida comunitaria.&nbsp;&nbsp;<\/p>\n\n\n\n<h2 class=\"wp-block-heading\"><strong>Gensler participa en el plan maestro de&nbsp;Vivaria<\/strong>&nbsp;<\/h2>\n\n\n\n<p class=\"wp-block-paragraph\">Para el desarrollo del proyecto participa un equipo multidisciplinario encabezado por&nbsp;<strong>Gensler<\/strong>, firma responsable del concepto urbano y el plan maestro de&nbsp;<strong>Vivaria<\/strong>.&nbsp;<\/p>\n\n\n\n<p class=\"wp-block-paragraph\">Por su parte,&nbsp;<strong>Nomon&nbsp;<a href=\"https:\/\/centrourbano.com\/revista\/vivienda\/ruba-vivaria-desarrollo-vertical-monterrey\/#\" rel=\"nofollow noopener\" target=\"_blank\">&nbsp;Arquitectura<\/a><\/strong>&nbsp;estar\u00e1 a cargo del desarrollo arquitect\u00f3nico del complejo.&nbsp;&nbsp;<\/p>\n\n\n\n<p class=\"wp-block-paragraph\">De acuerdo con las desarrolladoras, la propuesta busca integrar en un mismo entorno&nbsp;<strong>vivienda, naturaleza, comercio y espacios de convivencia<\/strong>, bajo un modelo que utiliza las \u00e1reas verdes como uno de los principales elementos de conexi\u00f3n entre los distintos componentes del proyecto.&nbsp;<\/p>\n\n\n\n<p class=\"wp-block-paragraph\">\u201c<strong>Vivaria&nbsp;<\/strong>representa la visi\u00f3n compartida de&nbsp;<strong>Imobilem&nbsp;<\/strong>y&nbsp;<strong>Ruba&nbsp;<\/strong>de crear comunidades que respondan a las nuevas formas de vivir en la ciudad, integrando vivienda, espacios de convivencia, comercio y naturaleza en un mismo entorno\u201d, se\u00f1al\u00f3&nbsp;<strong>Gustavo Backhoff, socio fundador y director general de&nbsp;Imobilem<\/strong>.&nbsp;&nbsp;&nbsp;<\/p>\n\n\n\n<p class=\"wp-block-paragraph\">Promoci\u00f3ninmobiliaria<\/p>\n\n\n\n<p class=\"wp-block-paragraph\">Adem\u00e1s de su componente residencial, las compa\u00f1\u00edas prev\u00e9n que el desarrollo contribuya a la<strong>&nbsp;generaci\u00f3n de empleos&nbsp;<\/strong>y a la&nbsp;<strong>actividad econ\u00f3mica<\/strong>&nbsp;de la zona del Huajuco, ubicada en uno de los sectores de crecimiento del \u00e1rea metropolitana de Monterrey.&nbsp;&nbsp;<\/p>\n\n\n\n<h2 class=\"wp-block-heading\"><strong>Torre Encino tendr\u00e1 154 departamentos<\/strong>&nbsp;<\/h2>\n\n\n\n<p class=\"wp-block-paragraph\">La primera etapa de&nbsp;<strong>Vivaria&nbsp;<\/strong>comenzar\u00e1 con la construcci\u00f3n de&nbsp;<strong>Torre Encino<\/strong>, edificio integrado por 154 departamentos distribuidos en ocho niveles residenciales.&nbsp;<\/p>\n\n\n\n<p class=\"wp-block-paragraph\">La oferta incluir\u00e1 departamentos de una, dos y tres rec\u00e1maras, adem\u00e1s de&nbsp;<strong>amenidades recreativas&nbsp;<\/strong>y diferentes&nbsp;<strong>espacios destinados a la convivencia<\/strong>&nbsp;de sus residentes.&nbsp;&nbsp;<\/p>\n\n\n\n<p class=\"wp-block-paragraph\">La presentaci\u00f3n de&nbsp;<strong>Vivaria&nbsp;<\/strong>marca tambi\u00e9n el inicio de operaciones de&nbsp;<strong>Eleva Desarrollos<\/strong>, alianza inmobiliaria con la que&nbsp;<strong>Ruba e&nbsp;Imobilem&nbsp;<\/strong>buscan aprovechar capacidades complementarias para desarrollar nuevos proyectos.&nbsp;<\/p>\n\n\n\n<p class=\"wp-block-paragraph\"><strong>Imobilem&nbsp;<\/strong>aportar\u00e1 su experiencia en el segmento residencial premium de Nuevo Le\u00f3n, mientras que&nbsp;<strong>Ruba&nbsp;<\/strong>suma m\u00e1s de 46 a\u00f1os de trayectoria y m\u00e1s de 270,000 viviendas entregadas en M\u00e9xico.&nbsp;&nbsp;<\/p>\n\n\n\n<p class=\"wp-block-paragraph\">\u201cEn&nbsp;<strong>Ruba&nbsp;<\/strong>mantenemos nuestro compromiso de invertir en proyectos que promuevan un crecimiento urbano ordenado, contribuyan a elevar la calidad de vida de las personas y fortalezcan el desarrollo econ\u00f3mico de las regiones donde operamos\u201d, indic\u00f3&nbsp;<strong>Jes\u00fas Sandoval, director general de Ruba<\/strong>.&nbsp;&nbsp;<\/p>\n\n\n\n<h2 class=\"wp-block-heading\"><strong>Ruba fortalece su presencia en el sector residencial<\/strong>&nbsp;<\/h2>\n\n\n\n<p class=\"wp-block-paragraph\">Actualmente,&nbsp;<strong>Ruba&nbsp;<\/strong>opera mediante 17 unidades de negocio distribuidas en&nbsp;<strong>19 ciudades de 13 estados del pa\u00eds<\/strong>, donde mantiene una oferta habitacional dirigida a distintos segmentos del mercado.&nbsp;&nbsp;<\/p>\n\n\n\n<p class=\"wp-block-paragraph\">Promoci\u00f3ninmobiliaria<\/p>\n\n\n\n<p class=\"wp-block-paragraph\">La desarrolladora registra una producci\u00f3n promedio de alrededor de&nbsp;<strong>13,000 viviendas anuales<\/strong>, de acuerdo con informaci\u00f3n de la compa\u00f1\u00eda.&nbsp;&nbsp;<\/p>\n\n\n\n<p class=\"wp-block-paragraph\">Con&nbsp;<strong>Vivaria&nbsp;<\/strong>y la creaci\u00f3n de&nbsp;<strong>Eleva Desarrollos<\/strong>,&nbsp;<strong>Ruba e&nbsp;Imobilem<\/strong>&nbsp;suman una nueva apuesta por el desarrollo vertical en Monterrey, mediante un proyecto que combinar\u00e1 vivienda, comercio y \u00e1reas verdes dentro de un mismo conjunto urbano.&nbsp;<\/p>\n\n\n\n<p class=\"wp-block-paragraph\"><\/p>\n","protected":false},"excerpt":{"rendered":"<p>Por: Fernanda Hern\u00e1ndez Ruba&nbsp;e&nbsp;Imobilem&nbsp;presentaron&nbsp;Vivaria, un nuevo desarrollo vertical que se construir\u00e1 al sur de Monterrey, Nuevo Le\u00f3n, y que contempla seis torres residenciales integradas con \u00e1reas verdes, espacios comerciales y un parque central.&nbsp; El complejo representa el primer proyecto de&nbsp;Eleva Desarrollos, sociedad estrat\u00e9gica creada por ambas compa\u00f1\u00edas con el objetivo de combinar la experiencia de&nbsp;Imobilem&nbsp;en [&hellip;]<\/p>\n","protected":false},"author":1,"featured_media":20689,"comment_status":"open","ping_status":"closed","sticky":false,"template":"","format":"standard","meta":{"site-sidebar-layout":"default","site-content-layout":"","ast-site-content-layout":"default","site-content-style":"default","site-sidebar-style":"default","ast-global-header-display":"","ast-banner-title-visibility":"","ast-main-header-display":"","ast-hfb-above-header-display":"","ast-hfb-below-header-display":"","ast-hfb-mobile-header-display":"","site-post-title":"","ast-breadcrumbs-content":"","ast-featured-img":"","footer-sml-layout":"","ast-disable-related-posts":"","theme-transparent-header-meta":"","adv-header-id-meta":"","stick-header-meta":"","header-above-stick-meta":"","header-main-stick-meta":"","header-below-stick-meta":"","astra-migrate-meta-layouts":"set","ast-page-background-enabled":"default","ast-page-background-meta":{"desktop":{"background-color":"var(--ast-global-color-4)","background-image":"","background-repeat":"repeat","background-position":"center center","background-size":"auto","background-attachment":"scroll","background-type":"","background-media":"","overlay-type":"","overlay-color":"","overlay-opacity":"","overlay-gradient":""},"tablet":{"background-color":"","background-image":"","background-repeat":"repeat","background-position":"center center","background-size":"auto","background-attachment":"scroll","background-type":"","background-media":"","overlay-type":"","overlay-color":"","overlay-opacity":"","overlay-gradient":""},"mobile":{"background-color":"","background-image":"","background-repeat":"repeat","background-position":"center center","background-size":"auto","background-attachment":"scroll","background-type":"","background-media":"","overlay-type":"","overlay-color":"","overlay-opacity":"","overlay-gradient":""}},"ast-content-background-meta":{"desktop":{"background-color":"var(--ast-global-color-5)","background-image":"","background-repeat":"repeat","background-position":"center center","background-size":"auto","background-attachment":"scroll","background-type":"","background-media":"","overlay-type":"","overlay-color":"","overlay-opacity":"","overlay-gradient":""},"tablet":{"background-color":"var(--ast-global-color-5)","background-image":"","background-repeat":"repeat","background-position":"center center","background-size":"auto","background-attachment":"scroll","background-type":"","background-media":"","overlay-type":"","overlay-color":"","overlay-opacity":"","overlay-gradient":""},"mobile":{"background-color":"var(--ast-global-color-5)","background-image":"","background-repeat":"repeat","background-position":"center center","background-size":"auto","background-attachment":"scroll","background-type":"","background-media":"","overlay-type":"","overlay-color":"","overlay-opacity":"","overlay-gradient":""}},"footnotes":""},"categories":[4],"tags":[137,177],"class_list":["post-20688","post","type-post","status-publish","format-standard","has-post-thumbnail","hentry","category-noticias","tag-ruba","tag-vivienda"],"_links":{"self":[{"href":"https:\/\/hombresymujeresdelacasa.com\/home\/wp-json\/wp\/v2\/posts\/20688","targetHints":{"allow":["GET"]}}],"collection":[{"href":"https:\/\/hombresymujeresdelacasa.com\/home\/wp-json\/wp\/v2\/posts"}],"about":[{"href":"https:\/\/hombresymujeresdelacasa.com\/home\/wp-json\/wp\/v2\/types\/post"}],"author":[{"embeddable":true,"href":"https:\/\/hombresymujeresdelacasa.com\/home\/wp-json\/wp\/v2\/users\/1"}],"replies":[{"embeddable":true,"href":"https:\/\/hombresymujeresdelacasa.com\/home\/wp-json\/wp\/v2\/comments?post=20688"}],"version-history":[{"count":1,"href":"https:\/\/hombresymujeresdelacasa.com\/home\/wp-json\/wp\/v2\/posts\/20688\/revisions"}],"predecessor-version":[{"id":20690,"href":"https:\/\/hombresymujeresdelacasa.com\/home\/wp-json\/wp\/v2\/posts\/20688\/revisions\/20690"}],"wp:featuredmedia":[{"embeddable":true,"href":"https:\/\/hombresymujeresdelacasa.com\/home\/wp-json\/wp\/v2\/media\/20689"}],"wp:attachment":[{"href":"https:\/\/hombresymujeresdelacasa.com\/home\/wp-json\/wp\/v2\/media?parent=20688"}],"wp:term":[{"taxonomy":"category","embeddable":true,"href":"https:\/\/hombresymujeresdelacasa.com\/home\/wp-json\/wp\/v2\/categories?post=20688"},{"taxonomy":"post_tag","embeddable":true,"href":"https:\/\/hombresymujeresdelacasa.com\/home\/wp-json\/wp\/v2\/tags?post=20688"}],"curies":[{"name":"wp","href":"https:\/\/api.w.org\/{rel}","templated":true}]}}