{"id":20017,"date":"2026-04-29T18:50:23","date_gmt":"2026-04-30T00:50:23","guid":{"rendered":"https:\/\/hombresymujeresdelacasa.com\/home\/?p=20017"},"modified":"2026-04-29T18:50:27","modified_gmt":"2026-04-30T00:50:27","slug":"imposible-generar-vivienda-en-la-mitad-de-las-alcaldias-de-cdmx-gordon","status":"publish","type":"post","link":"https:\/\/hombresymujeresdelacasa.com\/home\/imposible-generar-vivienda-en-la-mitad-de-las-alcaldias-de-cdmx-gordon\/","title":{"rendered":"Imposible generar vivienda en la mitad de las alcald\u00edas de CDMX: Gordon"},"content":{"rendered":"\n<p>Por: Rebeca Romero <\/p>\n\n\n\n<p><em>El Presidente de Canadevi VM advierte que la falta de agua y un marco normativo obsoleto frenan la construcci\u00f3n de vivienda en la CDMX<\/em><\/p>\n\n\n\n<p>La&nbsp;<strong>generaci\u00f3n de vivienda en la Ciudad de M\u00e9xico enfrenta bloqueos estructurales<\/strong>&nbsp;que, en algunos casos, hacen inviable el desarrollo de nuevos proyectos, particularmente en el \u00e1mbito local, advirti\u00f3 Jorge Gordon, presidente de Canadevi Valle de M\u00e9xico.<\/p>\n\n\n\n<p>En el marco del<a href=\"https:\/\/www.youtube.com\/watch?v=Hj_nboYaCcY\" target=\"_blank\" rel=\"noreferrer noopener nofollow\">&nbsp;Foro Los Nuevos Retos de la Vivienda<\/a>, se\u00f1al\u00f3 que al menos la&nbsp;<strong>mitad de las alcald\u00edas carece de condiciones b\u00e1sicas<\/strong>&nbsp;<strong>para detonar oferta habitacional<\/strong>, lo que agrava el rezago en una de las zonas con mayor demanda del pa\u00eds.<\/p>\n\n\n\n<blockquote class=\"wp-block-quote is-layout-flow wp-block-quote-is-layout-flow\">\n<p>\u201cHoy generar vivienda, que va a ser a trav\u00e9s de una alcald\u00eda, no se puede generar en la Ciudad de M\u00e9xico; yo dir\u00eda que la mitad de las alcald\u00edas no hay, por ejemplo, dotaci\u00f3n de agua en la gran mayor\u00eda\u201d, afirm\u00f3.<\/p>\n<\/blockquote>\n\n\n\n<p>Este panorama cobra relevancia ante un&nbsp;<strong>d\u00e9ficit habitacional que contin\u00faa ampli\u00e1ndose<\/strong>. De acuerdo con Gordon, la producci\u00f3n de vivienda se mantiene en niveles m\u00ednimos frente al tama\u00f1o de la ciudad.<\/p>\n\n\n\n<blockquote class=\"wp-block-quote is-layout-flow wp-block-quote-is-layout-flow\">\n<p>\u201cTenemos un d\u00e9ficit de vivienda terrible. 2025 yo creo que cerr\u00f3 con 4,000 viviendas en una ciudad de 9.3 millones de habitantes. Por supuesto que tenemos que pensar de manera metropolitana\u201d, indic\u00f3.<\/p>\n<\/blockquote>\n\n\n\n<h2 class=\"wp-block-heading\"><strong>Normativa rezagada, el principal freno<\/strong><\/h2>\n\n\n\n<p>M\u00e1s all\u00e1 de las condiciones operativas, el principal obst\u00e1culo para detonar nueva vivienda es la&nbsp;<strong>falta de actualizaci\u00f3n del marco normativo<\/strong>, el cual ya no responde a la din\u00e1mica actual del mercado ni a las necesidades urbanas.<\/p>\n\n\n\n<p>En ese sentido, explic\u00f3 que,&nbsp;<strong>mientras la<\/strong>&nbsp;<strong>industria ha evolucionado, la regulaci\u00f3n<\/strong>&nbsp;se ha mantenido pr\u00e1cticamente&nbsp;<strong>sin cambios durante d\u00e9cadas<\/strong>, lo que limita la viabilidad de nuevos proyectos, especialmente en zonas intraurbanas.<\/p>\n\n\n\n<blockquote class=\"wp-block-quote is-layout-flow wp-block-quote-is-layout-flow\">\n<p>\u201cTenemos un mercado que, por supuesto, ha avanzado, pero el entorno se ha quedado est\u00e1tico; es decir, las normas de la Ciudad de M\u00e9xico datan de 2005; en el Estado de M\u00e9xico tienen m\u00e1s de 60 a\u00f1os, su \u00faltima actualizaci\u00f3n fue en 2021\u201d, detall\u00f3.<\/p>\n<\/blockquote>\n\n\n\n<p>El impacto de este rezago se refleja en&nbsp;<strong>mayores costos y restricciones para el desarrollo de vivienda vertical y asequible<\/strong>, particularmente en zonas consolidadas donde existe mayor demanda.<\/p>\n\n\n\n<p>Aunque existe una narrativa institucional para impulsar la vivienda asequible, en la pr\u00e1ctica su desarrollo enfrenta m\u00faltiples limitantes normativas y sociales, lo que<strong>&nbsp;limita su construcci\u00f3n en \u00e1reas con alta presi\u00f3n urbana.<\/strong><\/p>\n\n\n\n<p>En entidades como el Estado de M\u00e9xico, las cargas regulatorias encarecen y limitan la vivienda intraurbana, mientras que en la capital las restricciones de uso de suelo y densidad tambi\u00e9n acotan su desarrollo.<\/p>\n\n\n\n<blockquote class=\"wp-block-quote is-layout-flow wp-block-quote-is-layout-flow\">\n<p>\u201cEl problema es que la vivienda asequible en colonias con presi\u00f3n social es imposible hacerla, s\u00f3lo se puede hacer con un instrumento que se llama norma 26 y no aplica en solo de en zonas de conservaci\u00f3n\u201d, explic\u00f3.<\/p>\n<\/blockquote>\n\n\n\n<p>Incluso en zonas con alta demanda, como la colonia Del Valle, las&nbsp;<strong>condiciones actuales impiden desarrollar vivienda de menor tama\u00f1o<\/strong>, lo que limita la oferta para segmentos de ingresos medios y bajos.<\/p>\n\n\n\n<h2 class=\"wp-block-heading\"><strong>Obst\u00e1culos locales y falta de alineaci\u00f3n<\/strong><\/h2>\n\n\n\n<p>A la par de los retos normativos, Gordon se\u00f1al\u00f3 que&nbsp;<strong>existen barreras a nivel de alcald\u00edas<\/strong>&nbsp;que dificultan a\u00fan m\u00e1s la ejecuci\u00f3n de proyectos, desde problemas de infraestructura hasta falta de alineaci\u00f3n institucional.<\/p>\n\n\n\n<blockquote class=\"wp-block-quote is-layout-flow wp-block-quote-is-layout-flow\">\n<p>\u201cExisten muchas alcald\u00edas que es muy corrupta y es muy complicado que avance, es decir, la alcald\u00eda es muy f\u00e1cil decir \u2018yo no tengo inter\u00e9s de que haya vivienda\u2019 y no se alinean con la narrativa del gobierno federal y con la necesidad\u201d, afirm\u00f3.<\/p>\n<\/blockquote>\n\n\n\n<p>Este contexto, dijo, genera incertidumbre para los desarrolladores y&nbsp;<strong>limita la capacidad de respuesta del sector<\/strong>, a pesar de que la demanda se mantiene s\u00f3lida.<\/p>\n\n\n\n<blockquote class=\"wp-block-quote is-layout-flow wp-block-quote-is-layout-flow\">\n<p>\u201cEl mercado existe, realmente para una empresa como la que represento el problema no es la venta, el problema es tener producto para vender\u201d, sostuvo.<\/p>\n<\/blockquote>\n\n\n\n<p>Destac\u00f3 que, si bien actualmente existe una narrativa en la que los gobiernos federal y estatal contemplan la construcci\u00f3n de vivienda, lo que ha facilitado la presentaci\u00f3n de proyectos, con \u00e9nfasis en unidades de inter\u00e9s social,&nbsp;<strong>a\u00fan es necesario que los gobiernos locales se alineen a esta estrategia.<\/strong><\/p>\n\n\n\n<p>Frente a este escenario, el Presidente de<a href=\"https:\/\/centrourbano.com\/revista\/?s=canadevi+vm\" target=\"_blank\" rel=\"noreferrer noopener nofollow\">&nbsp;Canadevi VM<\/a>&nbsp;consider\u00f3 que el Plan General de Desarrollo representa una&nbsp;<strong>oportunidad para actualizar las reglas del sector<\/strong>&nbsp;y alinear la pol\u00edtica urbana con la realidad del mercado.<\/p>\n\n\n\n<blockquote class=\"wp-block-quote is-layout-flow wp-block-quote-is-layout-flow\">\n<p>\u201cSi no actualizamos el marco normativo estamos fritos, esa es la realidad. Realmente el llamado es a que nos actualicemos con el marco normativo, porque la realidad no corresponde al momento en que se hizo. Tenemos una oportunidad con el Plan General de Desarrollo, tenemos que en cierta manera apoyarlo, tenemos que ver que suceda y que de ah\u00ed se emanen nuevas normas para que pueda haber vivienda\u201d<\/p>\n<\/blockquote>\n\n\n\n<p>Finalmente, Gordon subray\u00f3 la necesidad de adoptar una visi\u00f3n metropolitana que articule a la Ciudad de M\u00e9xico y al Estado de M\u00e9xic<a href=\"https:\/\/centrourbano.com\/revista\/author\/rebeca-romero\/\" rel=\"nofollow noopener\" target=\"_blank\"><\/a><\/p>\n","protected":false},"excerpt":{"rendered":"<p>Por: Rebeca Romero El Presidente de Canadevi VM advierte que la falta de agua y un marco normativo obsoleto frenan la construcci\u00f3n de vivienda en la CDMX La&nbsp;generaci\u00f3n de vivienda en la Ciudad de M\u00e9xico enfrenta bloqueos estructurales&nbsp;que, en algunos casos, hacen inviable el desarrollo de nuevos proyectos, particularmente en el \u00e1mbito local, advirti\u00f3 Jorge [&hellip;]<\/p>\n","protected":false},"author":1,"featured_media":20018,"comment_status":"open","ping_status":"closed","sticky":false,"template":"","format":"standard","meta":{"site-sidebar-layout":"default","site-content-layout":"","ast-site-content-layout":"default","site-content-style":"default","site-sidebar-style":"default","ast-global-header-display":"","ast-banner-title-visibility":"","ast-main-header-display":"","ast-hfb-above-header-display":"","ast-hfb-below-header-display":"","ast-hfb-mobile-header-display":"","site-post-title":"","ast-breadcrumbs-content":"","ast-featured-img":"","footer-sml-layout":"","ast-disable-related-posts":"","theme-transparent-header-meta":"","adv-header-id-meta":"","stick-header-meta":"","header-above-stick-meta":"","header-main-stick-meta":"","header-below-stick-meta":"","astra-migrate-meta-layouts":"set","ast-page-background-enabled":"default","ast-page-background-meta":{"desktop":{"background-color":"var(--ast-global-color-4)","background-image":"","background-repeat":"repeat","background-position":"center center","background-size":"auto","background-attachment":"scroll","background-type":"","background-media":"","overlay-type":"","overlay-color":"","overlay-opacity":"","overlay-gradient":""},"tablet":{"background-color":"","background-image":"","background-repeat":"repeat","background-position":"center center","background-size":"auto","background-attachment":"scroll","background-type":"","background-media":"","overlay-type":"","overlay-color":"","overlay-opacity":"","overlay-gradient":""},"mobile":{"background-color":"","background-image":"","background-repeat":"repeat","background-position":"center center","background-size":"auto","background-attachment":"scroll","background-type":"","background-media":"","overlay-type":"","overlay-color":"","overlay-opacity":"","overlay-gradient":""}},"ast-content-background-meta":{"desktop":{"background-color":"var(--ast-global-color-5)","background-image":"","background-repeat":"repeat","background-position":"center center","background-size":"auto","background-attachment":"scroll","background-type":"","background-media":"","overlay-type":"","overlay-color":"","overlay-opacity":"","overlay-gradient":""},"tablet":{"background-color":"var(--ast-global-color-5)","background-image":"","background-repeat":"repeat","background-position":"center center","background-size":"auto","background-attachment":"scroll","background-type":"","background-media":"","overlay-type":"","overlay-color":"","overlay-opacity":"","overlay-gradient":""},"mobile":{"background-color":"var(--ast-global-color-5)","background-image":"","background-repeat":"repeat","background-position":"center center","background-size":"auto","background-attachment":"scroll","background-type":"","background-media":"","overlay-type":"","overlay-color":"","overlay-opacity":"","overlay-gradient":""}},"footnotes":""},"categories":[4],"tags":[6751,177],"class_list":["post-20017","post","type-post","status-publish","format-standard","has-post-thumbnail","hentry","category-noticias","tag-foro-los-nuevos-retos-de-la-vivienda","tag-vivienda"],"_links":{"self":[{"href":"https:\/\/hombresymujeresdelacasa.com\/home\/wp-json\/wp\/v2\/posts\/20017","targetHints":{"allow":["GET"]}}],"collection":[{"href":"https:\/\/hombresymujeresdelacasa.com\/home\/wp-json\/wp\/v2\/posts"}],"about":[{"href":"https:\/\/hombresymujeresdelacasa.com\/home\/wp-json\/wp\/v2\/types\/post"}],"author":[{"embeddable":true,"href":"https:\/\/hombresymujeresdelacasa.com\/home\/wp-json\/wp\/v2\/users\/1"}],"replies":[{"embeddable":true,"href":"https:\/\/hombresymujeresdelacasa.com\/home\/wp-json\/wp\/v2\/comments?post=20017"}],"version-history":[{"count":1,"href":"https:\/\/hombresymujeresdelacasa.com\/home\/wp-json\/wp\/v2\/posts\/20017\/revisions"}],"predecessor-version":[{"id":20019,"href":"https:\/\/hombresymujeresdelacasa.com\/home\/wp-json\/wp\/v2\/posts\/20017\/revisions\/20019"}],"wp:featuredmedia":[{"embeddable":true,"href":"https:\/\/hombresymujeresdelacasa.com\/home\/wp-json\/wp\/v2\/media\/20018"}],"wp:attachment":[{"href":"https:\/\/hombresymujeresdelacasa.com\/home\/wp-json\/wp\/v2\/media?parent=20017"}],"wp:term":[{"taxonomy":"category","embeddable":true,"href":"https:\/\/hombresymujeresdelacasa.com\/home\/wp-json\/wp\/v2\/categories?post=20017"},{"taxonomy":"post_tag","embeddable":true,"href":"https:\/\/hombresymujeresdelacasa.com\/home\/wp-json\/wp\/v2\/tags?post=20017"}],"curies":[{"name":"wp","href":"https:\/\/api.w.org\/{rel}","templated":true}]}}