{"id":19990,"date":"2026-04-27T16:25:35","date_gmt":"2026-04-27T22:25:35","guid":{"rendered":"https:\/\/hombresymujeresdelacasa.com\/home\/?p=19990"},"modified":"2026-04-27T16:25:41","modified_gmt":"2026-04-27T22:25:41","slug":"fovissste-proyecta-9000-viviendas-para-el-bienestar-en-oaxaca","status":"publish","type":"post","link":"https:\/\/hombresymujeresdelacasa.com\/home\/fovissste-proyecta-9000-viviendas-para-el-bienestar-en-oaxaca\/","title":{"rendered":"Fovissste proyecta 9,000 Viviendas para el Bienestar en Oaxaca"},"content":{"rendered":"\n<p>Redacci\u00f3n <\/p>\n\n\n\n<p><em>Como parte del Programa de Vivienda, Fovissste contempla la construcci\u00f3n de 100,000 viviendas; adem\u00e1s, avanza en la liquidaci\u00f3n de cr\u00e9ditos y certeza patrimonial<\/em><\/p>\n\n\n\n<p>El Fovissste anunci\u00f3 que en pr\u00f3ximas fechas arrancar\u00e1 la<strong>&nbsp;construcci\u00f3n de 100,000 viviendas<\/strong>&nbsp;nuevas a nivel nacional como parte del<a href=\"https:\/\/centrourbano.com\/revista\/vivienda\/meta-pvb-fovissste-shf\/\" target=\"_blank\" rel=\"noreferrer noopener nofollow\">&nbsp;Programa de Vivienda<\/a>&nbsp;para el Bienestar. Dentro de este plan federal, la dependencia proyecta edificar&nbsp;<strong>9,254 hogares en el estado de Oaxaca<\/strong>.<\/p>\n\n\n\n<p>Jabnely Maldonado Meza, vocal ejecutiva del Fovissste, inform\u00f3 que la instituci\u00f3n mantiene&nbsp;<strong>16,830 cr\u00e9ditos activos<\/strong>&nbsp;en la entidad. Del total de la cartera, casi&nbsp;<strong>10,000 esquemas corresponden a mujeres<\/strong>, un sector poblacional que actualmente accede a beneficios como el Programa Fovissste Mujeres, el cual otorga tasas preferenciales que van del 2 al 3.5 por ciento.<\/p>\n\n\n\n<h2 class=\"wp-block-heading\">Acciones para recuperar el sentido social<\/h2>\n\n\n\n<p>A la par del desarrollo de nuevos proyectos habitacionales, la titular del Fovissste explic\u00f3 que la dependencia impulsa una pol\u00edtica enfocada en la&nbsp;<strong>restituci\u00f3n de derechos y la recuperaci\u00f3n del sentido social<\/strong>.<\/p>\n\n\n\n<p>Bajo este esquema, la instituci\u00f3n entreg\u00f3&nbsp;<strong>300 constancias de finiquito a familias oaxaque\u00f1as<\/strong>, un documento que garantiza la liquidaci\u00f3n de su adeudo y les otorga certeza jur\u00eddica sobre su patrimonio. Con estas entregas, el&nbsp;<strong>estado suma 576 cr\u00e9ditos liquidados<\/strong>&nbsp;a trav\u00e9s del Programa Vivienda para el Bienestar.<\/p>\n\n\n\n<blockquote class=\"wp-block-quote is-layout-flow wp-block-quote-is-layout-flow\">\n<p>\u201cPropusimos poner en marcha un programa para beneficiar a m\u00e1s de 400,000 familias trabajadoras y por eso estamos haciendo este programa de justicia social, para que todo lo que est\u00e1 deteriorado se pueda pagar; para que les quitemos ese peso de encima, pues pusimos en el centro de la atenci\u00f3n y de las decisiones a la derechohabiencia\u201d, indic\u00f3 Maldonado Meza.<\/p>\n<\/blockquote>\n\n\n\n<p>La funcionaria detall\u00f3 las opciones de regularizaci\u00f3n que ofrece el Fondo, las cuales contemplan tanto a personal en activo como a extrabajadores.<\/p>\n\n\n\n<blockquote class=\"wp-block-quote is-layout-flow wp-block-quote-is-layout-flow\">\n<p>\u201cEste programa tiene varias l\u00edneas de apoyo: las personas en activo que ya pagaron dos o m\u00e1s veces su cr\u00e9dito pueden liquidarlo; las personas que tienen un cr\u00e9dito con 30 a\u00f1os de antig\u00fcedad o a las que deben el 10 por ciento tambi\u00e9n se les liquida; a las personas pensionadas o jubiladas tienen tres beneficios: condonaci\u00f3n de intereses por seis meses que dura el proceso de jubilaci\u00f3n o pensi\u00f3n, el ajuste en la obligaci\u00f3n de pago y la aplicaci\u00f3n de quitas\u201c, explic\u00f3.<\/p>\n<\/blockquote>\n\n\n\n<p>Finalmente, la vocal ejecutiva precis\u00f3 que el Fondo atraviesa una etapa de cambio para<strong>&nbsp;corregir el sentido exclusivamente financiero del pasado<\/strong>. Por ello, la dependencia trabaja en la implementaci\u00f3n de iniciativas adicionales, como la reestructura de saldos de Unidades de Medida y Actualizaci\u00f3n (UMA) a pesos, as\u00ed como la emisi\u00f3n de un estado de cuenta m\u00e1s claro para los acreditados.<\/p>\n\n\n\n<p><a href=\"https:\/\/centrourbano.com\/revista\/author\/editorial\/\" rel=\"nofollow noopener\" target=\"_blank\"><\/a><\/p>\n","protected":false},"excerpt":{"rendered":"<p>Redacci\u00f3n Como parte del Programa de Vivienda, Fovissste contempla la construcci\u00f3n de 100,000 viviendas; adem\u00e1s, avanza en la liquidaci\u00f3n de cr\u00e9ditos y certeza patrimonial El Fovissste anunci\u00f3 que en pr\u00f3ximas fechas arrancar\u00e1 la&nbsp;construcci\u00f3n de 100,000 viviendas&nbsp;nuevas a nivel nacional como parte del&nbsp;Programa de Vivienda&nbsp;para el Bienestar. Dentro de este plan federal, la dependencia proyecta edificar&nbsp;9,254 [&hellip;]<\/p>\n","protected":false},"author":1,"featured_media":19991,"comment_status":"open","ping_status":"closed","sticky":false,"template":"","format":"standard","meta":{"site-sidebar-layout":"default","site-content-layout":"","ast-site-content-layout":"default","site-content-style":"default","site-sidebar-style":"default","ast-global-header-display":"","ast-banner-title-visibility":"","ast-main-header-display":"","ast-hfb-above-header-display":"","ast-hfb-below-header-display":"","ast-hfb-mobile-header-display":"","site-post-title":"","ast-breadcrumbs-content":"","ast-featured-img":"","footer-sml-layout":"","ast-disable-related-posts":"","theme-transparent-header-meta":"","adv-header-id-meta":"","stick-header-meta":"","header-above-stick-meta":"","header-main-stick-meta":"","header-below-stick-meta":"","astra-migrate-meta-layouts":"set","ast-page-background-enabled":"default","ast-page-background-meta":{"desktop":{"background-color":"var(--ast-global-color-4)","background-image":"","background-repeat":"repeat","background-position":"center center","background-size":"auto","background-attachment":"scroll","background-type":"","background-media":"","overlay-type":"","overlay-color":"","overlay-opacity":"","overlay-gradient":""},"tablet":{"background-color":"","background-image":"","background-repeat":"repeat","background-position":"center center","background-size":"auto","background-attachment":"scroll","background-type":"","background-media":"","overlay-type":"","overlay-color":"","overlay-opacity":"","overlay-gradient":""},"mobile":{"background-color":"","background-image":"","background-repeat":"repeat","background-position":"center center","background-size":"auto","background-attachment":"scroll","background-type":"","background-media":"","overlay-type":"","overlay-color":"","overlay-opacity":"","overlay-gradient":""}},"ast-content-background-meta":{"desktop":{"background-color":"var(--ast-global-color-5)","background-image":"","background-repeat":"repeat","background-position":"center center","background-size":"auto","background-attachment":"scroll","background-type":"","background-media":"","overlay-type":"","overlay-color":"","overlay-opacity":"","overlay-gradient":""},"tablet":{"background-color":"var(--ast-global-color-5)","background-image":"","background-repeat":"repeat","background-position":"center center","background-size":"auto","background-attachment":"scroll","background-type":"","background-media":"","overlay-type":"","overlay-color":"","overlay-opacity":"","overlay-gradient":""},"mobile":{"background-color":"var(--ast-global-color-5)","background-image":"","background-repeat":"repeat","background-position":"center center","background-size":"auto","background-attachment":"scroll","background-type":"","background-media":"","overlay-type":"","overlay-color":"","overlay-opacity":"","overlay-gradient":""}},"footnotes":""},"categories":[4],"tags":[55,86,177],"class_list":["post-19990","post","type-post","status-publish","format-standard","has-post-thumbnail","hentry","category-noticias","tag-credito","tag-fovissste","tag-vivienda"],"_links":{"self":[{"href":"https:\/\/hombresymujeresdelacasa.com\/home\/wp-json\/wp\/v2\/posts\/19990","targetHints":{"allow":["GET"]}}],"collection":[{"href":"https:\/\/hombresymujeresdelacasa.com\/home\/wp-json\/wp\/v2\/posts"}],"about":[{"href":"https:\/\/hombresymujeresdelacasa.com\/home\/wp-json\/wp\/v2\/types\/post"}],"author":[{"embeddable":true,"href":"https:\/\/hombresymujeresdelacasa.com\/home\/wp-json\/wp\/v2\/users\/1"}],"replies":[{"embeddable":true,"href":"https:\/\/hombresymujeresdelacasa.com\/home\/wp-json\/wp\/v2\/comments?post=19990"}],"version-history":[{"count":1,"href":"https:\/\/hombresymujeresdelacasa.com\/home\/wp-json\/wp\/v2\/posts\/19990\/revisions"}],"predecessor-version":[{"id":19992,"href":"https:\/\/hombresymujeresdelacasa.com\/home\/wp-json\/wp\/v2\/posts\/19990\/revisions\/19992"}],"wp:featuredmedia":[{"embeddable":true,"href":"https:\/\/hombresymujeresdelacasa.com\/home\/wp-json\/wp\/v2\/media\/19991"}],"wp:attachment":[{"href":"https:\/\/hombresymujeresdelacasa.com\/home\/wp-json\/wp\/v2\/media?parent=19990"}],"wp:term":[{"taxonomy":"category","embeddable":true,"href":"https:\/\/hombresymujeresdelacasa.com\/home\/wp-json\/wp\/v2\/categories?post=19990"},{"taxonomy":"post_tag","embeddable":true,"href":"https:\/\/hombresymujeresdelacasa.com\/home\/wp-json\/wp\/v2\/tags?post=19990"}],"curies":[{"name":"wp","href":"https:\/\/api.w.org\/{rel}","templated":true}]}}