{"id":18970,"date":"2025-12-04T12:28:38","date_gmt":"2025-12-04T18:28:38","guid":{"rendered":"https:\/\/hombresymujeresdelacasa.com\/home\/?p=18970"},"modified":"2025-12-04T12:28:43","modified_gmt":"2025-12-04T18:28:43","slug":"senado-instala-comision-especial-de-ciudades-sostenibles","status":"publish","type":"post","link":"https:\/\/hombresymujeresdelacasa.com\/home\/senado-instala-comision-especial-de-ciudades-sostenibles\/","title":{"rendered":"Senado instala Comisi\u00f3n Especial de Ciudades Sostenibles"},"content":{"rendered":"\n<p>Redacci\u00f3n <\/p>\n\n\n\n<p><em>La Comisi\u00f3n buscar\u00e1 impulsar pol\u00edticas p\u00fablicas orientadas al desarrollo urbano sostenible, movilidad, medio ambiente y calidad de vida<\/em><\/p>\n\n\n\n<p>Con el objetivo de responder a los desaf\u00edos del crecimiento urbano, el&nbsp;<strong>Senado de la Rep\u00fablica<\/strong>&nbsp;instal\u00f3 formalmente la&nbsp;<strong>Comisi\u00f3n Especial de Ciudades Sostenibles<\/strong>, un nuevo \u00f3rgano legislativo que trabajar\u00e1 en pol\u00edticas p\u00fablicas orientadas al&nbsp;<strong>desarrollo urbano sostenible, movilidad, medio ambiente<\/strong>&nbsp;<strong>y calidad de vida<\/strong>&nbsp;en las zonas metropolitanas del pa\u00eds.<\/p>\n\n\n\n<p>La&nbsp;<strong>Comisi\u00f3n<\/strong>&nbsp;tendr\u00e1 car\u00e1cter interinstitucional y colaborativo con academia, sector privado y sociedad civil, y ser\u00e1 presidida por&nbsp;<strong>Alejandra Barrales Magdaleno<\/strong>, mientras que las secretar\u00edas estar\u00e1n a cargo de&nbsp;<strong>Mariela Guti\u00e9rrez Escalante<\/strong>&nbsp;y&nbsp;<strong>Andrea Ch\u00e1vez Trevi\u00f1o<\/strong>.<\/p>\n\n\n\n<p>Completan su integraci\u00f3n los senadores Mois\u00e9s Ignacio Mier Velazco, Waldo Fern\u00e1ndez Gonz\u00e1lez y Ricardo Anaya Cort\u00e9s.<\/p>\n\n\n\n<h2 class=\"wp-block-heading\"><strong>Prioridades: planificaci\u00f3n urbana, sostenibilidad y bienestar ciudadano<\/strong><\/h2>\n\n\n\n<p>Durante su instalaci\u00f3n \u2014realizada el 2 de diciembre de 2025 en el Senado\u2014&nbsp;<strong>Barrales Magdaleno<\/strong>&nbsp;destac\u00f3 la urgencia de promover ciudades inclusivas, seguras y resilientes, en l\u00ednea con los compromisos del&nbsp;<strong>Agenda 2030 de las Naciones Unidas<\/strong>, especialmente con el objetivo de ciudades sostenibles.<\/p>\n\n\n\n<p>En ese sentido, la&nbsp;<strong>Comisi\u00f3n<\/strong>&nbsp;dedicar\u00e1 esfuerzos a elaborar leyes, coordinar con distintas dependencias y sectores, y generar iniciativas encaminadas a:<\/p>\n\n\n\n<ul class=\"wp-block-list\">\n<li>Mejorar\u00a0<strong>movilidad urbana<\/strong>, transporte p\u00fablico y acceso eficiente a servicios b\u00e1sicos.<\/li>\n\n\n\n<li>Promover\u00a0<strong>desarrollo urbano planificado<\/strong>, con infraestructura adecuada y espacios dignos para la vivienda.<\/li>\n\n\n\n<li>Fomentar\u00a0<strong>pol\u00edticas ambientales<\/strong>\u00a0orientadas a reducir contaminaci\u00f3n, gestionar residuos y adaptar las ciudades al cambio clim\u00e1tico.<\/li>\n\n\n\n<li>Fortalecer la\u00a0<strong>colaboraci\u00f3n entre gobierno, sector privado, academia y sociedad civil<\/strong>\u00a0para asegurar una visi\u00f3n integral y sostenible del desarrollo urbano.<\/li>\n<\/ul>\n\n\n\n<h2 class=\"wp-block-heading\"><strong>Visi\u00f3n ante el reto del crecimiento urbano<\/strong><\/h2>\n\n\n\n<p>De acuerdo con datos citados en la instalaci\u00f3n, actualmente una parte considerable de la poblaci\u00f3n mundial vive en&nbsp;<strong>zonas urbanas<\/strong>, lo que amplifica los&nbsp;<strong>retos de vivienda, servicios, infraestructura y sostenibilidad<\/strong>.<\/p>\n\n\n\n<p>Para M\u00e9xico, que cuenta con cientos de urbes que concentran la mayor\u00eda de la poblaci\u00f3n nacional, la creaci\u00f3n de esta&nbsp;<strong>Comisi\u00f3n<\/strong>&nbsp;representa un paso importante para lograr un desarrollo urbano ordenado y sostenible.<\/p>\n\n\n\n<p>En palabras de la&nbsp;<strong>senadora Mariela Guti\u00e9rrez Escalante<\/strong>, la pluralidad de la Comisi\u00f3n permitir\u00e1 un \u201ctrabajo integral, sincero y franco\u201d que impulse transformaciones reales en ciudades del pa\u00eds.<a href=\"https:\/\/centrourbano.com\/revista\/author\/editorial\/\" rel=\"nofollow noopener\" target=\"_blank\"><\/a><\/p>\n","protected":false},"excerpt":{"rendered":"<p>Redacci\u00f3n La Comisi\u00f3n buscar\u00e1 impulsar pol\u00edticas p\u00fablicas orientadas al desarrollo urbano sostenible, movilidad, medio ambiente y calidad de vida Con el objetivo de responder a los desaf\u00edos del crecimiento urbano, el&nbsp;Senado de la Rep\u00fablica&nbsp;instal\u00f3 formalmente la&nbsp;Comisi\u00f3n Especial de Ciudades Sostenibles, un nuevo \u00f3rgano legislativo que trabajar\u00e1 en pol\u00edticas p\u00fablicas orientadas al&nbsp;desarrollo urbano sostenible, movilidad, medio [&hellip;]<\/p>\n","protected":false},"author":1,"featured_media":18971,"comment_status":"open","ping_status":"closed","sticky":false,"template":"","format":"standard","meta":{"site-sidebar-layout":"default","site-content-layout":"","ast-site-content-layout":"default","site-content-style":"default","site-sidebar-style":"default","ast-global-header-display":"","ast-banner-title-visibility":"","ast-main-header-display":"","ast-hfb-above-header-display":"","ast-hfb-below-header-display":"","ast-hfb-mobile-header-display":"","site-post-title":"","ast-breadcrumbs-content":"","ast-featured-img":"","footer-sml-layout":"","ast-disable-related-posts":"","theme-transparent-header-meta":"","adv-header-id-meta":"","stick-header-meta":"","header-above-stick-meta":"","header-main-stick-meta":"","header-below-stick-meta":"","astra-migrate-meta-layouts":"set","ast-page-background-enabled":"default","ast-page-background-meta":{"desktop":{"background-color":"var(--ast-global-color-4)","background-image":"","background-repeat":"repeat","background-position":"center center","background-size":"auto","background-attachment":"scroll","background-type":"","background-media":"","overlay-type":"","overlay-color":"","overlay-opacity":"","overlay-gradient":""},"tablet":{"background-color":"","background-image":"","background-repeat":"repeat","background-position":"center center","background-size":"auto","background-attachment":"scroll","background-type":"","background-media":"","overlay-type":"","overlay-color":"","overlay-opacity":"","overlay-gradient":""},"mobile":{"background-color":"","background-image":"","background-repeat":"repeat","background-position":"center center","background-size":"auto","background-attachment":"scroll","background-type":"","background-media":"","overlay-type":"","overlay-color":"","overlay-opacity":"","overlay-gradient":""}},"ast-content-background-meta":{"desktop":{"background-color":"var(--ast-global-color-5)","background-image":"","background-repeat":"repeat","background-position":"center center","background-size":"auto","background-attachment":"scroll","background-type":"","background-media":"","overlay-type":"","overlay-color":"","overlay-opacity":"","overlay-gradient":""},"tablet":{"background-color":"var(--ast-global-color-5)","background-image":"","background-repeat":"repeat","background-position":"center center","background-size":"auto","background-attachment":"scroll","background-type":"","background-media":"","overlay-type":"","overlay-color":"","overlay-opacity":"","overlay-gradient":""},"mobile":{"background-color":"var(--ast-global-color-5)","background-image":"","background-repeat":"repeat","background-position":"center center","background-size":"auto","background-attachment":"scroll","background-type":"","background-media":"","overlay-type":"","overlay-color":"","overlay-opacity":"","overlay-gradient":""}},"footnotes":""},"categories":[4],"tags":[3176,177],"class_list":["post-18970","post","type-post","status-publish","format-standard","has-post-thumbnail","hentry","category-noticias","tag-ciudades-sostenibles","tag-vivienda"],"_links":{"self":[{"href":"https:\/\/hombresymujeresdelacasa.com\/home\/wp-json\/wp\/v2\/posts\/18970","targetHints":{"allow":["GET"]}}],"collection":[{"href":"https:\/\/hombresymujeresdelacasa.com\/home\/wp-json\/wp\/v2\/posts"}],"about":[{"href":"https:\/\/hombresymujeresdelacasa.com\/home\/wp-json\/wp\/v2\/types\/post"}],"author":[{"embeddable":true,"href":"https:\/\/hombresymujeresdelacasa.com\/home\/wp-json\/wp\/v2\/users\/1"}],"replies":[{"embeddable":true,"href":"https:\/\/hombresymujeresdelacasa.com\/home\/wp-json\/wp\/v2\/comments?post=18970"}],"version-history":[{"count":1,"href":"https:\/\/hombresymujeresdelacasa.com\/home\/wp-json\/wp\/v2\/posts\/18970\/revisions"}],"predecessor-version":[{"id":18972,"href":"https:\/\/hombresymujeresdelacasa.com\/home\/wp-json\/wp\/v2\/posts\/18970\/revisions\/18972"}],"wp:featuredmedia":[{"embeddable":true,"href":"https:\/\/hombresymujeresdelacasa.com\/home\/wp-json\/wp\/v2\/media\/18971"}],"wp:attachment":[{"href":"https:\/\/hombresymujeresdelacasa.com\/home\/wp-json\/wp\/v2\/media?parent=18970"}],"wp:term":[{"taxonomy":"category","embeddable":true,"href":"https:\/\/hombresymujeresdelacasa.com\/home\/wp-json\/wp\/v2\/categories?post=18970"},{"taxonomy":"post_tag","embeddable":true,"href":"https:\/\/hombresymujeresdelacasa.com\/home\/wp-json\/wp\/v2\/tags?post=18970"}],"curies":[{"name":"wp","href":"https:\/\/api.w.org\/{rel}","templated":true}]}}