{"id":18939,"date":"2025-12-02T17:14:41","date_gmt":"2025-12-02T23:14:41","guid":{"rendered":"https:\/\/hombresymujeresdelacasa.com\/home\/?p=18939"},"modified":"2025-12-02T17:14:51","modified_gmt":"2025-12-02T23:14:51","slug":"jose-iracheta-nuevo-subsecretario-de-ordenamiento-territorial-de-sedatu","status":"publish","type":"post","link":"https:\/\/hombresymujeresdelacasa.com\/home\/jose-iracheta-nuevo-subsecretario-de-ordenamiento-territorial-de-sedatu\/","title":{"rendered":"Jos\u00e9 Iracheta, nuevo subsecretario de Ordenamiento Territorial de Sedatu"},"content":{"rendered":"\n<p>Redacci\u00f3n <\/p>\n\n\n\n<p><em>Iracheta, quien&nbsp;<\/em><em>se desempe\u00f1aba como director general del Insus, llega a la Subsecretar\u00eda en sustituci\u00f3n de V\u00edctor Hugo Hofmann Aguirre<\/em><\/p>\n\n\n\n<p>La&nbsp;<strong>Secretar\u00eda de Desarrollo Agrario, Territorial y Urbano<\/strong>&nbsp;(<strong>Sedatu<\/strong>) design\u00f3 a&nbsp;<strong>Jos\u00e9 Alfonso Iracheta Carroll<\/strong>&nbsp;como nuevo titular de la&nbsp;<strong>Subsecretar\u00eda de Ordenamiento Territorial, Urbano y Vivienda<\/strong>, en sustituci\u00f3n de V\u00edctor Hugo Hofmann Aguirre.<\/p>\n\n\n\n<p>De esta manera, este lunes 1 de diciembre,&nbsp;<strong>Edna Vega Rangel, titular de la Sedatu<\/strong>, le tom\u00f3 protesta a&nbsp;<strong>Iracheta Carroll<\/strong>, quien se desempe\u00f1aba como director general del&nbsp;<strong>Instituto Nacional del Suelo Sustentable<\/strong>&nbsp;(<strong>Insus<\/strong>).<\/p>\n\n\n\n<h2 class=\"wp-block-heading\"><strong>\u00bfQui\u00e9n es Jos\u00e9 Iracheta?<\/strong><\/h2>\n\n\n\n<p><strong>Jos\u00e9 Iracheta Carroll<\/strong>&nbsp;realiz\u00f3 sus estudios en&nbsp;<strong>Econom\u00eda<\/strong>&nbsp;en la Universidad Iberoamericana, y tiene Maestr\u00eda en&nbsp;<strong>Administraci\u00f3n y Pol\u00edticas P\u00fablicas<\/strong>&nbsp;por el Centro de Investigaci\u00f3n y Docencia Econ\u00f3micas (CIDE); as\u00ed como estudios de maestr\u00eda en&nbsp;<strong>Desarrollo Sustentable<\/strong>&nbsp;por el Foro Latinoamericano de Ciencias Ambientales (FLACAM).<\/p>\n\n\n\n<p>Asimismo, es Doctor en&nbsp;<strong>Asuntos P\u00fablicos<\/strong>&nbsp;con especialidad en&nbsp;<strong>Pol\u00edtica Urbana Ambiental<\/strong>&nbsp;por la Universidad de Indiana-Bloomington (School of Public and Environmental Affairs -SPEA-) y ha participado en diversos cursos y seminarios, entre los que destacan los de la Association for Public Policy Analysis and Management (APPAM) y el Massachusetts Institute of Technology (MIT) Metro Lab Initiative.<\/p>\n\n\n\n<p>Tambi\u00e9n es especialista en dise\u00f1o de investigaci\u00f3n y metodolog\u00edas para formular evaluaciones de impacto, y sus l\u00edneas de investigaci\u00f3n se relacionan con la&nbsp;<strong>pol\u00edtica de suelo<\/strong>&nbsp;y la&nbsp;<strong>pol\u00edtica ambiental urbana\/metropolitana<\/strong>, en temas como la calidad del aire y del agua, la movilidad y la interrelaci\u00f3n de los sistemas y subsistemas urbanos.<\/p>\n\n\n\n<p>Fue director de Pol\u00edticas P\u00fablicas en&nbsp;<strong>Centro Eure S.C.<\/strong>&nbsp;en donde coordin\u00f3 y particip\u00f3 en diversos proyectos de investigaci\u00f3n aplicada y consultor\u00eda; y es miembro de diversas organizaciones profesionales y de la sociedad civil como&nbsp;<strong>For\u00f3polis A.C., Fundaci\u00f3n Tl\u00e1loc A.C., AAPOR y APPAM<\/strong>.<\/p>\n\n\n\n<p>Anteriormente fue titular del&nbsp;<strong>Insus<\/strong>, cargo desde el cual promovi\u00f3 la iniciativa de una&nbsp;<strong>Pol\u00edtica Nacional de Suelo<\/strong>, destinada a regularizar y ofrecer acceso al suelo urbano y periurbano, con especial atenci\u00f3n a vivienda asequible y al ordenamiento territorial.<\/p>\n","protected":false},"excerpt":{"rendered":"<p>Redacci\u00f3n Iracheta, quien&nbsp;se desempe\u00f1aba como director general del Insus, llega a la Subsecretar\u00eda en sustituci\u00f3n de V\u00edctor Hugo Hofmann Aguirre La&nbsp;Secretar\u00eda de Desarrollo Agrario, Territorial y Urbano&nbsp;(Sedatu) design\u00f3 a&nbsp;Jos\u00e9 Alfonso Iracheta Carroll&nbsp;como nuevo titular de la&nbsp;Subsecretar\u00eda de Ordenamiento Territorial, Urbano y Vivienda, en sustituci\u00f3n de V\u00edctor Hugo Hofmann Aguirre. De esta manera, este lunes 1 [&hellip;]<\/p>\n","protected":false},"author":1,"featured_media":18940,"comment_status":"open","ping_status":"closed","sticky":false,"template":"","format":"standard","meta":{"site-sidebar-layout":"default","site-content-layout":"","ast-site-content-layout":"default","site-content-style":"default","site-sidebar-style":"default","ast-global-header-display":"","ast-banner-title-visibility":"","ast-main-header-display":"","ast-hfb-above-header-display":"","ast-hfb-below-header-display":"","ast-hfb-mobile-header-display":"","site-post-title":"","ast-breadcrumbs-content":"","ast-featured-img":"","footer-sml-layout":"","ast-disable-related-posts":"","theme-transparent-header-meta":"","adv-header-id-meta":"","stick-header-meta":"","header-above-stick-meta":"","header-main-stick-meta":"","header-below-stick-meta":"","astra-migrate-meta-layouts":"set","ast-page-background-enabled":"default","ast-page-background-meta":{"desktop":{"background-color":"var(--ast-global-color-4)","background-image":"","background-repeat":"repeat","background-position":"center center","background-size":"auto","background-attachment":"scroll","background-type":"","background-media":"","overlay-type":"","overlay-color":"","overlay-opacity":"","overlay-gradient":""},"tablet":{"background-color":"","background-image":"","background-repeat":"repeat","background-position":"center center","background-size":"auto","background-attachment":"scroll","background-type":"","background-media":"","overlay-type":"","overlay-color":"","overlay-opacity":"","overlay-gradient":""},"mobile":{"background-color":"","background-image":"","background-repeat":"repeat","background-position":"center center","background-size":"auto","background-attachment":"scroll","background-type":"","background-media":"","overlay-type":"","overlay-color":"","overlay-opacity":"","overlay-gradient":""}},"ast-content-background-meta":{"desktop":{"background-color":"var(--ast-global-color-5)","background-image":"","background-repeat":"repeat","background-position":"center center","background-size":"auto","background-attachment":"scroll","background-type":"","background-media":"","overlay-type":"","overlay-color":"","overlay-opacity":"","overlay-gradient":""},"tablet":{"background-color":"var(--ast-global-color-5)","background-image":"","background-repeat":"repeat","background-position":"center center","background-size":"auto","background-attachment":"scroll","background-type":"","background-media":"","overlay-type":"","overlay-color":"","overlay-opacity":"","overlay-gradient":""},"mobile":{"background-color":"var(--ast-global-color-5)","background-image":"","background-repeat":"repeat","background-position":"center center","background-size":"auto","background-attachment":"scroll","background-type":"","background-media":"","overlay-type":"","overlay-color":"","overlay-opacity":"","overlay-gradient":""}},"footnotes":""},"categories":[4],"tags":[102,154],"class_list":["post-18939","post","type-post","status-publish","format-standard","has-post-thumbnail","hentry","category-noticias","tag-infonavit","tag-sedatu"],"_links":{"self":[{"href":"https:\/\/hombresymujeresdelacasa.com\/home\/wp-json\/wp\/v2\/posts\/18939","targetHints":{"allow":["GET"]}}],"collection":[{"href":"https:\/\/hombresymujeresdelacasa.com\/home\/wp-json\/wp\/v2\/posts"}],"about":[{"href":"https:\/\/hombresymujeresdelacasa.com\/home\/wp-json\/wp\/v2\/types\/post"}],"author":[{"embeddable":true,"href":"https:\/\/hombresymujeresdelacasa.com\/home\/wp-json\/wp\/v2\/users\/1"}],"replies":[{"embeddable":true,"href":"https:\/\/hombresymujeresdelacasa.com\/home\/wp-json\/wp\/v2\/comments?post=18939"}],"version-history":[{"count":1,"href":"https:\/\/hombresymujeresdelacasa.com\/home\/wp-json\/wp\/v2\/posts\/18939\/revisions"}],"predecessor-version":[{"id":18941,"href":"https:\/\/hombresymujeresdelacasa.com\/home\/wp-json\/wp\/v2\/posts\/18939\/revisions\/18941"}],"wp:featuredmedia":[{"embeddable":true,"href":"https:\/\/hombresymujeresdelacasa.com\/home\/wp-json\/wp\/v2\/media\/18940"}],"wp:attachment":[{"href":"https:\/\/hombresymujeresdelacasa.com\/home\/wp-json\/wp\/v2\/media?parent=18939"}],"wp:term":[{"taxonomy":"category","embeddable":true,"href":"https:\/\/hombresymujeresdelacasa.com\/home\/wp-json\/wp\/v2\/categories?post=18939"},{"taxonomy":"post_tag","embeddable":true,"href":"https:\/\/hombresymujeresdelacasa.com\/home\/wp-json\/wp\/v2\/tags?post=18939"}],"curies":[{"name":"wp","href":"https:\/\/api.w.org\/{rel}","templated":true}]}}