{"id":18927,"date":"2025-12-01T13:32:10","date_gmt":"2025-12-01T19:32:10","guid":{"rendered":"https:\/\/hombresymujeresdelacasa.com\/home\/?p=18927"},"modified":"2025-12-01T13:32:18","modified_gmt":"2025-12-01T19:32:18","slug":"fundacion-hogares-15-anos-recuperando-comunidades-afectadas-por-abandono-urbano","status":"publish","type":"post","link":"https:\/\/hombresymujeresdelacasa.com\/home\/fundacion-hogares-15-anos-recuperando-comunidades-afectadas-por-abandono-urbano\/","title":{"rendered":"Fundaci\u00f3n Hogares: 15 a\u00f1os recuperando comunidades afectadas por abandono urbano"},"content":{"rendered":"\n<p>Redacci\u00f3n <\/p>\n\n\n\n<p><em>Fundaci\u00f3n Hogares trabaja en zonas donde el d\u00e9ficit habitacional deriv\u00f3 en rezago social y entornos deteriorados, impulsando la regeneraci\u00f3n comunidades<\/em><\/p>\n\n\n\n<p>En M\u00e9xico, la expansi\u00f3n de vivienda social durante las primeras d\u00e9cadas del siglo XXI redujo el rezago habitacional, pero tambi\u00e9n gener\u00f3 un nuevo desaf\u00edo: millones de familias se establecieron en&nbsp;<strong>desarrollos aislados, sin servicios p\u00fablicos, infraestructura b\u00e1sica o empleo<\/strong>&nbsp;cercano.<\/p>\n\n\n\n<p>Con el paso del tiempo, estas zonas enfrentaron abandono, inseguridad y una ruptura en la vida comunitaria. En este contexto naci\u00f3&nbsp;<strong>Fundaci\u00f3n Hogares<\/strong>&nbsp;en 2010, con la&nbsp;<strong>misi\u00f3n de fortalecer el tejido social<\/strong>&nbsp;desde el espacio p\u00fablico y la organizaci\u00f3n vecinal.<\/p>\n\n\n\n<p>Durante estos 15 a\u00f1os,&nbsp;<strong>la Fundaci\u00f3n ha acompa\u00f1ado a m\u00e1s de 1,000 desarrollos habitacionales que integran 645,000 viviendas en 68 municipios del pa\u00eds<\/strong>. Jes\u00fas G\u00f3mez, presidente del patronato, detall\u00f3 que este trabajo suma una inversi\u00f3n superior a los 1,100 millones de pesos y ha tenido impacto directo en cerca de 2.5 millones de habitantes, gracias tambi\u00e9n a una participaci\u00f3n comunitaria que rebasa 1.7 millones de horas.<\/p>\n\n\n\n<p>\u201cLa expansi\u00f3n de la vivienda no vino acompa\u00f1ada de servicios p\u00fablicos, empleo ni conectividad. Eso deterior\u00f3 la calidad de vida y gener\u00f3 abandono en muchas comunidades. Ah\u00ed es donde decidimos intervenir: en los lugares donde todav\u00eda viven millones de mexicanos y crecen millones de ni\u00f1as y ni\u00f1os que son el futuro de este pa\u00eds\u201d, se\u00f1al\u00f3 G\u00f3mez durante la conmemoraci\u00f3n del 15 aniversario de la Fundaci\u00f3n, realizada en la Ciudad de M\u00e9xico.<\/p>\n\n\n\n<h2 class=\"wp-block-heading\">Impulsando la reconstrucci\u00f3n social<\/h2>\n\n\n\n<p>En cada comunidad, Fundaci\u00f3n Hogares inicia su labor con un diagn\u00f3stico para identificar prioridades y, junto con los habitantes,&nbsp;<strong>dise\u00f1a intervenciones que transforman el espacio p\u00fablico<\/strong>. A partir de este proceso se impulsan acciones como la rehabilitaci\u00f3n de parques, la instalaci\u00f3n de huertos urbanos, la creaci\u00f3n de murales comunitarios o la operaci\u00f3n de comedores vecinales.<\/p>\n\n\n\n<p>En los \u00faltimos a\u00f1os,&nbsp;<strong>integraron componentes de sostenibilidad ambiental y resiliencia,<\/strong>&nbsp;especialmente en localidades que enfrentaron emergencias, como Jojutla tras el sismo de 2017 o Acapulco luego del hurac\u00e1n Otis.<\/p>\n\n\n\n<p>Para Madeleine Cort\u00e9s, directora general de Fundaci\u00f3n Hogares, el fortalecimiento comunitario se sostiene en la participaci\u00f3n y en la conciencia colectiva.<\/p>\n\n\n\n<blockquote class=\"wp-block-quote is-layout-flow wp-block-quote-is-layout-flow\">\n<p>\u201cTrabajamos en el espacio p\u00fablico, pero sobre todo en la conciencia y en la fortaleza de la comunidad. Quien tiene mayores oportunidades en la vida, tiene mayores responsabilidades frente a su sociedad\u201d, se\u00f1al\u00f3.<\/p>\n<\/blockquote>\n\n\n\n<h2 class=\"wp-block-heading\">Fundaci\u00f3n Hogares cumple 15 a\u00f1os<\/h2>\n\n\n\n<p>Para festejar sus 15 a\u00f1os de operaci\u00f3n Fundaci\u00f3n Hogares mont\u00f3 la&nbsp;<strong>experiencia inmersiva&nbsp;<a href=\"https:\/\/centrourbano.com\/revista\/urbanismo\/fundacion-hogares-recuperacion-comunidades\/\" target=\"_blank\" rel=\"noreferrer noopener nofollow\">Latidos del Territorio<\/a><\/strong>, con el objetivo de&nbsp;<strong>\u201csentir los latidos de las comunidades urbanas\u201d.&nbsp;<\/strong>A trav\u00e9s de cuatro salas, la exposici\u00f3n busca&nbsp;<strong>visibilizar las problem\u00e1ticas urbanas y mostrar el poder del cambio en las comunidades<\/strong>, creadas a partir de testimonios.<\/p>\n\n\n\n<p>Las salas fueron: De la inmensidad a la invisibilidad, Mi casa es tu casa, Habitar lo desolado y Un latido que renace. Adem\u00e1s, se proyect\u00f3 el cortometraje Latidos de territorio, construido a partir de testimonios de vecinas de comunidades donde la Fundaci\u00f3n ha trabajado.<\/p>\n\n\n\n<p>La conmemoraci\u00f3n reuni\u00f3 a aliados, empresas y organizaciones de la sociedad civil en un momento estrat\u00e9gico para la Fundaci\u00f3n, que&nbsp;<strong>busca fortalecer su red de colaboraci\u00f3n y consolidar un modelo de financiamiento sostenible<\/strong>&nbsp;con el fin de continuar y ampliar su alcance.<\/p>\n\n\n\n<p>En territorios donde el abandono se convirti\u00f3 en una realidad cotidiana, la labor de Fundaci\u00f3n Hogares se ha centrado en acompa\u00f1ar a las comunidades para recuperar sus espacios, fortalecer sus v\u00ednculos y abrir oportunidades para millones de familias que a\u00fan habitan estos desarrollos.<\/p>\n","protected":false},"excerpt":{"rendered":"<p>Redacci\u00f3n Fundaci\u00f3n Hogares trabaja en zonas donde el d\u00e9ficit habitacional deriv\u00f3 en rezago social y entornos deteriorados, impulsando la regeneraci\u00f3n comunidades En M\u00e9xico, la expansi\u00f3n de vivienda social durante las primeras d\u00e9cadas del siglo XXI redujo el rezago habitacional, pero tambi\u00e9n gener\u00f3 un nuevo desaf\u00edo: millones de familias se establecieron en&nbsp;desarrollos aislados, sin servicios p\u00fablicos, [&hellip;]<\/p>\n","protected":false},"author":1,"featured_media":18928,"comment_status":"open","ping_status":"closed","sticky":false,"template":"","format":"standard","meta":{"site-sidebar-layout":"default","site-content-layout":"","ast-site-content-layout":"default","site-content-style":"default","site-sidebar-style":"default","ast-global-header-display":"","ast-banner-title-visibility":"","ast-main-header-display":"","ast-hfb-above-header-display":"","ast-hfb-below-header-display":"","ast-hfb-mobile-header-display":"","site-post-title":"","ast-breadcrumbs-content":"","ast-featured-img":"","footer-sml-layout":"","ast-disable-related-posts":"","theme-transparent-header-meta":"","adv-header-id-meta":"","stick-header-meta":"","header-above-stick-meta":"","header-main-stick-meta":"","header-below-stick-meta":"","astra-migrate-meta-layouts":"set","ast-page-background-enabled":"default","ast-page-background-meta":{"desktop":{"background-color":"var(--ast-global-color-4)","background-image":"","background-repeat":"repeat","background-position":"center center","background-size":"auto","background-attachment":"scroll","background-type":"","background-media":"","overlay-type":"","overlay-color":"","overlay-opacity":"","overlay-gradient":""},"tablet":{"background-color":"","background-image":"","background-repeat":"repeat","background-position":"center center","background-size":"auto","background-attachment":"scroll","background-type":"","background-media":"","overlay-type":"","overlay-color":"","overlay-opacity":"","overlay-gradient":""},"mobile":{"background-color":"","background-image":"","background-repeat":"repeat","background-position":"center center","background-size":"auto","background-attachment":"scroll","background-type":"","background-media":"","overlay-type":"","overlay-color":"","overlay-opacity":"","overlay-gradient":""}},"ast-content-background-meta":{"desktop":{"background-color":"var(--ast-global-color-5)","background-image":"","background-repeat":"repeat","background-position":"center center","background-size":"auto","background-attachment":"scroll","background-type":"","background-media":"","overlay-type":"","overlay-color":"","overlay-opacity":"","overlay-gradient":""},"tablet":{"background-color":"var(--ast-global-color-5)","background-image":"","background-repeat":"repeat","background-position":"center center","background-size":"auto","background-attachment":"scroll","background-type":"","background-media":"","overlay-type":"","overlay-color":"","overlay-opacity":"","overlay-gradient":""},"mobile":{"background-color":"var(--ast-global-color-5)","background-image":"","background-repeat":"repeat","background-position":"center center","background-size":"auto","background-attachment":"scroll","background-type":"","background-media":"","overlay-type":"","overlay-color":"","overlay-opacity":"","overlay-gradient":""}},"footnotes":""},"categories":[4],"tags":[304,386,177],"class_list":["post-18927","post","type-post","status-publish","format-standard","has-post-thumbnail","hentry","category-noticias","tag-desarrollo-urbano","tag-fundacion-hogares","tag-vivienda"],"_links":{"self":[{"href":"https:\/\/hombresymujeresdelacasa.com\/home\/wp-json\/wp\/v2\/posts\/18927","targetHints":{"allow":["GET"]}}],"collection":[{"href":"https:\/\/hombresymujeresdelacasa.com\/home\/wp-json\/wp\/v2\/posts"}],"about":[{"href":"https:\/\/hombresymujeresdelacasa.com\/home\/wp-json\/wp\/v2\/types\/post"}],"author":[{"embeddable":true,"href":"https:\/\/hombresymujeresdelacasa.com\/home\/wp-json\/wp\/v2\/users\/1"}],"replies":[{"embeddable":true,"href":"https:\/\/hombresymujeresdelacasa.com\/home\/wp-json\/wp\/v2\/comments?post=18927"}],"version-history":[{"count":1,"href":"https:\/\/hombresymujeresdelacasa.com\/home\/wp-json\/wp\/v2\/posts\/18927\/revisions"}],"predecessor-version":[{"id":18929,"href":"https:\/\/hombresymujeresdelacasa.com\/home\/wp-json\/wp\/v2\/posts\/18927\/revisions\/18929"}],"wp:featuredmedia":[{"embeddable":true,"href":"https:\/\/hombresymujeresdelacasa.com\/home\/wp-json\/wp\/v2\/media\/18928"}],"wp:attachment":[{"href":"https:\/\/hombresymujeresdelacasa.com\/home\/wp-json\/wp\/v2\/media?parent=18927"}],"wp:term":[{"taxonomy":"category","embeddable":true,"href":"https:\/\/hombresymujeresdelacasa.com\/home\/wp-json\/wp\/v2\/categories?post=18927"},{"taxonomy":"post_tag","embeddable":true,"href":"https:\/\/hombresymujeresdelacasa.com\/home\/wp-json\/wp\/v2\/tags?post=18927"}],"curies":[{"name":"wp","href":"https:\/\/api.w.org\/{rel}","templated":true}]}}