{"id":18920,"date":"2025-11-28T18:34:32","date_gmt":"2025-11-29T00:34:32","guid":{"rendered":"https:\/\/hombresymujeresdelacasa.com\/home\/?p=18920"},"modified":"2025-11-28T18:34:39","modified_gmt":"2025-11-29T00:34:39","slug":"gobierno-supera-meta-2025-con-mas-de-222000-escrituras-entregadas","status":"publish","type":"post","link":"https:\/\/hombresymujeresdelacasa.com\/home\/gobierno-supera-meta-2025-con-mas-de-222000-escrituras-entregadas\/","title":{"rendered":"Gobierno supera meta 2025 con m\u00e1s de 222,000 escrituras entregadas"},"content":{"rendered":"\n<p>Redacci\u00f3n <\/p>\n\n\n\n<p><em>El objetivo para este 2025 era entregar 120,000 escrituras, lo que significa que se alcanz\u00f3 un 185% de la meta anual<\/em><\/p>\n\n\n\n<p>La&nbsp;<strong>Secretar\u00eda de Desarrollo Agrario, Territorial y Urbano<\/strong>&nbsp;(<strong>Sedatu<\/strong>) inform\u00f3 que, junto con el&nbsp;<strong>Instituto Nacional del Suelo Sustentable<\/strong>&nbsp;(<strong>Insus<\/strong>), el&nbsp;<strong>Instituto del Fondo Nacional de la Vivienda para los Trabajadores<\/strong>&nbsp;(<strong>Infonavit<\/strong>) y el&nbsp;<strong>Fondo de la Vivienda del ISSSTE<\/strong>&nbsp;(<strong>Fovissste<\/strong>), a la fecha han entregado m\u00e1s de 222,000 escrituras como parte del&nbsp;<strong>Programa de Vivienda para el Bienestar<\/strong>&nbsp;(<strong>PVB<\/strong>).<\/p>\n\n\n\n<p>Cabe recordar que el objetivo original para este 2025 era la entrega de 120,000 escrituras, lo que significa que con este resultado se alcanz\u00f3 un 185% de la meta anual.<\/p>\n\n\n\n<p>\u201cPero lo m\u00e1s importante es la tranquilidad y certeza patrimonial para las familias, y el fortalecimiento del sentido de pertenencia hacia sus comunidades\u201d, afirm\u00f3&nbsp;<strong>Edna Vega Rangel, titular de la Sedatu<\/strong>.<\/p>\n\n\n\n<p>Asimismo, la funcionaria detall\u00f3 que las 222,000 escrituras entregadas corresponden a:<\/p>\n\n\n\n<ul class=\"wp-block-list\">\n<li>21,391 escrituras por parte del\u00a0<strong>Insus<\/strong><\/li>\n\n\n\n<li>159,500 por\u00a0<strong>Infonavit<\/strong><\/li>\n\n\n\n<li>41,305 por\u00a0<strong>Fovissste<\/strong><\/li>\n<\/ul>\n\n\n\n<p>De igual manera,&nbsp;<strong>Vega Rangel<\/strong>&nbsp;destac\u00f3 que la entrega masiva de escrituras no representa solo un tr\u00e1mite administrativo, sino un acto de&nbsp;<strong>certeza jur\u00eddica<\/strong>&nbsp;y&nbsp;<strong>estabilidad<\/strong>&nbsp;para muchas familias: les da claridad sobre la propiedad, facilita el acceso a servicios financieros, y fortalece el sentido de pertenencia a sus comunidades.<\/p>\n\n\n\n<h2 class=\"wp-block-heading\"><strong>\u00bfC\u00f3mo obtener las escrituras de una vivienda?<\/strong><\/h2>\n\n\n\n<p>Los pasos para regularizar una vivienda mediante el&nbsp;<strong>Insus<\/strong>&nbsp;son los siguientes:<\/p>\n\n\n\n<ul class=\"wp-block-list\">\n<li>Acudir las oficinas de representaci\u00f3n de cada entidad<\/li>\n\n\n\n<li>Entregar una solicitud de regularizaci\u00f3n, un croquis de tu propiedad indicando si es ejidal, privada o federal<\/li>\n<\/ul>\n\n\n\n<p>Posteriormente el Instituto verificar\u00e1 si existe el asentamiento, integrar\u00e1 los documentos que acrediten la propiedad, solicitar\u00e1 al municipio la constancia de uso de suelo y dictamen de no riesgo, y por \u00faltimo gestionar\u00e1 la liberaci\u00f3n de la propiedad.<\/p>\n\n\n\n<p>Por otro lado, en el caso del&nbsp;<strong>Infonavit<\/strong>, se dise\u00f1\u00f3 la estrategia de terminar con los cr\u00e9ditos impagables a trav\u00e9s de los programas Paga lo Justo y Soluci\u00f3n Integral para Acreditados.<\/p>\n\n\n\n<p>Y, en cuanto al&nbsp;<strong>Fovissste<\/strong>, mediante el Programa de Justicia Social, se congela, reduce y condona la deuda para que las personas acreditadas cuenten con su patrimonio propio.<\/p>\n","protected":false},"excerpt":{"rendered":"<p>Redacci\u00f3n El objetivo para este 2025 era entregar 120,000 escrituras, lo que significa que se alcanz\u00f3 un 185% de la meta anual La&nbsp;Secretar\u00eda de Desarrollo Agrario, Territorial y Urbano&nbsp;(Sedatu) inform\u00f3 que, junto con el&nbsp;Instituto Nacional del Suelo Sustentable&nbsp;(Insus), el&nbsp;Instituto del Fondo Nacional de la Vivienda para los Trabajadores&nbsp;(Infonavit) y el&nbsp;Fondo de la Vivienda del ISSSTE&nbsp;(Fovissste), [&hellip;]<\/p>\n","protected":false},"author":1,"featured_media":18921,"comment_status":"open","ping_status":"closed","sticky":false,"template":"","format":"standard","meta":{"site-sidebar-layout":"default","site-content-layout":"","ast-site-content-layout":"default","site-content-style":"default","site-sidebar-style":"default","ast-global-header-display":"","ast-banner-title-visibility":"","ast-main-header-display":"","ast-hfb-above-header-display":"","ast-hfb-below-header-display":"","ast-hfb-mobile-header-display":"","site-post-title":"","ast-breadcrumbs-content":"","ast-featured-img":"","footer-sml-layout":"","ast-disable-related-posts":"","theme-transparent-header-meta":"","adv-header-id-meta":"","stick-header-meta":"","header-above-stick-meta":"","header-main-stick-meta":"","header-below-stick-meta":"","astra-migrate-meta-layouts":"set","ast-page-background-enabled":"default","ast-page-background-meta":{"desktop":{"background-color":"var(--ast-global-color-4)","background-image":"","background-repeat":"repeat","background-position":"center center","background-size":"auto","background-attachment":"scroll","background-type":"","background-media":"","overlay-type":"","overlay-color":"","overlay-opacity":"","overlay-gradient":""},"tablet":{"background-color":"","background-image":"","background-repeat":"repeat","background-position":"center center","background-size":"auto","background-attachment":"scroll","background-type":"","background-media":"","overlay-type":"","overlay-color":"","overlay-opacity":"","overlay-gradient":""},"mobile":{"background-color":"","background-image":"","background-repeat":"repeat","background-position":"center center","background-size":"auto","background-attachment":"scroll","background-type":"","background-media":"","overlay-type":"","overlay-color":"","overlay-opacity":"","overlay-gradient":""}},"ast-content-background-meta":{"desktop":{"background-color":"var(--ast-global-color-5)","background-image":"","background-repeat":"repeat","background-position":"center center","background-size":"auto","background-attachment":"scroll","background-type":"","background-media":"","overlay-type":"","overlay-color":"","overlay-opacity":"","overlay-gradient":""},"tablet":{"background-color":"var(--ast-global-color-5)","background-image":"","background-repeat":"repeat","background-position":"center center","background-size":"auto","background-attachment":"scroll","background-type":"","background-media":"","overlay-type":"","overlay-color":"","overlay-opacity":"","overlay-gradient":""},"mobile":{"background-color":"var(--ast-global-color-5)","background-image":"","background-repeat":"repeat","background-position":"center center","background-size":"auto","background-attachment":"scroll","background-type":"","background-media":"","overlay-type":"","overlay-color":"","overlay-opacity":"","overlay-gradient":""}},"footnotes":""},"categories":[4],"tags":[86,102,154,177],"class_list":["post-18920","post","type-post","status-publish","format-standard","has-post-thumbnail","hentry","category-noticias","tag-fovissste","tag-infonavit","tag-sedatu","tag-vivienda"],"_links":{"self":[{"href":"https:\/\/hombresymujeresdelacasa.com\/home\/wp-json\/wp\/v2\/posts\/18920","targetHints":{"allow":["GET"]}}],"collection":[{"href":"https:\/\/hombresymujeresdelacasa.com\/home\/wp-json\/wp\/v2\/posts"}],"about":[{"href":"https:\/\/hombresymujeresdelacasa.com\/home\/wp-json\/wp\/v2\/types\/post"}],"author":[{"embeddable":true,"href":"https:\/\/hombresymujeresdelacasa.com\/home\/wp-json\/wp\/v2\/users\/1"}],"replies":[{"embeddable":true,"href":"https:\/\/hombresymujeresdelacasa.com\/home\/wp-json\/wp\/v2\/comments?post=18920"}],"version-history":[{"count":1,"href":"https:\/\/hombresymujeresdelacasa.com\/home\/wp-json\/wp\/v2\/posts\/18920\/revisions"}],"predecessor-version":[{"id":18922,"href":"https:\/\/hombresymujeresdelacasa.com\/home\/wp-json\/wp\/v2\/posts\/18920\/revisions\/18922"}],"wp:featuredmedia":[{"embeddable":true,"href":"https:\/\/hombresymujeresdelacasa.com\/home\/wp-json\/wp\/v2\/media\/18921"}],"wp:attachment":[{"href":"https:\/\/hombresymujeresdelacasa.com\/home\/wp-json\/wp\/v2\/media?parent=18920"}],"wp:term":[{"taxonomy":"category","embeddable":true,"href":"https:\/\/hombresymujeresdelacasa.com\/home\/wp-json\/wp\/v2\/categories?post=18920"},{"taxonomy":"post_tag","embeddable":true,"href":"https:\/\/hombresymujeresdelacasa.com\/home\/wp-json\/wp\/v2\/tags?post=18920"}],"curies":[{"name":"wp","href":"https:\/\/api.w.org\/{rel}","templated":true}]}}