{"id":18891,"date":"2025-11-25T18:06:29","date_gmt":"2025-11-26T00:06:29","guid":{"rendered":"https:\/\/hombresymujeresdelacasa.com\/home\/?p=18891"},"modified":"2025-11-25T18:06:33","modified_gmt":"2025-11-26T00:06:33","slug":"edna-vega-gana-el-premio-hym-2025-en-la-categoria-sector-publico","status":"publish","type":"post","link":"https:\/\/hombresymujeresdelacasa.com\/home\/edna-vega-gana-el-premio-hym-2025-en-la-categoria-sector-publico\/","title":{"rendered":"Edna Vega gana el Premio HyM 2025 en la categor\u00eda Sector P\u00fablico"},"content":{"rendered":"\n<p>Por: Fernanda Hern\u00e1ndez<\/p>\n\n\n\n<p><em>\u201cLa vivienda no es ladrillo, no son las paredes y el techo. Tiene que convertirse en un derecho humano\u201d, dijo Vega Rangel<\/em><\/p>\n\n\n\n<p>La noche de este lunes 24 de noviembre se llev\u00f3 a cabo la XXIV entrega del&nbsp;<strong>Premio Hombres y Mujeres de la Casa<\/strong>&nbsp;(<strong>Premio HyM<\/strong>), galard\u00f3n que reconoce a las personalidades m\u00e1s destacadas de la industria de la vivienda.<\/p>\n\n\n\n<p>En esta edici\u00f3n, el Consejo Editorial de Centro Urbano eligi\u00f3 a&nbsp;<strong>Edna Elena Vega Rangel, titular de la Secretar\u00eda de Desarrollo Agrario, Territorial y Urbano (Sedatu<\/strong>), como ganadora de la categor\u00eda&nbsp;<strong>Sector P\u00fablico<\/strong>, gracias a su trayectoria, visi\u00f3n humanista y contribuci\u00f3n al desarrollo urbano y habitacional del pa\u00eds.<\/p>\n\n\n\n<p>El encargado de presentar el galard\u00f3n fue&nbsp;<strong>Enrique Vainer Girs, director general de Grupo Sadasi<\/strong>, quien subray\u00f3 la&nbsp;<strong>integridad<\/strong>&nbsp;y&nbsp;<strong>profesionalismo<\/strong>&nbsp;de Vega, a quien describi\u00f3 como \u201cuna mujer preparada, dispuesta a escuchar, respetuosa y con quien es posible hablar de cualquier tema y encontrar coincidencias\u201d.<\/p>\n\n\n\n<p>Record\u00f3, adem\u00e1s, una an\u00e9cdota profesional que \u2015dijo\u2015 refleja su&nbsp;<strong>\u00e9tica<\/strong>&nbsp;y&nbsp;<strong>confiabilidad<\/strong>: \u201cLa palabra de Edna fue suficiente y todo el proceso lleg\u00f3 a feliz t\u00e9rmino\u201d.<\/p>\n\n\n\n<p>Asimismo,&nbsp;<strong>Vainer<\/strong>&nbsp;repas\u00f3 la trayectoria de la funcionaria, desde su formaci\u00f3n en sociolog\u00eda y planeaci\u00f3n urbana, hasta su participaci\u00f3n en m\u00faltiples cargos p\u00fablicos en la Ciudad de M\u00e9xico y su liderazgo en la Comisi\u00f3n Nacional de Vivienda (Conavi) de 2018 a 2022.<\/p>\n\n\n\n<p>Y, de igual manera, destac\u00f3 su&nbsp;<strong>mirada social<\/strong>: \u201cQu\u00e9 mejor que una soci\u00f3loga en nuestro sector, donde muchas veces se pierde de vista lo humano\u2026 Edna tiene la virtud de poner a la persona y la sociedad al centro de su actuar\u201d.<\/p>\n\n\n\n<h2 class=\"wp-block-heading\"><strong>Un reconocimiento colectivo al sector vivienda<\/strong><\/h2>\n\n\n\n<p>Al recibir el premio,&nbsp;<strong>Vega Rangel<\/strong>&nbsp;agradeci\u00f3 al sector y recalc\u00f3 que no lo asum\u00eda como un logro personal, sino como un reconocimiento al trabajo de los equipos que integran los organismos nacionales de vivienda.<\/p>\n\n\n\n<p>\u201cPara m\u00ed es un reconocimiento al trabajo de un gran equipo,\u201d afirm\u00f3. \u201cEste premio es del sector p\u00fablico.\u201d Mencion\u00f3 especialmente a las instituciones que participan en el&nbsp;<strong>Programa de Vivienda para el Bienestar<\/strong>&nbsp;(<strong>PVB<\/strong>), como el Instituto del Fondo Nacional de la Vivienda para los Trabajadores (Infonavit), el Fondo de la Vivienda del ISSSTE (Fovissste), Conavi, Sociedad Hipotecaria Federal y la propia Sedatu, entre otras.<\/p>\n\n\n\n<p>Tambi\u00e9n dedic\u00f3 un emotivo mensaje al fallecido&nbsp;<strong>arquitecto David Cervantes<\/strong>, a quien consider\u00f3 una figura fundamental en su formaci\u00f3n profesional y social. \u201cEl que yo est\u00e9 hoy aqu\u00ed se lo debo a \u00e9l\u2026 le dedico este premio\u201d, expres\u00f3.<\/p>\n\n\n\n<h2 class=\"wp-block-heading\"><strong>Una visi\u00f3n centrada en las personas<\/strong><\/h2>\n\n\n\n<p>En su intervenci\u00f3n,&nbsp;<strong>Vega<\/strong>&nbsp;reiter\u00f3 la convicci\u00f3n que ha guiado su trabajo: la&nbsp;<strong>vivienda como un derecho humano<\/strong>, y, en ese sentido, record\u00f3 una frase de Cervantes que ha marcado su visi\u00f3n: \u201cSi estuvi\u00e9ramos hablando en medicina, el paciente no es la casa, son las personas\u201d.<\/p>\n\n\n\n<p>Desde esta perspectiva, enfatiz\u00f3 los desaf\u00edos y avances del&nbsp;<strong>PVB<\/strong>, cuyo objetivo es edificar 1.8 millones de viviendas nuevas, adem\u00e1s de regularizar m\u00e1s de 1 mill\u00f3n de t\u00edtulos de propiedad.<\/p>\n\n\n\n<p>La funcionaria reconoci\u00f3 que se trata de una meta ambiciosa, pero subray\u00f3 que su enfoque est\u00e1 en llegar a quienes ganan uno o dos salarios m\u00ednimos y antes no ten\u00edan posibilidad de acceder a cr\u00e9dito.<\/p>\n\n\n\n<p>\u201cLa vivienda no es ladrillo, no son las paredes y el techo. Tiene que convertirse en un&nbsp;<strong>derecho humano<\/strong>\u2026 y la responsabilidad del Estado mexicano es garantizar ese derecho\u201d, afirm\u00f3.<\/p>\n\n\n\n<h2 class=\"wp-block-heading\"><strong>Compromiso hacia el futuro<\/strong><\/h2>\n\n\n\n<p>Finalmente, la titular de la&nbsp;<strong>Sedatu<\/strong>&nbsp;expres\u00f3 que este reconocimiento implica tambi\u00e9n un compromiso renovado con el pa\u00eds:<\/p>\n\n\n\n<p>\u201cEl premio\u00a0<strong>Hombres y Mujeres de la Casa<\/strong>\u00a0no s\u00f3lo es un reconocimiento; es un compromiso, y lo asumo junto con mis compa\u00f1eras y compa\u00f1eros por el bien del pa\u00eds y por la prosperidad compartida\u201d, concluy\u00f3.<a href=\"https:\/\/centrourbano.com\/revista\/wp-content\/uploads\/Captura-de-pantalla-2025-11-25-a-las-12.54.48.png\" target=\"_blank\" rel=\"noreferrer noopener nofollow\"><\/a><\/p>\n\n\n\n<figure class=\"wp-block-image aligncenter size-full is-resized\"><img fetchpriority=\"high\" decoding=\"async\" width=\"768\" height=\"512\" src=\"https:\/\/hombresymujeresdelacasa.com\/home\/wp-content\/uploads\/2025\/11\/image-1.png\" alt=\"\" class=\"wp-image-18892\" style=\"width:651px;height:auto\" srcset=\"https:\/\/hombresymujeresdelacasa.com\/home\/wp-content\/uploads\/2025\/11\/image-1.png 768w, https:\/\/hombresymujeresdelacasa.com\/home\/wp-content\/uploads\/2025\/11\/image-1-300x200.png 300w\" sizes=\"(max-width: 768px) 100vw, 768px\" \/><\/figure>\n\n\n\n<p> <a href=\"https:\/\/centrourbano.com\/revista\/author\/fernanda-hernandez\/\" rel=\"nofollow noopener\" target=\"_blank\"><\/a><\/p>\n","protected":false},"excerpt":{"rendered":"<p>Por: Fernanda Hern\u00e1ndez \u201cLa vivienda no es ladrillo, no son las paredes y el techo. Tiene que convertirse en un derecho humano\u201d, dijo Vega Rangel La noche de este lunes 24 de noviembre se llev\u00f3 a cabo la XXIV entrega del&nbsp;Premio Hombres y Mujeres de la Casa&nbsp;(Premio HyM), galard\u00f3n que reconoce a las personalidades m\u00e1s [&hellip;]<\/p>\n","protected":false},"author":1,"featured_media":18893,"comment_status":"open","ping_status":"closed","sticky":false,"template":"","format":"standard","meta":{"site-sidebar-layout":"default","site-content-layout":"","ast-site-content-layout":"default","site-content-style":"default","site-sidebar-style":"default","ast-global-header-display":"","ast-banner-title-visibility":"","ast-main-header-display":"","ast-hfb-above-header-display":"","ast-hfb-below-header-display":"","ast-hfb-mobile-header-display":"","site-post-title":"","ast-breadcrumbs-content":"","ast-featured-img":"","footer-sml-layout":"","ast-disable-related-posts":"","theme-transparent-header-meta":"","adv-header-id-meta":"","stick-header-meta":"","header-above-stick-meta":"","header-main-stick-meta":"","header-below-stick-meta":"","astra-migrate-meta-layouts":"set","ast-page-background-enabled":"default","ast-page-background-meta":{"desktop":{"background-color":"var(--ast-global-color-4)","background-image":"","background-repeat":"repeat","background-position":"center center","background-size":"auto","background-attachment":"scroll","background-type":"","background-media":"","overlay-type":"","overlay-color":"","overlay-opacity":"","overlay-gradient":""},"tablet":{"background-color":"","background-image":"","background-repeat":"repeat","background-position":"center center","background-size":"auto","background-attachment":"scroll","background-type":"","background-media":"","overlay-type":"","overlay-color":"","overlay-opacity":"","overlay-gradient":""},"mobile":{"background-color":"","background-image":"","background-repeat":"repeat","background-position":"center center","background-size":"auto","background-attachment":"scroll","background-type":"","background-media":"","overlay-type":"","overlay-color":"","overlay-opacity":"","overlay-gradient":""}},"ast-content-background-meta":{"desktop":{"background-color":"var(--ast-global-color-5)","background-image":"","background-repeat":"repeat","background-position":"center center","background-size":"auto","background-attachment":"scroll","background-type":"","background-media":"","overlay-type":"","overlay-color":"","overlay-opacity":"","overlay-gradient":""},"tablet":{"background-color":"var(--ast-global-color-5)","background-image":"","background-repeat":"repeat","background-position":"center center","background-size":"auto","background-attachment":"scroll","background-type":"","background-media":"","overlay-type":"","overlay-color":"","overlay-opacity":"","overlay-gradient":""},"mobile":{"background-color":"var(--ast-global-color-5)","background-image":"","background-repeat":"repeat","background-position":"center center","background-size":"auto","background-attachment":"scroll","background-type":"","background-media":"","overlay-type":"","overlay-color":"","overlay-opacity":"","overlay-gradient":""}},"footnotes":""},"categories":[4],"tags":[49,154,177],"class_list":["post-18891","post","type-post","status-publish","format-standard","has-post-thumbnail","hentry","category-noticias","tag-conavi","tag-sedatu","tag-vivienda"],"_links":{"self":[{"href":"https:\/\/hombresymujeresdelacasa.com\/home\/wp-json\/wp\/v2\/posts\/18891","targetHints":{"allow":["GET"]}}],"collection":[{"href":"https:\/\/hombresymujeresdelacasa.com\/home\/wp-json\/wp\/v2\/posts"}],"about":[{"href":"https:\/\/hombresymujeresdelacasa.com\/home\/wp-json\/wp\/v2\/types\/post"}],"author":[{"embeddable":true,"href":"https:\/\/hombresymujeresdelacasa.com\/home\/wp-json\/wp\/v2\/users\/1"}],"replies":[{"embeddable":true,"href":"https:\/\/hombresymujeresdelacasa.com\/home\/wp-json\/wp\/v2\/comments?post=18891"}],"version-history":[{"count":1,"href":"https:\/\/hombresymujeresdelacasa.com\/home\/wp-json\/wp\/v2\/posts\/18891\/revisions"}],"predecessor-version":[{"id":18894,"href":"https:\/\/hombresymujeresdelacasa.com\/home\/wp-json\/wp\/v2\/posts\/18891\/revisions\/18894"}],"wp:featuredmedia":[{"embeddable":true,"href":"https:\/\/hombresymujeresdelacasa.com\/home\/wp-json\/wp\/v2\/media\/18893"}],"wp:attachment":[{"href":"https:\/\/hombresymujeresdelacasa.com\/home\/wp-json\/wp\/v2\/media?parent=18891"}],"wp:term":[{"taxonomy":"category","embeddable":true,"href":"https:\/\/hombresymujeresdelacasa.com\/home\/wp-json\/wp\/v2\/categories?post=18891"},{"taxonomy":"post_tag","embeddable":true,"href":"https:\/\/hombresymujeresdelacasa.com\/home\/wp-json\/wp\/v2\/tags?post=18891"}],"curies":[{"name":"wp","href":"https:\/\/api.w.org\/{rel}","templated":true}]}}