{"id":18888,"date":"2025-11-25T17:11:27","date_gmt":"2025-11-25T23:11:27","guid":{"rendered":"https:\/\/hombresymujeresdelacasa.com\/home\/?p=18888"},"modified":"2025-11-25T17:11:33","modified_gmt":"2025-11-25T23:11:33","slug":"juan-jose-errejon-alfaro-gana-el-premio-hym-2025-en-la-categoria-sector-privado","status":"publish","type":"post","link":"https:\/\/hombresymujeresdelacasa.com\/home\/juan-jose-errejon-alfaro-gana-el-premio-hym-2025-en-la-categoria-sector-privado\/","title":{"rendered":"Juan Jos\u00e9 Errej\u00f3n Alfaro gana el Premio HyM 2025 en la categor\u00eda Sector Privado"},"content":{"rendered":"\n<p>Por: Rebeca Romero <\/p>\n\n\n\n<p><em>Errej\u00f3n Alfaro se mostr\u00f3 agradecido por compartir el Premio HyM con Edna Vega y Germ\u00e1n Ahumada, dos personalidades destacadas del sector<\/em><\/p>\n\n\n\n<p>La noche de este lunes 24 de noviembre se realiz\u00f3 la XXIV entrega del&nbsp;<a href=\"https:\/\/www.facebook.com\/watch\/live\/?ref=watch_permalink&amp;v=1150798393443498\" target=\"_blank\" rel=\"noreferrer noopener nofollow\"><strong>Premio Hombres y Mujeres de la Casa<\/strong>&nbsp;<\/a>(<strong>Premio HyM<\/strong>), que reconoce a las personalidades m\u00e1s destacadas del sector vivienda.<\/p>\n\n\n\n<p>En esta edici\u00f3n, el Consejo Editorial de Centro Urbano eligi\u00f3 a&nbsp;<strong>Juan Jos\u00e9 Errej\u00f3n Alfaro, director general de Tierra y Armon\u00eda<\/strong>, como ganador en la categor\u00eda&nbsp;<strong>Sector Privado<\/strong>.<\/p>\n\n\n\n<p>El encargado de entregar el galard\u00f3n fue Carlos Errej\u00f3n Alfaro, director de Estrategia y Nuevos Negocios de Tierra y Armon\u00eda, quien record\u00f3 que, desde muy joven, su hermano mostr\u00f3 su&nbsp;<strong>inquietud por emprender, innovar e impulsar a los dem\u00e1s<\/strong>, adem\u00e1s de un inter\u00e9s creciente por el sector vivienda.<\/p>\n\n\n\n<blockquote class=\"wp-block-quote is-layout-flow wp-block-quote-is-layout-flow\">\n<p>\u201cDesde ni\u00f1o se ha destacado: siempre curioso, preguntaba todo, quer\u00eda entender, quer\u00eda aprender. Y adem\u00e1s, era amiguero natural, nuestra casa era una romer\u00eda permanente, y aun en ese caos feliz, un\u00eda a todos, ten\u00eda liderazgo desde chico. Su esp\u00edritu emprendedor lleg\u00f3 pronto\u201d, record\u00f3.<\/p>\n<\/blockquote>\n\n\n\n<p>Por su parte, Juan Jos\u00e9 Errej\u00f3n Alfaro se\u00f1al\u00f3 que el galard\u00f3n no s\u00f3lo reconoce su labor, sino tambi\u00e9n el&nbsp;<strong>esfuerzo de todos los integrantes de Tierra y Armon\u00eda<\/strong>. Adem\u00e1s, reconoci\u00f3 especialmente a la familia Mart\u00ednez, socios de la empresa, quienes han sumado esfuerzos para impulsar cada desarrollo.<\/p>\n\n\n\n<p>Finalmente, el galardonado agradeci\u00f3 al Consejo Editorial de Centro Urbano por considerarlo entre las personalidades destacadas del sector y otorgarle el premio. Tambi\u00e9n dedic\u00f3 el&nbsp;<strong>reconocimiento a su familia, quienes le han brindado apoyo y empuje durante su trayectoria<\/strong>.<\/p>\n\n\n\n<blockquote class=\"wp-block-quote is-layout-flow wp-block-quote-is-layout-flow\">\n<p>\u201cSi tuviera que describir en tres palabras este momento ser\u00edan, sin duda: gratitud, alegr\u00eda y bendecido; bendecido por estar aqu\u00ed, por estar acompa\u00f1ado por mi familia, mis socios, mis compa\u00f1eros de trabajo y mis amigos muy queridos\u201d, coment\u00f3.<\/p>\n<\/blockquote>\n","protected":false},"excerpt":{"rendered":"<p>Por: Rebeca Romero Errej\u00f3n Alfaro se mostr\u00f3 agradecido por compartir el Premio HyM con Edna Vega y Germ\u00e1n Ahumada, dos personalidades destacadas del sector La noche de este lunes 24 de noviembre se realiz\u00f3 la XXIV entrega del&nbsp;Premio Hombres y Mujeres de la Casa&nbsp;(Premio HyM), que reconoce a las personalidades m\u00e1s destacadas del sector vivienda. [&hellip;]<\/p>\n","protected":false},"author":1,"featured_media":18889,"comment_status":"open","ping_status":"closed","sticky":false,"template":"","format":"standard","meta":{"site-sidebar-layout":"default","site-content-layout":"","ast-site-content-layout":"default","site-content-style":"default","site-sidebar-style":"default","ast-global-header-display":"","ast-banner-title-visibility":"","ast-main-header-display":"","ast-hfb-above-header-display":"","ast-hfb-below-header-display":"","ast-hfb-mobile-header-display":"","site-post-title":"","ast-breadcrumbs-content":"","ast-featured-img":"","footer-sml-layout":"","ast-disable-related-posts":"","theme-transparent-header-meta":"","adv-header-id-meta":"","stick-header-meta":"","header-above-stick-meta":"","header-main-stick-meta":"","header-below-stick-meta":"","astra-migrate-meta-layouts":"set","ast-page-background-enabled":"default","ast-page-background-meta":{"desktop":{"background-color":"var(--ast-global-color-4)","background-image":"","background-repeat":"repeat","background-position":"center center","background-size":"auto","background-attachment":"scroll","background-type":"","background-media":"","overlay-type":"","overlay-color":"","overlay-opacity":"","overlay-gradient":""},"tablet":{"background-color":"","background-image":"","background-repeat":"repeat","background-position":"center center","background-size":"auto","background-attachment":"scroll","background-type":"","background-media":"","overlay-type":"","overlay-color":"","overlay-opacity":"","overlay-gradient":""},"mobile":{"background-color":"","background-image":"","background-repeat":"repeat","background-position":"center center","background-size":"auto","background-attachment":"scroll","background-type":"","background-media":"","overlay-type":"","overlay-color":"","overlay-opacity":"","overlay-gradient":""}},"ast-content-background-meta":{"desktop":{"background-color":"var(--ast-global-color-5)","background-image":"","background-repeat":"repeat","background-position":"center center","background-size":"auto","background-attachment":"scroll","background-type":"","background-media":"","overlay-type":"","overlay-color":"","overlay-opacity":"","overlay-gradient":""},"tablet":{"background-color":"var(--ast-global-color-5)","background-image":"","background-repeat":"repeat","background-position":"center center","background-size":"auto","background-attachment":"scroll","background-type":"","background-media":"","overlay-type":"","overlay-color":"","overlay-opacity":"","overlay-gradient":""},"mobile":{"background-color":"var(--ast-global-color-5)","background-image":"","background-repeat":"repeat","background-position":"center center","background-size":"auto","background-attachment":"scroll","background-type":"","background-media":"","overlay-type":"","overlay-color":"","overlay-opacity":"","overlay-gradient":""}},"footnotes":""},"categories":[4],"tags":[4012],"class_list":["post-18888","post","type-post","status-publish","format-standard","has-post-thumbnail","hentry","category-noticias","tag-tierra-y-armonia"],"_links":{"self":[{"href":"https:\/\/hombresymujeresdelacasa.com\/home\/wp-json\/wp\/v2\/posts\/18888","targetHints":{"allow":["GET"]}}],"collection":[{"href":"https:\/\/hombresymujeresdelacasa.com\/home\/wp-json\/wp\/v2\/posts"}],"about":[{"href":"https:\/\/hombresymujeresdelacasa.com\/home\/wp-json\/wp\/v2\/types\/post"}],"author":[{"embeddable":true,"href":"https:\/\/hombresymujeresdelacasa.com\/home\/wp-json\/wp\/v2\/users\/1"}],"replies":[{"embeddable":true,"href":"https:\/\/hombresymujeresdelacasa.com\/home\/wp-json\/wp\/v2\/comments?post=18888"}],"version-history":[{"count":1,"href":"https:\/\/hombresymujeresdelacasa.com\/home\/wp-json\/wp\/v2\/posts\/18888\/revisions"}],"predecessor-version":[{"id":18890,"href":"https:\/\/hombresymujeresdelacasa.com\/home\/wp-json\/wp\/v2\/posts\/18888\/revisions\/18890"}],"wp:featuredmedia":[{"embeddable":true,"href":"https:\/\/hombresymujeresdelacasa.com\/home\/wp-json\/wp\/v2\/media\/18889"}],"wp:attachment":[{"href":"https:\/\/hombresymujeresdelacasa.com\/home\/wp-json\/wp\/v2\/media?parent=18888"}],"wp:term":[{"taxonomy":"category","embeddable":true,"href":"https:\/\/hombresymujeresdelacasa.com\/home\/wp-json\/wp\/v2\/categories?post=18888"},{"taxonomy":"post_tag","embeddable":true,"href":"https:\/\/hombresymujeresdelacasa.com\/home\/wp-json\/wp\/v2\/tags?post=18888"}],"curies":[{"name":"wp","href":"https:\/\/api.w.org\/{rel}","templated":true}]}}