{"id":18881,"date":"2025-11-25T14:45:23","date_gmt":"2025-11-25T20:45:23","guid":{"rendered":"https:\/\/hombresymujeresdelacasa.com\/home\/?p=18881"},"modified":"2025-11-25T14:45:29","modified_gmt":"2025-11-25T20:45:29","slug":"meta-anual-del-pvb-registra-avance-del-90-sedatu","status":"publish","type":"post","link":"https:\/\/hombresymujeresdelacasa.com\/home\/meta-anual-del-pvb-registra-avance-del-90-sedatu\/","title":{"rendered":"Meta anual del PVB registra avance del 90%: Sedatu"},"content":{"rendered":"\n<p>Por: Fernanda Hern\u00e1ndez <\/p>\n\n\n\n<p><em>La titular de la Sedatu destac\u00f3 que, hasta ahora, se ha iniciado la construcci\u00f3n de 345,817 viviendas, lo que representa el 90% de la meta de 2025<\/em><\/p>\n\n\n\n<p>Durante la conferencia matutina de este lunes, las autoridades del sector vivienda presentaron avances del&nbsp;<strong>Programa de Vivienda para el Bienestar (PVB)<\/strong>, uno de los ejes prioritarios de la actual administraci\u00f3n.<\/p>\n\n\n\n<p>En su intervenci\u00f3n,&nbsp;<strong>Edna Vega Rangel, titular de la Secretar\u00eda de Desarrollo Agrario, Territorial y Urbano (Sedatu<\/strong>), inform\u00f3 que se mantiene la ruta para cumplir el objetivo sexenal de 1.8 millones de viviendas.<\/p>\n\n\n\n<p>Asimismo, record\u00f3 que para este 2025 se plante\u00f3 iniciar 386,000 acciones, de las cuales ya se tiene 90% consolidado, con&nbsp;<strong>345,817 viviendas en proceso<\/strong>&nbsp;en m\u00e1s de 390 predios del pa\u00eds.<\/p>\n\n\n\n<p>La funcionaria detall\u00f3 que el 10% restante corresponde principalmente a proyectos del&nbsp;<strong>Instituto del Fondo Nacional de la Vivienda para los Trabajadores<\/strong>&nbsp;(<strong>Infonavit<\/strong>) que se encuentran en etapa de proyecto ejecutivo.<\/p>\n\n\n\n<p>Adem\u00e1s,&nbsp;<strong>Vega<\/strong>&nbsp;adelant\u00f3 que entre noviembre y diciembre se prev\u00e9 la entrega de 6,051 viviendas entre la&nbsp;<strong>Comisi\u00f3n Nacional de Vivienda<\/strong>&nbsp;(<strong>Conavi<\/strong>) y el&nbsp;<strong>Infonavit<\/strong>, con el mayor volumen programado para diciembre.<\/p>\n\n\n\n<h2 class=\"wp-block-heading\"><strong>Conavi registra 86,000 viviendas en proceso<\/strong><\/h2>\n\n\n\n<p>Por su parte,&nbsp;<strong>Rodrigo Ch\u00e1vez Contreras, director general de la Conavi<\/strong>, destac\u00f3 que actualmente se cuenta con 393 predios, equivalentes a 1,640 hect\u00e1reas, donde se proyecta la construcci\u00f3n de&nbsp;<strong>221,047 viviendas<\/strong>.<\/p>\n\n\n\n<p>Adem\u00e1s, indic\u00f3 que, para la meta de este 2025, ya se trabaja sobre 206 predios, donde se construir\u00e1n 86,151 viviendas, distribuidas en distintos estados del pa\u00eds.<\/p>\n\n\n\n<p>Sobre el&nbsp;<strong>avance f\u00edsico<\/strong>, el funcionario explic\u00f3 que:<\/p>\n\n\n\n<ul class=\"wp-block-list\">\n<li>131 predios (52,366 viviendas) ya est\u00e1n contratados y en obra;<\/li>\n\n\n\n<li>62 predios (29,810 viviendas) est\u00e1n contratados y con trabajos preliminares;<\/li>\n\n\n\n<li>13 predios (3,975 viviendas) est\u00e1n por iniciar proceso de contrataci\u00f3n.<\/li>\n<\/ul>\n\n\n\n<p>Por otro lado,&nbsp;<strong>Ch\u00e1vez<\/strong>&nbsp;destac\u00f3 un dato clave del PVB: el&nbsp;<strong>proceso de registro ciudadano<\/strong>, que cerr\u00f3 su tercera etapa con m\u00e1s de 216,000 familias inscritas, de las cuales:<\/p>\n\n\n\n<ul class=\"wp-block-list\">\n<li>78% son mujeres,<\/li>\n\n\n\n<li>22% hombres,<\/li>\n\n\n\n<li>62% personas de mediana edad,<\/li>\n\n\n\n<li>29% j\u00f3venes<\/li>\n\n\n\n<li>9% adultos mayores.<\/li>\n<\/ul>\n\n\n\n<p>El funcionario confirm\u00f3 que del 1 al 18 de diciembre se realizar\u00e1n las&nbsp;<strong>asambleas y sorteos<\/strong>&nbsp;para elegir a las personas beneficiarias, con participaci\u00f3n de la Sedatu, Conavi y las Secretar\u00edas de la Funci\u00f3n P\u00fablica, Bienestar y Gobernaci\u00f3n.<\/p>\n\n\n\n<h2 class=\"wp-block-heading\"><strong>Fovissste alista arranque de 100 mil viviendas del PVB<\/strong><\/h2>\n\n\n\n<p>En tanto,&nbsp;<strong>Jabnely Maldonado, vocal ejecutiva del Fondo de la Vivienda del ISSSTE (Fovissste<\/strong>), destac\u00f3 que ya trabajan para el arranque de 100,000 viviendas, con:<\/p>\n\n\n\n<ul class=\"wp-block-list\">\n<li>M\u00e1s de 30 hect\u00e1reas listas para producir vivienda,<\/li>\n\n\n\n<li>Suelo compartido con\u00a0<strong>Conavi<\/strong>\u00a0e\u00a0<strong>Infonavit<\/strong>\u00a0en estados como Chiapas, San Luis Potos\u00ed y Campeche,<\/li>\n\n\n\n<li>Terrenos listos para las primeras obras en Puebla, Chiapas e Hidalgo.<\/li>\n<\/ul>\n","protected":false},"excerpt":{"rendered":"<p>Por: Fernanda Hern\u00e1ndez La titular de la Sedatu destac\u00f3 que, hasta ahora, se ha iniciado la construcci\u00f3n de 345,817 viviendas, lo que representa el 90% de la meta de 2025 Durante la conferencia matutina de este lunes, las autoridades del sector vivienda presentaron avances del&nbsp;Programa de Vivienda para el Bienestar (PVB), uno de los ejes [&hellip;]<\/p>\n","protected":false},"author":1,"featured_media":18882,"comment_status":"open","ping_status":"closed","sticky":false,"template":"","format":"standard","meta":{"site-sidebar-layout":"default","site-content-layout":"","ast-site-content-layout":"default","site-content-style":"default","site-sidebar-style":"default","ast-global-header-display":"","ast-banner-title-visibility":"","ast-main-header-display":"","ast-hfb-above-header-display":"","ast-hfb-below-header-display":"","ast-hfb-mobile-header-display":"","site-post-title":"","ast-breadcrumbs-content":"","ast-featured-img":"","footer-sml-layout":"","ast-disable-related-posts":"","theme-transparent-header-meta":"","adv-header-id-meta":"","stick-header-meta":"","header-above-stick-meta":"","header-main-stick-meta":"","header-below-stick-meta":"","astra-migrate-meta-layouts":"set","ast-page-background-enabled":"default","ast-page-background-meta":{"desktop":{"background-color":"var(--ast-global-color-4)","background-image":"","background-repeat":"repeat","background-position":"center center","background-size":"auto","background-attachment":"scroll","background-type":"","background-media":"","overlay-type":"","overlay-color":"","overlay-opacity":"","overlay-gradient":""},"tablet":{"background-color":"","background-image":"","background-repeat":"repeat","background-position":"center center","background-size":"auto","background-attachment":"scroll","background-type":"","background-media":"","overlay-type":"","overlay-color":"","overlay-opacity":"","overlay-gradient":""},"mobile":{"background-color":"","background-image":"","background-repeat":"repeat","background-position":"center center","background-size":"auto","background-attachment":"scroll","background-type":"","background-media":"","overlay-type":"","overlay-color":"","overlay-opacity":"","overlay-gradient":""}},"ast-content-background-meta":{"desktop":{"background-color":"var(--ast-global-color-5)","background-image":"","background-repeat":"repeat","background-position":"center center","background-size":"auto","background-attachment":"scroll","background-type":"","background-media":"","overlay-type":"","overlay-color":"","overlay-opacity":"","overlay-gradient":""},"tablet":{"background-color":"var(--ast-global-color-5)","background-image":"","background-repeat":"repeat","background-position":"center center","background-size":"auto","background-attachment":"scroll","background-type":"","background-media":"","overlay-type":"","overlay-color":"","overlay-opacity":"","overlay-gradient":""},"mobile":{"background-color":"var(--ast-global-color-5)","background-image":"","background-repeat":"repeat","background-position":"center center","background-size":"auto","background-attachment":"scroll","background-type":"","background-media":"","overlay-type":"","overlay-color":"","overlay-opacity":"","overlay-gradient":""}},"footnotes":""},"categories":[4],"tags":[49,86,102,154,177],"class_list":["post-18881","post","type-post","status-publish","format-standard","has-post-thumbnail","hentry","category-noticias","tag-conavi","tag-fovissste","tag-infonavit","tag-sedatu","tag-vivienda"],"_links":{"self":[{"href":"https:\/\/hombresymujeresdelacasa.com\/home\/wp-json\/wp\/v2\/posts\/18881","targetHints":{"allow":["GET"]}}],"collection":[{"href":"https:\/\/hombresymujeresdelacasa.com\/home\/wp-json\/wp\/v2\/posts"}],"about":[{"href":"https:\/\/hombresymujeresdelacasa.com\/home\/wp-json\/wp\/v2\/types\/post"}],"author":[{"embeddable":true,"href":"https:\/\/hombresymujeresdelacasa.com\/home\/wp-json\/wp\/v2\/users\/1"}],"replies":[{"embeddable":true,"href":"https:\/\/hombresymujeresdelacasa.com\/home\/wp-json\/wp\/v2\/comments?post=18881"}],"version-history":[{"count":1,"href":"https:\/\/hombresymujeresdelacasa.com\/home\/wp-json\/wp\/v2\/posts\/18881\/revisions"}],"predecessor-version":[{"id":18883,"href":"https:\/\/hombresymujeresdelacasa.com\/home\/wp-json\/wp\/v2\/posts\/18881\/revisions\/18883"}],"wp:featuredmedia":[{"embeddable":true,"href":"https:\/\/hombresymujeresdelacasa.com\/home\/wp-json\/wp\/v2\/media\/18882"}],"wp:attachment":[{"href":"https:\/\/hombresymujeresdelacasa.com\/home\/wp-json\/wp\/v2\/media?parent=18881"}],"wp:term":[{"taxonomy":"category","embeddable":true,"href":"https:\/\/hombresymujeresdelacasa.com\/home\/wp-json\/wp\/v2\/categories?post=18881"},{"taxonomy":"post_tag","embeddable":true,"href":"https:\/\/hombresymujeresdelacasa.com\/home\/wp-json\/wp\/v2\/tags?post=18881"}],"curies":[{"name":"wp","href":"https:\/\/api.w.org\/{rel}","templated":true}]}}