{"id":18878,"date":"2025-11-25T14:04:56","date_gmt":"2025-11-25T20:04:56","guid":{"rendered":"https:\/\/hombresymujeresdelacasa.com\/home\/?p=18878"},"modified":"2025-11-25T14:05:02","modified_gmt":"2025-11-25T20:05:02","slug":"reconocen-la-excelencia-en-la-vivienda-con-el-premio-hym-2025","status":"publish","type":"post","link":"https:\/\/hombresymujeresdelacasa.com\/home\/reconocen-la-excelencia-en-la-vivienda-con-el-premio-hym-2025\/","title":{"rendered":"Reconocen la excelencia en la vivienda con el Premio HyM 2025"},"content":{"rendered":"\n<p>Por: Fernanda Hern\u00e1ndez<\/p>\n\n\n\n<p><em>En esta edici\u00f3n, Juan Jos\u00e9 Errej\u00f3n, Germ\u00e1n Ahumada Russek y Edna Vega Rangel fueron los ganadores del Premio HyM<\/em><\/p>\n\n\n\n<p>La noche de este lunes 24 de noviembre se realiz\u00f3 la&nbsp;<strong>XXIV entrega del Premio Hombres y Mujeres de la Casa (Premio HyM<\/strong>), galard\u00f3n que reconoce a las personalidades m\u00e1s destacadas de la industria de la vivienda.<\/p>\n\n\n\n<p>En esta ocasi\u00f3n, fue el&nbsp;<strong>Polyforum Siqueiros<\/strong>, ubicado en la alcald\u00eda Benito Ju\u00e1rez de la Ciudad de M\u00e9xico, el recinto que, por unas horas, se convirti\u00f3 en \u2018la casa de los que hacen casas\u2019, reuniendo a destacadas personalidades del sector.<\/p>\n\n\n\n<h2 class=\"wp-block-heading\"><strong>La noche de la vivienda mexicana<\/strong><\/h2>\n\n\n\n<p>La ceremonia del&nbsp;<strong>Premio HyM 2025<\/strong>&nbsp;dio inicio en punto de las 19:00 horas, con un mensaje de bienvenida a cargo de&nbsp;<strong>Horacio Urbano, presidente de Centro Urbano<\/strong>, quien record\u00f3 que este galard\u00f3n naci\u00f3 hace 24 a\u00f1os con el objetivo de reconocer la excelencia y las mejores pr\u00e1cticas en el sector vivienda.<\/p>\n\n\n\n<p>\u201c\u00bfPor qu\u00e9 reconocer la excelencia en el hacer vivienda? Pues es simple, porque atender el&nbsp;<strong>rezago habitacional<\/strong>&nbsp;es un reto social de primer orden, porque la vivienda define calidades de vida y oportunidades, define nuestra vinculaci\u00f3n con la ciudad y tendr\u00eda, adem\u00e1s, que ser un actor determinante en la defensa del planeta.<\/p>\n\n\n\n<p>\u201cDe ah\u00ed la importancia de fortalecer el ecosistema en que cerca de 40 ramas de la econom\u00eda trabajan en sinton\u00eda con gobiernos y sociedad para dar nuevas lecturas a sus retos y generar soluciones que respondan a las diferentes necesidades de vivienda que puedan tener todos los mexicanos, sin importar cu\u00e1nto ganan, en qu\u00e9 trabajan o d\u00f3nde viven\u201d, dijo&nbsp;<strong>Urbano<\/strong>.<\/p>\n\n\n\n<h2 class=\"wp-block-heading\"><strong>Los ganadores del Premio HyM 2025<\/strong><\/h2>\n\n\n\n<p>Posteriormente, comenz\u00f3 la entrega de los principales galardones de la noche, comenzando con la categor\u00eda&nbsp;<strong>Sector Privado<\/strong>.<\/p>\n\n\n\n<p>El encargado de entregar el Premio fue&nbsp;<strong>Carlos Errej\u00f3n Alfaro, director de Estrategia y Nuevos Negocios de Tierra y Armon\u00eda<\/strong>&nbsp;y hermano del ganador,&nbsp;<strong>Juan Jos\u00e9 Errej\u00f3n, director general de la desarrolladora<\/strong>, quien destac\u00f3 que el galard\u00f3n no s\u00f3lo reconoce su labor, sino tambi\u00e9n el esfuerzo de todos los integrantes de la firma; y agradeci\u00f3 a su equipo de trabajo, socios y familia.<\/p>\n\n\n\n<p>\u201cSi tuviera que describir en tres palabras este momento ser\u00edan, sin duda: gratitud, alegr\u00eda y bendecido; bendecido por estar aqu\u00ed, por estar acompa\u00f1ado por mi familia, mis socios, mis compa\u00f1eros de trabajo y mis amigos muy queridos\u201d, dijo.<\/p>\n\n\n\n<p>Posteriormente,&nbsp;<strong>Lydia \u00c1lvarez, directora general de Grupo Procsa<\/strong>, y&nbsp;<strong>Germ\u00e1n Ahumada Alduncin, presidente del Consejo de Consorcio ARA<\/strong>, presentaron al ganador de la categor\u00eda Cimientos:&nbsp;<strong>Germ\u00e1n Ahumada Russek, presidente honorario del Consejo de Administraci\u00f3n de Consorcio ARA<\/strong>.<\/p>\n\n\n\n<p>\u201cDeseo expresar un gran agradecimiento a mi familia, de la cual tengo la dicha de que la mayor\u00eda me est\u00e1 acompa\u00f1ando el d\u00eda de hoy. Mi familia ha sido y es mi mejor motor, mi orgullo, mi paz. Mi segunda pasi\u00f3n es ARA, no me imagino haberme dedicado a algo diferente. Quiero expresar mi profundo agradecimiento a mi hijo Germ\u00e1n, que se desempe\u00f1a actualmente como presidente del consejo de ARA. Tambi\u00e9n agradezco a mi hermano Luis Felipe, con quien inici\u00e9 la compa\u00f1\u00eda como socios; agradezco el apoyo de los consejeros y directivos de ARA\u201d, se\u00f1al\u00f3 el galardonado.<\/p>\n\n\n\n<p>Finalmente,&nbsp;<strong>Enrique Vainer Girs, director general de Grupo Sadasi<\/strong>, fue el encargado de entregar el Premio HyM en la categor\u00eda Sector P\u00fablico, que este a\u00f1o fue para&nbsp;<strong>Edna Vega Rangel, titular de la Secretar\u00eda de Desarrollo Agrario, Territorial y Urbano (Sedatu<\/strong>), quien afirm\u00f3 que este reconocimiento no solo es para ella, sino para todos los equipos involucrados en el Programa de Vivienda para el Bienestar del Gobierno de M\u00e9xico.<\/p>\n\n\n\n<p>\u201cCuando la Presidenta nos instruy\u00f3 este programa, por supuesto que tuve dudas y miedo porque era una gran meta. (\u2026) Sin embargo, la consolidaci\u00f3n de este gran equipo es lo que me ha permitido enfrentarlo, con la coordinaci\u00f3n y la convicci\u00f3n plena de que la vivienda no es ladrillo, no son paredes y techo, sino que tiene que convertirse en un derecho humano, donde las familias de menores recursos tengan acceso y que la responsabilidad como Estado mexicano es justamente garantizar el acceso a este derecho\u201d, expres\u00f3.<\/p>\n","protected":false},"excerpt":{"rendered":"<p>Por: Fernanda Hern\u00e1ndez En esta edici\u00f3n, Juan Jos\u00e9 Errej\u00f3n, Germ\u00e1n Ahumada Russek y Edna Vega Rangel fueron los ganadores del Premio HyM La noche de este lunes 24 de noviembre se realiz\u00f3 la&nbsp;XXIV entrega del Premio Hombres y Mujeres de la Casa (Premio HyM), galard\u00f3n que reconoce a las personalidades m\u00e1s destacadas de la industria [&hellip;]<\/p>\n","protected":false},"author":1,"featured_media":18879,"comment_status":"open","ping_status":"closed","sticky":false,"template":"","format":"standard","meta":{"site-sidebar-layout":"default","site-content-layout":"","ast-site-content-layout":"default","site-content-style":"default","site-sidebar-style":"default","ast-global-header-display":"","ast-banner-title-visibility":"","ast-main-header-display":"","ast-hfb-above-header-display":"","ast-hfb-below-header-display":"","ast-hfb-mobile-header-display":"","site-post-title":"","ast-breadcrumbs-content":"","ast-featured-img":"","footer-sml-layout":"","ast-disable-related-posts":"","theme-transparent-header-meta":"","adv-header-id-meta":"","stick-header-meta":"","header-above-stick-meta":"","header-main-stick-meta":"","header-below-stick-meta":"","astra-migrate-meta-layouts":"set","ast-page-background-enabled":"default","ast-page-background-meta":{"desktop":{"background-color":"var(--ast-global-color-4)","background-image":"","background-repeat":"repeat","background-position":"center center","background-size":"auto","background-attachment":"scroll","background-type":"","background-media":"","overlay-type":"","overlay-color":"","overlay-opacity":"","overlay-gradient":""},"tablet":{"background-color":"","background-image":"","background-repeat":"repeat","background-position":"center center","background-size":"auto","background-attachment":"scroll","background-type":"","background-media":"","overlay-type":"","overlay-color":"","overlay-opacity":"","overlay-gradient":""},"mobile":{"background-color":"","background-image":"","background-repeat":"repeat","background-position":"center center","background-size":"auto","background-attachment":"scroll","background-type":"","background-media":"","overlay-type":"","overlay-color":"","overlay-opacity":"","overlay-gradient":""}},"ast-content-background-meta":{"desktop":{"background-color":"var(--ast-global-color-5)","background-image":"","background-repeat":"repeat","background-position":"center center","background-size":"auto","background-attachment":"scroll","background-type":"","background-media":"","overlay-type":"","overlay-color":"","overlay-opacity":"","overlay-gradient":""},"tablet":{"background-color":"var(--ast-global-color-5)","background-image":"","background-repeat":"repeat","background-position":"center center","background-size":"auto","background-attachment":"scroll","background-type":"","background-media":"","overlay-type":"","overlay-color":"","overlay-opacity":"","overlay-gradient":""},"mobile":{"background-color":"var(--ast-global-color-5)","background-image":"","background-repeat":"repeat","background-position":"center center","background-size":"auto","background-attachment":"scroll","background-type":"","background-media":"","overlay-type":"","overlay-color":"","overlay-opacity":"","overlay-gradient":""}},"footnotes":""},"categories":[4],"tags":[335,4012,177],"class_list":["post-18878","post","type-post","status-publish","format-standard","has-post-thumbnail","hentry","category-noticias","tag-premio-hombres-y-mujeres-de-la-casa","tag-tierra-y-armonia","tag-vivienda"],"_links":{"self":[{"href":"https:\/\/hombresymujeresdelacasa.com\/home\/wp-json\/wp\/v2\/posts\/18878","targetHints":{"allow":["GET"]}}],"collection":[{"href":"https:\/\/hombresymujeresdelacasa.com\/home\/wp-json\/wp\/v2\/posts"}],"about":[{"href":"https:\/\/hombresymujeresdelacasa.com\/home\/wp-json\/wp\/v2\/types\/post"}],"author":[{"embeddable":true,"href":"https:\/\/hombresymujeresdelacasa.com\/home\/wp-json\/wp\/v2\/users\/1"}],"replies":[{"embeddable":true,"href":"https:\/\/hombresymujeresdelacasa.com\/home\/wp-json\/wp\/v2\/comments?post=18878"}],"version-history":[{"count":1,"href":"https:\/\/hombresymujeresdelacasa.com\/home\/wp-json\/wp\/v2\/posts\/18878\/revisions"}],"predecessor-version":[{"id":18880,"href":"https:\/\/hombresymujeresdelacasa.com\/home\/wp-json\/wp\/v2\/posts\/18878\/revisions\/18880"}],"wp:featuredmedia":[{"embeddable":true,"href":"https:\/\/hombresymujeresdelacasa.com\/home\/wp-json\/wp\/v2\/media\/18879"}],"wp:attachment":[{"href":"https:\/\/hombresymujeresdelacasa.com\/home\/wp-json\/wp\/v2\/media?parent=18878"}],"wp:term":[{"taxonomy":"category","embeddable":true,"href":"https:\/\/hombresymujeresdelacasa.com\/home\/wp-json\/wp\/v2\/categories?post=18878"},{"taxonomy":"post_tag","embeddable":true,"href":"https:\/\/hombresymujeresdelacasa.com\/home\/wp-json\/wp\/v2\/tags?post=18878"}],"curies":[{"name":"wp","href":"https:\/\/api.w.org\/{rel}","templated":true}]}}