{"id":18843,"date":"2025-11-14T15:16:19","date_gmt":"2025-11-14T21:16:19","guid":{"rendered":"https:\/\/hombresymujeresdelacasa.com\/home\/?p=18843"},"modified":"2025-11-14T15:16:24","modified_gmt":"2025-11-14T21:16:24","slug":"alista-senado-foro-con-sedatu-para-analizar-programa-de-vivienda","status":"publish","type":"post","link":"https:\/\/hombresymujeresdelacasa.com\/home\/alista-senado-foro-con-sedatu-para-analizar-programa-de-vivienda\/","title":{"rendered":"Alista Senado foro con Sedatu para analizar Programa de Vivienda"},"content":{"rendered":"\n<p>Redacci\u00f3n <\/p>\n\n\n\n<p><em>El encuentro con la Sedatu buscar\u00e1 conocer las estrategias, metas y m\u00e9todos del Programa de Vivienda para el Bienestar<\/em><\/p>\n\n\n\n<p>La&nbsp;<strong>Comisi\u00f3n de Desarrollo Urbano y Ordenamiento Territorial del Senado de la Rep\u00fablica<\/strong>&nbsp;inform\u00f3 que organizar\u00e1 un foro con la&nbsp;<strong>Secretar\u00eda de Desarrollo Agrario, Territorial y Urbano (Sedatu<\/strong>), a fin de conocer las estrategias, metas y m\u00e9todos del&nbsp;<strong>Programa de Vivienda para el Bienestar<\/strong>&nbsp;(<strong>PVB<\/strong>).<\/p>\n\n\n\n<p>\u201cLa idea es que se realice el&nbsp;<strong>2 de diciembre<\/strong>, para que el Gobierno de M\u00e9xico exponga el tema, y cada uno de los integrantes de la Comisi\u00f3n puedan elaborar preguntas de sus entidades y opiniones del Programa\u201d, explic\u00f3 la&nbsp;<strong>senadora Susana Zatarain Garc\u00eda, presidenta del \u00f3rgano legislativo<\/strong>.<\/p>\n\n\n\n<p>Asimismo, mencion\u00f3 que el foro se llevar\u00eda a cabo de manera conjunta con la&nbsp;<strong>Comisi\u00f3n de Reordenamiento Urbano y Vivienda<\/strong>, con la finalidad de que las y los senadores hagan preguntas, propuestas o cualquier situaci\u00f3n que requieran profundizar sobre el PVB.<\/p>\n\n\n\n<p><strong>Zatarain<\/strong>&nbsp;precis\u00f3 que tambi\u00e9n se buscar\u00e1 convocar a organismos como la&nbsp;<strong>Confederaci\u00f3n Nacional de Arquitectos<\/strong>, as\u00ed como a los gremios de&nbsp;<strong>ingenieros<\/strong>&nbsp;y&nbsp;<strong>urbanistas<\/strong>, con el prop\u00f3sito de que tengan una representaci\u00f3n y puedan dar sus puntos de vista.<\/p>\n\n\n\n<p>De esta manera, este espacio de di\u00e1logo este espacio de trabajo permitir\u00e1 evaluar la implementaci\u00f3n del programa y conocer los avances presentados por la&nbsp;<strong>Sedatu<\/strong>, especialmente en temas clave como acceso a suelo, financiamiento, infraestructura y planeaci\u00f3n territorial.<\/p>\n\n\n\n<p>\u201cDebemos conocer los&nbsp;<strong>est\u00e1ndares de las viviendas<\/strong>, a qui\u00e9nes se van a entregar, c\u00f3mo eligieron las ubicaciones, los costos, c\u00f3mo se van a repartir el porcentaje de renta y los m\u00e9todos que se utilizar\u00e1n para los que no cuentan con IMSS e ISSSTE\u201d, agreg\u00f3 la senadora.<\/p>\n\n\n\n<h2 class=\"wp-block-heading\"><strong>Movilidad con perspectiva de g\u00e9nero<\/strong><\/h2>\n\n\n\n<p>Por otro lado, la&nbsp;<strong>Comisi\u00f3n de Desarrollo Urbano y Ordenamiento Territorial<\/strong>&nbsp;aprob\u00f3 un dictamen que reforma la fracci\u00f3n VIII del art\u00edculo 71 de la&nbsp;<strong>Ley General de Asentamientos Humanos, Ordenamiento Territorial y Desarrollo Urbano<\/strong>, en materia de movilidad con perspectiva de g\u00e9nero.<\/p>\n\n\n\n<p>Lo anterior con el objetivo de establecer en la legislaci\u00f3n que, en la&nbsp;<strong>planeaci\u00f3n de asentamientos humanos y centros de poblaci\u00f3n<\/strong>, se contemplen las necesidades cotidianas de las mujeres y ni\u00f1as, sobre todo en los rubros de habitabilidad, proximidad, espacios p\u00fablicos, movilidad y transporte, as\u00ed como un entorno urbano seguro y libre de violencia.<a href=\"https:\/\/centrourbano.com\/revista\/author\/editorial\/\" rel=\"nofollow noopener\" target=\"_blank\"><\/a><\/p>\n","protected":false},"excerpt":{"rendered":"<p>Redacci\u00f3n El encuentro con la Sedatu buscar\u00e1 conocer las estrategias, metas y m\u00e9todos del Programa de Vivienda para el Bienestar La&nbsp;Comisi\u00f3n de Desarrollo Urbano y Ordenamiento Territorial del Senado de la Rep\u00fablica&nbsp;inform\u00f3 que organizar\u00e1 un foro con la&nbsp;Secretar\u00eda de Desarrollo Agrario, Territorial y Urbano (Sedatu), a fin de conocer las estrategias, metas y m\u00e9todos del&nbsp;Programa [&hellip;]<\/p>\n","protected":false},"author":1,"featured_media":18844,"comment_status":"open","ping_status":"closed","sticky":false,"template":"","format":"standard","meta":{"site-sidebar-layout":"default","site-content-layout":"","ast-site-content-layout":"default","site-content-style":"default","site-sidebar-style":"default","ast-global-header-display":"","ast-banner-title-visibility":"","ast-main-header-display":"","ast-hfb-above-header-display":"","ast-hfb-below-header-display":"","ast-hfb-mobile-header-display":"","site-post-title":"","ast-breadcrumbs-content":"","ast-featured-img":"","footer-sml-layout":"","ast-disable-related-posts":"","theme-transparent-header-meta":"","adv-header-id-meta":"","stick-header-meta":"","header-above-stick-meta":"","header-main-stick-meta":"","header-below-stick-meta":"","astra-migrate-meta-layouts":"set","ast-page-background-enabled":"default","ast-page-background-meta":{"desktop":{"background-color":"var(--ast-global-color-4)","background-image":"","background-repeat":"repeat","background-position":"center center","background-size":"auto","background-attachment":"scroll","background-type":"","background-media":"","overlay-type":"","overlay-color":"","overlay-opacity":"","overlay-gradient":""},"tablet":{"background-color":"","background-image":"","background-repeat":"repeat","background-position":"center center","background-size":"auto","background-attachment":"scroll","background-type":"","background-media":"","overlay-type":"","overlay-color":"","overlay-opacity":"","overlay-gradient":""},"mobile":{"background-color":"","background-image":"","background-repeat":"repeat","background-position":"center center","background-size":"auto","background-attachment":"scroll","background-type":"","background-media":"","overlay-type":"","overlay-color":"","overlay-opacity":"","overlay-gradient":""}},"ast-content-background-meta":{"desktop":{"background-color":"var(--ast-global-color-5)","background-image":"","background-repeat":"repeat","background-position":"center center","background-size":"auto","background-attachment":"scroll","background-type":"","background-media":"","overlay-type":"","overlay-color":"","overlay-opacity":"","overlay-gradient":""},"tablet":{"background-color":"var(--ast-global-color-5)","background-image":"","background-repeat":"repeat","background-position":"center center","background-size":"auto","background-attachment":"scroll","background-type":"","background-media":"","overlay-type":"","overlay-color":"","overlay-opacity":"","overlay-gradient":""},"mobile":{"background-color":"var(--ast-global-color-5)","background-image":"","background-repeat":"repeat","background-position":"center center","background-size":"auto","background-attachment":"scroll","background-type":"","background-media":"","overlay-type":"","overlay-color":"","overlay-opacity":"","overlay-gradient":""}},"footnotes":""},"categories":[4],"tags":[154,177],"class_list":["post-18843","post","type-post","status-publish","format-standard","has-post-thumbnail","hentry","category-noticias","tag-sedatu","tag-vivienda"],"_links":{"self":[{"href":"https:\/\/hombresymujeresdelacasa.com\/home\/wp-json\/wp\/v2\/posts\/18843","targetHints":{"allow":["GET"]}}],"collection":[{"href":"https:\/\/hombresymujeresdelacasa.com\/home\/wp-json\/wp\/v2\/posts"}],"about":[{"href":"https:\/\/hombresymujeresdelacasa.com\/home\/wp-json\/wp\/v2\/types\/post"}],"author":[{"embeddable":true,"href":"https:\/\/hombresymujeresdelacasa.com\/home\/wp-json\/wp\/v2\/users\/1"}],"replies":[{"embeddable":true,"href":"https:\/\/hombresymujeresdelacasa.com\/home\/wp-json\/wp\/v2\/comments?post=18843"}],"version-history":[{"count":1,"href":"https:\/\/hombresymujeresdelacasa.com\/home\/wp-json\/wp\/v2\/posts\/18843\/revisions"}],"predecessor-version":[{"id":18845,"href":"https:\/\/hombresymujeresdelacasa.com\/home\/wp-json\/wp\/v2\/posts\/18843\/revisions\/18845"}],"wp:featuredmedia":[{"embeddable":true,"href":"https:\/\/hombresymujeresdelacasa.com\/home\/wp-json\/wp\/v2\/media\/18844"}],"wp:attachment":[{"href":"https:\/\/hombresymujeresdelacasa.com\/home\/wp-json\/wp\/v2\/media?parent=18843"}],"wp:term":[{"taxonomy":"category","embeddable":true,"href":"https:\/\/hombresymujeresdelacasa.com\/home\/wp-json\/wp\/v2\/categories?post=18843"},{"taxonomy":"post_tag","embeddable":true,"href":"https:\/\/hombresymujeresdelacasa.com\/home\/wp-json\/wp\/v2\/tags?post=18843"}],"curies":[{"name":"wp","href":"https:\/\/api.w.org\/{rel}","templated":true}]}}