{"id":18201,"date":"2025-08-06T12:08:14","date_gmt":"2025-08-06T18:08:14","guid":{"rendered":"https:\/\/hombresymujeresdelacasa.com\/home\/?p=18201"},"modified":"2025-08-06T12:08:53","modified_gmt":"2025-08-06T18:08:53","slug":"gobierno-federal-va-contra-asentamientos-irregulares-en-huatulco","status":"publish","type":"post","link":"https:\/\/hombresymujeresdelacasa.com\/home\/gobierno-federal-va-contra-asentamientos-irregulares-en-huatulco\/","title":{"rendered":"Gobierno Federal va contra asentamientos irregulares en Huatulco"},"content":{"rendered":"\n<p>Redacci\u00f3n <\/p>\n\n\n\n<p><em>Autoridades destacaron que se ha observado una expansi\u00f3n de asentamientos humanos en zonas no aptas para la urbanizaci\u00f3n<\/em><\/p>\n\n\n\n<p>El&nbsp;<strong>Gobierno Federal<\/strong>, a trav\u00e9s de las&nbsp;<strong>Secretar\u00edas de Desarrollo Agrario, Territorial y Urbano<\/strong>&nbsp;(<strong>Sedatu<\/strong>), de&nbsp;<strong>Medio Ambiente y Recursos Naturales<\/strong>&nbsp;(<strong>Semarnat<\/strong>) y de&nbsp;<strong>Turismo<\/strong>&nbsp;(<strong>Sectur<\/strong>), as\u00ed como del&nbsp;<strong>Instituto Nacional del Suelo Sustentable<\/strong>&nbsp;(<strong>Insus<\/strong>), la&nbsp;<strong>Comisi\u00f3n Nacional de \u00c1reas Naturales Protegidas<\/strong>&nbsp;(<strong>Conanp<\/strong>) y el&nbsp;<strong>Fondo Nacional de Fomento al Turismo<\/strong>&nbsp;(<strong>Fonatur<\/strong>), en coordinaci\u00f3n con el&nbsp;<strong>Gobierno del estado de Oaxaca<\/strong>&nbsp;y el&nbsp;<strong>Gobierno municipal de Santa Mar\u00eda Huatulco<\/strong>, anunciaron medidas para combatir los&nbsp;<strong>asentamientos irregulares<\/strong>&nbsp;en el pol\u00edgono del Centro Integralmente Planeado Bah\u00edas de Huatulco (CIP Huatulco).<\/p>\n\n\n\n<p>En un comunicado conjunto, las dependencias indicaron que, en los \u00faltimos a\u00f1os, se ha observado una importante expansi\u00f3n de&nbsp;<strong>asentamientos humanos<\/strong>&nbsp;en zonas no aptas para la urbanizaci\u00f3n.<\/p>\n\n\n\n<p>Lo anterior ha generado graves afectaciones a la&nbsp;<strong>poblaci\u00f3n local<\/strong>, al&nbsp;<strong>desarrollo urbano<\/strong>, a los&nbsp;<strong>bosques<\/strong>&nbsp;y&nbsp;<strong>selvas<\/strong>&nbsp;de la zona, y a la&nbsp;<strong>infraestructura existente<\/strong>, con consecuencias negativas sobre la prestaci\u00f3n eficiente de servicios p\u00fablicos esenciales para el bienestar de las familias de la regi\u00f3n.<\/p>\n\n\n\n<p>En ese sentido, destacaron la urgencia de detener el crecimiento de los&nbsp;<strong>asentamientos humanos irregulares<\/strong>&nbsp;en la zona, a fin de proteger a sus habitantes de riesgos de deslaves, inundaciones y otros peligros, as\u00ed como para proteger a los ecosistemas naturales.<\/p>\n\n\n\n<p>Asimismo, las autoridades hicieron un llamado a la poblaci\u00f3n a denunciar a quienes promueven la ocupaci\u00f3n irregular de tierras en el municipio de&nbsp;<strong>Santa Mar\u00eda Huatulco<\/strong>; adem\u00e1s, aclararon que&nbsp;<strong>no se regularizar\u00e1n terrenos ocupados ilegalmente<\/strong>&nbsp;y que quienes participen en estas acciones podr\u00edan enfrentar sanciones penales.<\/p>\n\n\n\n<p>\u201cLas tierras ocupadas de manera irregular deber\u00e1n ser desocupadas conforme a los procedimientos establecidos en la normatividad vigente. Las&nbsp;<strong>autoridades federales<\/strong>,&nbsp;<strong>estatales<\/strong>&nbsp;y&nbsp;<strong>municipales<\/strong>&nbsp;recuerdan que la ocupaci\u00f3n o promoci\u00f3n para ocupar ilegalmente tierras es un delito penal. Las autoridades no abrir\u00e1n ning\u00fan proceso de regularizaci\u00f3n en estas ocupaciones\u201d, se lee en el comunicado.<a href=\"https:\/\/centrourbano.com\/revista\/author\/editorial\/\" rel=\"nofollow noopener\" target=\"_blank\"><\/a><\/p>\n","protected":false},"excerpt":{"rendered":"<p>Redacci\u00f3n Autoridades destacaron que se ha observado una expansi\u00f3n de asentamientos humanos en zonas no aptas para la urbanizaci\u00f3n El&nbsp;Gobierno Federal, a trav\u00e9s de las&nbsp;Secretar\u00edas de Desarrollo Agrario, Territorial y Urbano&nbsp;(Sedatu), de&nbsp;Medio Ambiente y Recursos Naturales&nbsp;(Semarnat) y de&nbsp;Turismo&nbsp;(Sectur), as\u00ed como del&nbsp;Instituto Nacional del Suelo Sustentable&nbsp;(Insus), la&nbsp;Comisi\u00f3n Nacional de \u00c1reas Naturales Protegidas&nbsp;(Conanp) y el&nbsp;Fondo Nacional de [&hellip;]<\/p>\n","protected":false},"author":1,"featured_media":18202,"comment_status":"open","ping_status":"closed","sticky":false,"template":"","format":"standard","meta":{"site-sidebar-layout":"default","site-content-layout":"","ast-site-content-layout":"default","site-content-style":"default","site-sidebar-style":"default","ast-global-header-display":"","ast-banner-title-visibility":"","ast-main-header-display":"","ast-hfb-above-header-display":"","ast-hfb-below-header-display":"","ast-hfb-mobile-header-display":"","site-post-title":"","ast-breadcrumbs-content":"","ast-featured-img":"","footer-sml-layout":"","ast-disable-related-posts":"","theme-transparent-header-meta":"","adv-header-id-meta":"","stick-header-meta":"","header-above-stick-meta":"","header-main-stick-meta":"","header-below-stick-meta":"","astra-migrate-meta-layouts":"set","ast-page-background-enabled":"default","ast-page-background-meta":{"desktop":{"background-color":"var(--ast-global-color-4)","background-image":"","background-repeat":"repeat","background-position":"center center","background-size":"auto","background-attachment":"scroll","background-type":"","background-media":"","overlay-type":"","overlay-color":"","overlay-opacity":"","overlay-gradient":""},"tablet":{"background-color":"","background-image":"","background-repeat":"repeat","background-position":"center center","background-size":"auto","background-attachment":"scroll","background-type":"","background-media":"","overlay-type":"","overlay-color":"","overlay-opacity":"","overlay-gradient":""},"mobile":{"background-color":"","background-image":"","background-repeat":"repeat","background-position":"center center","background-size":"auto","background-attachment":"scroll","background-type":"","background-media":"","overlay-type":"","overlay-color":"","overlay-opacity":"","overlay-gradient":""}},"ast-content-background-meta":{"desktop":{"background-color":"var(--ast-global-color-5)","background-image":"","background-repeat":"repeat","background-position":"center center","background-size":"auto","background-attachment":"scroll","background-type":"","background-media":"","overlay-type":"","overlay-color":"","overlay-opacity":"","overlay-gradient":""},"tablet":{"background-color":"var(--ast-global-color-5)","background-image":"","background-repeat":"repeat","background-position":"center center","background-size":"auto","background-attachment":"scroll","background-type":"","background-media":"","overlay-type":"","overlay-color":"","overlay-opacity":"","overlay-gradient":""},"mobile":{"background-color":"var(--ast-global-color-5)","background-image":"","background-repeat":"repeat","background-position":"center center","background-size":"auto","background-attachment":"scroll","background-type":"","background-media":"","overlay-type":"","overlay-color":"","overlay-opacity":"","overlay-gradient":""}},"footnotes":""},"categories":[4],"tags":[1585,154,2870],"class_list":["post-18201","post","type-post","status-publish","format-standard","has-post-thumbnail","hentry","category-noticias","tag-fonatur","tag-sedatu","tag-semarnat"],"_links":{"self":[{"href":"https:\/\/hombresymujeresdelacasa.com\/home\/wp-json\/wp\/v2\/posts\/18201","targetHints":{"allow":["GET"]}}],"collection":[{"href":"https:\/\/hombresymujeresdelacasa.com\/home\/wp-json\/wp\/v2\/posts"}],"about":[{"href":"https:\/\/hombresymujeresdelacasa.com\/home\/wp-json\/wp\/v2\/types\/post"}],"author":[{"embeddable":true,"href":"https:\/\/hombresymujeresdelacasa.com\/home\/wp-json\/wp\/v2\/users\/1"}],"replies":[{"embeddable":true,"href":"https:\/\/hombresymujeresdelacasa.com\/home\/wp-json\/wp\/v2\/comments?post=18201"}],"version-history":[{"count":1,"href":"https:\/\/hombresymujeresdelacasa.com\/home\/wp-json\/wp\/v2\/posts\/18201\/revisions"}],"predecessor-version":[{"id":18203,"href":"https:\/\/hombresymujeresdelacasa.com\/home\/wp-json\/wp\/v2\/posts\/18201\/revisions\/18203"}],"wp:featuredmedia":[{"embeddable":true,"href":"https:\/\/hombresymujeresdelacasa.com\/home\/wp-json\/wp\/v2\/media\/18202"}],"wp:attachment":[{"href":"https:\/\/hombresymujeresdelacasa.com\/home\/wp-json\/wp\/v2\/media?parent=18201"}],"wp:term":[{"taxonomy":"category","embeddable":true,"href":"https:\/\/hombresymujeresdelacasa.com\/home\/wp-json\/wp\/v2\/categories?post=18201"},{"taxonomy":"post_tag","embeddable":true,"href":"https:\/\/hombresymujeresdelacasa.com\/home\/wp-json\/wp\/v2\/tags?post=18201"}],"curies":[{"name":"wp","href":"https:\/\/api.w.org\/{rel}","templated":true}]}}