{"id":18182,"date":"2025-08-04T16:26:54","date_gmt":"2025-08-04T22:26:54","guid":{"rendered":"https:\/\/hombresymujeresdelacasa.com\/home\/?p=18182"},"modified":"2025-08-04T16:26:58","modified_gmt":"2025-08-04T22:26:58","slug":"infonavit-asi-seran-las-viviendas-que-construye-el-organismo-en-tamaulipas","status":"publish","type":"post","link":"https:\/\/hombresymujeresdelacasa.com\/home\/infonavit-asi-seran-las-viviendas-que-construye-el-organismo-en-tamaulipas\/","title":{"rendered":"Infonavit: As\u00ed ser\u00e1n las viviendas que construye el organismo en Tamaulipas"},"content":{"rendered":"\n<p>Por: Edgar Rosas <\/p>\n\n\n\n<p><em>De auerdo con Octavio Romero, en agosto, Infonavit comenzar\u00e1 con la entrega de los primeros proyectos de vivienda construidos por el organismo<\/em><\/p>\n\n\n\n<p>El Instituto del Fondo Nacional de la Vivienda para los Trabajadores est\u00e1 cada vez m\u00e1s cerca de entregar sus primeros proyectos de vivienda.<\/p>\n\n\n\n<p>En esa l\u00f3gica, Octavio Romero, director general del Infonavit, dio a conocer las primeras imaganes reales sobre c\u00f3mo se ver\u00e1n los departamentos qu construye el Infonavit.<\/p>\n\n\n\n<p>Espec\u00edficamente, el funcionaro present\u00f3 fotos de una casa muestra del Fraccionamiento Florencia, el cual se desarrolla en el municipio de Reynosa, Tamaulipas.<\/p>\n\n\n\n<p>A trav\u00e9s de su cuenta de Facebook, el Director General se\u00f1al\u00f3 que estas viviendas tendr\u00e1n 60 metros cuadrados, con servicios, \u00e1reas verdes y espacios de recreaci\u00f3n que fomentan bienestar.<\/p>\n\n\n\n<blockquote class=\"wp-block-quote is-layout-flow wp-block-quote-is-layout-flow\">\n<p>\u00abCon estas viviendas, bonitas y espaciosas, queda atr\u00e1s el modelo que oblig\u00f3 a millones de familias a vivir en espacios reducidos, sin servicios y lejos de los centros de trabajo\u00bb.<\/p>\n\n\n\n<figure class=\"wp-block-image aligncenter size-full\"><img fetchpriority=\"high\" decoding=\"async\" width=\"768\" height=\"512\" src=\"https:\/\/hombresymujeresdelacasa.com\/home\/wp-content\/uploads\/2025\/08\/image-5.png\" alt=\"\" class=\"wp-image-18184\" srcset=\"https:\/\/hombresymujeresdelacasa.com\/home\/wp-content\/uploads\/2025\/08\/image-5.png 768w, https:\/\/hombresymujeresdelacasa.com\/home\/wp-content\/uploads\/2025\/08\/image-5-300x200.png 300w\" sizes=\"(max-width: 768px) 100vw, 768px\" \/><\/figure>\n<\/blockquote>\n\n\n\n<figure class=\"wp-block-image aligncenter size-full\"><img decoding=\"async\" width=\"768\" height=\"512\" src=\"https:\/\/hombresymujeresdelacasa.com\/home\/wp-content\/uploads\/2025\/08\/image-4.png\" alt=\"\" class=\"wp-image-18183\" srcset=\"https:\/\/hombresymujeresdelacasa.com\/home\/wp-content\/uploads\/2025\/08\/image-4.png 768w, https:\/\/hombresymujeresdelacasa.com\/home\/wp-content\/uploads\/2025\/08\/image-4-300x200.png 300w\" sizes=\"(max-width: 768px) 100vw, 768px\" \/><\/figure>\n\n\n\n<figure class=\"wp-block-image aligncenter size-full\"><img decoding=\"async\" width=\"768\" height=\"512\" src=\"https:\/\/hombresymujeresdelacasa.com\/home\/wp-content\/uploads\/2025\/08\/image-6.png\" alt=\"\" class=\"wp-image-18185\" srcset=\"https:\/\/hombresymujeresdelacasa.com\/home\/wp-content\/uploads\/2025\/08\/image-6.png 768w, https:\/\/hombresymujeresdelacasa.com\/home\/wp-content\/uploads\/2025\/08\/image-6-300x200.png 300w\" sizes=\"(max-width: 768px) 100vw, 768px\" \/><\/figure>\n\n\n\n<figure class=\"wp-block-image aligncenter size-full\"><img loading=\"lazy\" decoding=\"async\" width=\"768\" height=\"512\" src=\"https:\/\/hombresymujeresdelacasa.com\/home\/wp-content\/uploads\/2025\/08\/image-7.png\" alt=\"\" class=\"wp-image-18186\" srcset=\"https:\/\/hombresymujeresdelacasa.com\/home\/wp-content\/uploads\/2025\/08\/image-7.png 768w, https:\/\/hombresymujeresdelacasa.com\/home\/wp-content\/uploads\/2025\/08\/image-7-300x200.png 300w\" sizes=\"(max-width: 768px) 100vw, 768px\" \/><\/figure>\n\n\n\n<h2 class=\"wp-block-heading\">Infonavit arranca en agosto entrega de vivienda<\/h2>\n\n\n\n<p>Cabe recordar que Romero, dio a conocer en una entrevista a medios, que el organismo que encabeza comenzar\u00e1 con la entrega de vivienda del Programa de Vivienda para el Bienestar en agosto.<\/p>\n\n\n\n<p>El directivo mencion\u00f3 que ser\u00e1 en Ciudad Victor\u00eda Tamaulipas donde el Instituto entregue las primeras viviendas construidas bajo su cargo. Sin embargo, la proyecci\u00f3n es que el Instituto entregue sus primeras 4,800 viviendas antes de terminar el a\u00f1o.<\/p>\n\n\n\n<p>Octavio Romero mencion\u00f3 que las viviendas que construye el&nbsp;<a href=\"https:\/\/portalmx.infonavit.org.mx\/wps\/portal\/infonavitmx\/mx2\/derechohabientes\/!ut\/p\/z1\/04_Sj9CPykssy0xPLMnMz0vMAfIjo8zizdwNDDycTQz9LMIsHA0C_Sz9jLzNjI28HM31wwkpiAJKG-AAjgZA_VFgJThNMIMqsLR0MTH0tjAwCjD0MzAIDAs0dPF0MTcwNTCBKsBjSUFuhEGmp6MiAOMcTcA!\/dz\/d5\/L2dBISEvZ0FBIS9nQSEh\/\" target=\"_blank\" rel=\"noreferrer noopener nofollow\">Instituto<\/a>&nbsp;tendr\u00e1n un&nbsp;<strong>precio de no m\u00e1s<\/strong>&nbsp;<strong>600,000 pesos;&nbsp;<\/strong>adem\u00e1s, asegur\u00f3 que con este valor, las opciones de vivienda nueva que desarrolla el organismo se ajustan a la capacidad de compra de la mayor\u00eda de los trabajadores afiliados al organismo.<\/p>\n\n\n\n<blockquote class=\"wp-block-quote is-layout-flow wp-block-quote-is-layout-flow\">\n<p>\u201cEs una vivienda que a diferencia de lo que se hac\u00eda antes, que eran \u2018cuchitriles\u2019 de 35 o 40 metros cuadrados, lejanas, sin servicios, sin transporte, sin escuelas\u2026 A diferencia de eso, la vivienda que hoy estamos construyendo, de acuerdo con la instrucci\u00f3n de la Presidenta, son viviendas dentro de zonas urbanas o en periferia de zona urbana, que garantiza todos los servicios, transporte y cercan\u00eda con escuela, con comercios, con hospitales. No son viviendas desconectadas\u201d.<\/p>\n\n\n\n<p><\/p>\n<\/blockquote>\n","protected":false},"excerpt":{"rendered":"<p>Por: Edgar Rosas De auerdo con Octavio Romero, en agosto, Infonavit comenzar\u00e1 con la entrega de los primeros proyectos de vivienda construidos por el organismo El Instituto del Fondo Nacional de la Vivienda para los Trabajadores est\u00e1 cada vez m\u00e1s cerca de entregar sus primeros proyectos de vivienda. En esa l\u00f3gica, Octavio Romero, director general [&hellip;]<\/p>\n","protected":false},"author":1,"featured_media":18187,"comment_status":"open","ping_status":"closed","sticky":false,"template":"","format":"standard","meta":{"site-sidebar-layout":"default","site-content-layout":"","ast-site-content-layout":"default","site-content-style":"default","site-sidebar-style":"default","ast-global-header-display":"","ast-banner-title-visibility":"","ast-main-header-display":"","ast-hfb-above-header-display":"","ast-hfb-below-header-display":"","ast-hfb-mobile-header-display":"","site-post-title":"","ast-breadcrumbs-content":"","ast-featured-img":"","footer-sml-layout":"","ast-disable-related-posts":"","theme-transparent-header-meta":"","adv-header-id-meta":"","stick-header-meta":"","header-above-stick-meta":"","header-main-stick-meta":"","header-below-stick-meta":"","astra-migrate-meta-layouts":"set","ast-page-background-enabled":"default","ast-page-background-meta":{"desktop":{"background-color":"var(--ast-global-color-4)","background-image":"","background-repeat":"repeat","background-position":"center center","background-size":"auto","background-attachment":"scroll","background-type":"","background-media":"","overlay-type":"","overlay-color":"","overlay-opacity":"","overlay-gradient":""},"tablet":{"background-color":"","background-image":"","background-repeat":"repeat","background-position":"center center","background-size":"auto","background-attachment":"scroll","background-type":"","background-media":"","overlay-type":"","overlay-color":"","overlay-opacity":"","overlay-gradient":""},"mobile":{"background-color":"","background-image":"","background-repeat":"repeat","background-position":"center center","background-size":"auto","background-attachment":"scroll","background-type":"","background-media":"","overlay-type":"","overlay-color":"","overlay-opacity":"","overlay-gradient":""}},"ast-content-background-meta":{"desktop":{"background-color":"var(--ast-global-color-5)","background-image":"","background-repeat":"repeat","background-position":"center center","background-size":"auto","background-attachment":"scroll","background-type":"","background-media":"","overlay-type":"","overlay-color":"","overlay-opacity":"","overlay-gradient":""},"tablet":{"background-color":"var(--ast-global-color-5)","background-image":"","background-repeat":"repeat","background-position":"center center","background-size":"auto","background-attachment":"scroll","background-type":"","background-media":"","overlay-type":"","overlay-color":"","overlay-opacity":"","overlay-gradient":""},"mobile":{"background-color":"var(--ast-global-color-5)","background-image":"","background-repeat":"repeat","background-position":"center center","background-size":"auto","background-attachment":"scroll","background-type":"","background-media":"","overlay-type":"","overlay-color":"","overlay-opacity":"","overlay-gradient":""}},"footnotes":""},"categories":[4],"tags":[102,177],"class_list":["post-18182","post","type-post","status-publish","format-standard","has-post-thumbnail","hentry","category-noticias","tag-infonavit","tag-vivienda"],"_links":{"self":[{"href":"https:\/\/hombresymujeresdelacasa.com\/home\/wp-json\/wp\/v2\/posts\/18182","targetHints":{"allow":["GET"]}}],"collection":[{"href":"https:\/\/hombresymujeresdelacasa.com\/home\/wp-json\/wp\/v2\/posts"}],"about":[{"href":"https:\/\/hombresymujeresdelacasa.com\/home\/wp-json\/wp\/v2\/types\/post"}],"author":[{"embeddable":true,"href":"https:\/\/hombresymujeresdelacasa.com\/home\/wp-json\/wp\/v2\/users\/1"}],"replies":[{"embeddable":true,"href":"https:\/\/hombresymujeresdelacasa.com\/home\/wp-json\/wp\/v2\/comments?post=18182"}],"version-history":[{"count":1,"href":"https:\/\/hombresymujeresdelacasa.com\/home\/wp-json\/wp\/v2\/posts\/18182\/revisions"}],"predecessor-version":[{"id":18188,"href":"https:\/\/hombresymujeresdelacasa.com\/home\/wp-json\/wp\/v2\/posts\/18182\/revisions\/18188"}],"wp:featuredmedia":[{"embeddable":true,"href":"https:\/\/hombresymujeresdelacasa.com\/home\/wp-json\/wp\/v2\/media\/18187"}],"wp:attachment":[{"href":"https:\/\/hombresymujeresdelacasa.com\/home\/wp-json\/wp\/v2\/media?parent=18182"}],"wp:term":[{"taxonomy":"category","embeddable":true,"href":"https:\/\/hombresymujeresdelacasa.com\/home\/wp-json\/wp\/v2\/categories?post=18182"},{"taxonomy":"post_tag","embeddable":true,"href":"https:\/\/hombresymujeresdelacasa.com\/home\/wp-json\/wp\/v2\/tags?post=18182"}],"curies":[{"name":"wp","href":"https:\/\/api.w.org\/{rel}","templated":true}]}}