{"id":18153,"date":"2025-07-31T18:26:25","date_gmt":"2025-08-01T00:26:25","guid":{"rendered":"https:\/\/hombresymujeresdelacasa.com\/home\/?p=18153"},"modified":"2025-07-31T18:26:30","modified_gmt":"2025-08-01T00:26:30","slug":"abre-onu-habitat-convocatoria-para-el-premio-dubai-2025","status":"publish","type":"post","link":"https:\/\/hombresymujeresdelacasa.com\/home\/abre-onu-habitat-convocatoria-para-el-premio-dubai-2025\/","title":{"rendered":"Abre ONU-Habitat convocatoria para el Premio Dub\u00e1i 2025"},"content":{"rendered":"\n<p>Redacci\u00f3n <\/p>\n\n\n\n<p><em>El premio tiene el objetivo de reconocer la excelencia y apoyar las mejores pr\u00e1cticas y contribuciones al desarrollo urbano sostenible<\/em><\/p>\n\n\n\n<p>El programa de las Naciones Unidas para los asentamientos humanos,&nbsp;<strong>ONU-Habitat<\/strong>, y la&nbsp;<strong>Municipalidad de Dub\u00e1i<\/strong>&nbsp;abrieron la convocatoria para participar en la edici\u00f3n 2025 del&nbsp;<strong>Premio Internacional Dub\u00e1i de Mejores Pr\u00e1cticas para el Desarrollo Sostenible<\/strong>.<\/p>\n\n\n\n<p>Dicho premio se estableci\u00f3 en 1995, durante la&nbsp;<strong>Conferencia Internacional de la ONU<\/strong>&nbsp;en Dub\u00e1i, con el prop\u00f3sito de compartir las mejores pr\u00e1cticas para el desarrollo acelerado del sector de los asentamientos humanos.<\/p>\n\n\n\n<p>Actualmente, el premio busca reconocer la excelencia y apoyar las mejores pr\u00e1cticas y contribuciones al&nbsp;<strong>desarrollo urbano sostenible<\/strong>, resultado de asociaciones efectivas entre los sectores p\u00fablico, privado y c\u00edvico.<\/p>\n\n\n\n<p>La&nbsp;<strong>convocatoria<\/strong>&nbsp;est\u00e1 abierta a gobiernos nacionales y regionales, autoridades locales y sus asociaciones, organizaciones no gubernamentales, agencias multilaterales, organizaciones comunitarias, instituciones acad\u00e9micas y de investigaci\u00f3n, fundaciones p\u00fablicas y privadas, entidades de medios de comunicaci\u00f3n y particulares.<\/p>\n\n\n\n<h2 class=\"wp-block-heading\"><strong>Categor\u00edas del Premio<\/strong><\/h2>\n\n\n\n<p>El&nbsp;<strong>Premio de Mejores Pr\u00e1cticas<\/strong>&nbsp;se divide en las siguientes categor\u00edas:<\/p>\n\n\n\n<ul class=\"wp-block-list\">\n<li><strong>Regeneraci\u00f3n Urbana y Espacios P\u00fablicos<\/strong>\u2013 Esta categor\u00eda aborda las ciudades del futuro; es decir, encontrar formas en que las ciudades proporcionen viviendas asequibles y acceso a alimentos, agua, aire limpio, movilidad, vida p\u00fablica y naturaleza para poblaciones urbanas cada vez m\u00e1s numerosas.<\/li>\n\n\n\n<li><strong>El edificio m\u00e1s bello, innovador e ic\u00f3nico<\/strong>\u2013 Reconoce los proyectos sostenibles m\u00e1s ic\u00f3nicos, inteligentes, innovadores y centrados en el ser humano que combinan pr\u00e1cticas de dise\u00f1o y construcci\u00f3n ecol\u00f3gicas con excelencia arquitect\u00f3nica moderna e inteligente en un enfoque eco-humano-cultural innovador.<\/li>\n\n\n\n<li><strong>Mantenimiento de los Sistemas Alimentarios Urbanos<\/strong>\u2013 Contempla un mejor acceso a los alimentos, al tiempo que se mantiene una fuerte conexi\u00f3n entre la producci\u00f3n, el almacenamiento y el suministro de alimentos a los beneficiarios locales, regionales y mundiales.<\/li>\n\n\n\n<li><strong>Abordar el cambio clim\u00e1tico y reducir la contaminaci\u00f3n<\/strong>\u2013 Atiende soluciones que abordan el cambio clim\u00e1tico, la reducci\u00f3n de la contaminaci\u00f3n y la protecci\u00f3n de la biodiversidad.<\/li>\n\n\n\n<li><strong>Planificaci\u00f3n y gesti\u00f3n de infraestructuras urbanas<\/strong>\u2013 Busca soluciones adaptables, locales y resilientes basadas en proyectos innovadores, futuristas y sostenibles que mejoran las condiciones de vida y permitan un ciclo de vida m\u00e1s largo de la infraestructura que se transforma aceleradamente debido a la cuarta revoluci\u00f3n industrial.<\/li>\n<\/ul>\n\n\n\n<p>La fecha l\u00edmite para recibir solicitudes es el pr\u00f3ximo&nbsp;<strong>17 de octubre de 2025<\/strong>, y la ceremonia de premiaci\u00f3n se llevar\u00e1 a cabo en&nbsp;<strong>febrero de 2026<\/strong>&nbsp;durante la Cumbre Mundial de Gobierno en Dub\u00e1i.<a href=\"https:\/\/centrourbano.com\/revista\/author\/editorial\/\" rel=\"nofollow noopener\" target=\"_blank\"><\/a><\/p>\n","protected":false},"excerpt":{"rendered":"<p>Redacci\u00f3n El premio tiene el objetivo de reconocer la excelencia y apoyar las mejores pr\u00e1cticas y contribuciones al desarrollo urbano sostenible El programa de las Naciones Unidas para los asentamientos humanos,&nbsp;ONU-Habitat, y la&nbsp;Municipalidad de Dub\u00e1i&nbsp;abrieron la convocatoria para participar en la edici\u00f3n 2025 del&nbsp;Premio Internacional Dub\u00e1i de Mejores Pr\u00e1cticas para el Desarrollo Sostenible. Dicho premio [&hellip;]<\/p>\n","protected":false},"author":1,"featured_media":18154,"comment_status":"open","ping_status":"closed","sticky":false,"template":"","format":"standard","meta":{"site-sidebar-layout":"default","site-content-layout":"","ast-site-content-layout":"default","site-content-style":"default","site-sidebar-style":"default","ast-global-header-display":"","ast-banner-title-visibility":"","ast-main-header-display":"","ast-hfb-above-header-display":"","ast-hfb-below-header-display":"","ast-hfb-mobile-header-display":"","site-post-title":"","ast-breadcrumbs-content":"","ast-featured-img":"","footer-sml-layout":"","ast-disable-related-posts":"","theme-transparent-header-meta":"","adv-header-id-meta":"","stick-header-meta":"","header-above-stick-meta":"","header-main-stick-meta":"","header-below-stick-meta":"","astra-migrate-meta-layouts":"set","ast-page-background-enabled":"default","ast-page-background-meta":{"desktop":{"background-color":"var(--ast-global-color-4)","background-image":"","background-repeat":"repeat","background-position":"center center","background-size":"auto","background-attachment":"scroll","background-type":"","background-media":"","overlay-type":"","overlay-color":"","overlay-opacity":"","overlay-gradient":""},"tablet":{"background-color":"","background-image":"","background-repeat":"repeat","background-position":"center center","background-size":"auto","background-attachment":"scroll","background-type":"","background-media":"","overlay-type":"","overlay-color":"","overlay-opacity":"","overlay-gradient":""},"mobile":{"background-color":"","background-image":"","background-repeat":"repeat","background-position":"center center","background-size":"auto","background-attachment":"scroll","background-type":"","background-media":"","overlay-type":"","overlay-color":"","overlay-opacity":"","overlay-gradient":""}},"ast-content-background-meta":{"desktop":{"background-color":"var(--ast-global-color-5)","background-image":"","background-repeat":"repeat","background-position":"center center","background-size":"auto","background-attachment":"scroll","background-type":"","background-media":"","overlay-type":"","overlay-color":"","overlay-opacity":"","overlay-gradient":""},"tablet":{"background-color":"var(--ast-global-color-5)","background-image":"","background-repeat":"repeat","background-position":"center center","background-size":"auto","background-attachment":"scroll","background-type":"","background-media":"","overlay-type":"","overlay-color":"","overlay-opacity":"","overlay-gradient":""},"mobile":{"background-color":"var(--ast-global-color-5)","background-image":"","background-repeat":"repeat","background-position":"center center","background-size":"auto","background-attachment":"scroll","background-type":"","background-media":"","overlay-type":"","overlay-color":"","overlay-opacity":"","overlay-gradient":""}},"footnotes":""},"categories":[4],"tags":[522,6691],"class_list":["post-18153","post","type-post","status-publish","format-standard","has-post-thumbnail","hentry","category-noticias","tag-onu-habitat","tag-premio-dubai-2025"],"_links":{"self":[{"href":"https:\/\/hombresymujeresdelacasa.com\/home\/wp-json\/wp\/v2\/posts\/18153","targetHints":{"allow":["GET"]}}],"collection":[{"href":"https:\/\/hombresymujeresdelacasa.com\/home\/wp-json\/wp\/v2\/posts"}],"about":[{"href":"https:\/\/hombresymujeresdelacasa.com\/home\/wp-json\/wp\/v2\/types\/post"}],"author":[{"embeddable":true,"href":"https:\/\/hombresymujeresdelacasa.com\/home\/wp-json\/wp\/v2\/users\/1"}],"replies":[{"embeddable":true,"href":"https:\/\/hombresymujeresdelacasa.com\/home\/wp-json\/wp\/v2\/comments?post=18153"}],"version-history":[{"count":1,"href":"https:\/\/hombresymujeresdelacasa.com\/home\/wp-json\/wp\/v2\/posts\/18153\/revisions"}],"predecessor-version":[{"id":18155,"href":"https:\/\/hombresymujeresdelacasa.com\/home\/wp-json\/wp\/v2\/posts\/18153\/revisions\/18155"}],"wp:featuredmedia":[{"embeddable":true,"href":"https:\/\/hombresymujeresdelacasa.com\/home\/wp-json\/wp\/v2\/media\/18154"}],"wp:attachment":[{"href":"https:\/\/hombresymujeresdelacasa.com\/home\/wp-json\/wp\/v2\/media?parent=18153"}],"wp:term":[{"taxonomy":"category","embeddable":true,"href":"https:\/\/hombresymujeresdelacasa.com\/home\/wp-json\/wp\/v2\/categories?post=18153"},{"taxonomy":"post_tag","embeddable":true,"href":"https:\/\/hombresymujeresdelacasa.com\/home\/wp-json\/wp\/v2\/tags?post=18153"}],"curies":[{"name":"wp","href":"https:\/\/api.w.org\/{rel}","templated":true}]}}