{"id":18150,"date":"2025-07-31T15:25:11","date_gmt":"2025-07-31T21:25:11","guid":{"rendered":"https:\/\/hombresymujeresdelacasa.com\/home\/?p=18150"},"modified":"2025-07-31T15:25:19","modified_gmt":"2025-07-31T21:25:19","slug":"reforman-ley-de-vivienda-sustituyen-digna-por-adecuada","status":"publish","type":"post","link":"https:\/\/hombresymujeresdelacasa.com\/home\/reforman-ley-de-vivienda-sustituyen-digna-por-adecuada\/","title":{"rendered":"Reforman Ley de Vivienda: sustituyen &#8216;digna&#8217; por &#8216;adecuada&#8217;"},"content":{"rendered":"\n<p>Redacci\u00f3n <\/p>\n\n\n\n<p><em>El dictamen de reforma indica que el t\u00e9rmino \u2018vivienda adecuada\u2019 responde a siete elementos objetivos que permiten garantizar ese derecho<\/em><\/p>\n\n\n\n<p>La&nbsp;<strong><a href=\"https:\/\/centrourbano.com\/revista\/vivienda\/aprueban-diputados-vivienda-adecuada\/\" target=\"_blank\" rel=\"noreferrer noopener nofollow\">Comisi\u00f3n de Vivienda<\/a>&nbsp;de la C\u00e1mara de Diputados<\/strong>&nbsp;aprob\u00f3 un dictamen que reforma diversas disposiciones a la&nbsp;<strong>Ley de Vivienda<\/strong>, a fin de modificar el t\u00e9rmino \u2018<strong>vivienda digna y decorosa\u2019<\/strong>&nbsp;por \u2018<strong>vivienda adecuada\u2019<\/strong>; as\u00ed como sustituir el concepto \u2018<strong>familias\u2019<\/strong>&nbsp;por el de \u2018<strong>personas\u2019<\/strong>.<\/p>\n\n\n\n<p>El documento se\u00f1ala que las modificaciones representan un&nbsp;<strong>cambio de paradigma<\/strong>&nbsp;no solamente en el \u00e1mbito conceptual, sino en el f\u00e1ctico, toda vez que la&nbsp;<strong>vivienda digna y decorosa<\/strong>&nbsp;no puede ser medida ni evaluada por tratarse de un t\u00e9rmino subjetivo; en cambio, la&nbsp;<strong>vivienda adecuada<\/strong>&nbsp;responde a siete elementos objetivos que permiten garantizar ese derecho y medir su cumplimiento.<\/p>\n\n\n\n<p>Asimismo, refiere que dichos elementos responden a las consideraciones establecidas por el&nbsp;<strong>Comit\u00e9 de Derechos Econ\u00f3micos, Sociales y Culturales<\/strong>, las cuales incluyen: seguridad jur\u00eddica de la tenencia, disponibilidad de servicios, materiales, facilidades e infraestructura, gastos soportables, habitabilidad, asequibilidad, lugar y adecuaci\u00f3n cultural.<\/p>\n\n\n\n<p>Adem\u00e1s, el dictamen considera que las reformas permitir\u00e1n dar cumplimiento a los&nbsp;<strong>compromisos internacionales<\/strong>&nbsp;adquiridos por el Estado mexicano con relaci\u00f3n al&nbsp;<strong>Pacto Internacional de Derechos Econ\u00f3micos, Sociales y Culturales<\/strong>&nbsp;(<strong>PIDESC<\/strong>). En ese sentido, tendr\u00edan un gran impacto en millones de personas que contar\u00e1n con una vivienda con caracter\u00edsticas bien establecidas.<\/p>\n\n\n\n<p>Al respecto, la&nbsp;<strong>diputada Mar\u00eda del Rosario Orozco Caballero<\/strong>, promovente de la iniciativa, mencion\u00f3 que el t\u00e9rmino \u2018<strong>digna y decorosa<\/strong>\u2019 es un concepto subjetivo, y est\u00e1 sujeto a m\u00faltiples interpretaciones que no se pueden medir ni evaluar.<\/p>\n\n\n\n<p>\u201cNecesitamos un concepto que permitiera materializar ese derecho al momento de que se apliquen e implementen las pol\u00edticas p\u00fablicas\u201d, dijo.<\/p>\n\n\n\n<p>Y, de igual manera, mencion\u00f3 que no se trata \u00fanicamente de un ajuste de palabras, sino de un cambio de paradigma, de c\u00f3mo se debe concebir el&nbsp;<strong>derecho humano a la vivienda<\/strong>.<\/p>\n\n\n\n<p>Por ello, se\u00f1al\u00f3 que con la iniciativa se lograr\u00e1 armonizar la&nbsp;<strong>Ley<\/strong>&nbsp;para guardar congruencia con la&nbsp;<strong>Constituci\u00f3n Pol\u00edtica<\/strong>,&nbsp;<strong>tratados internaciones<\/strong>, as\u00ed como las&nbsp;<strong>acciones implementadas por el Gobierno Federal<\/strong>.<\/p>\n\n\n\n<p><\/p>\n\n\n\n<p><a href=\"https:\/\/centrourbano.com\/revista\/author\/editorial\/\" rel=\"nofollow noopener\" target=\"_blank\"><\/a><\/p>\n\n\n\n<p><\/p>\n\n\n\n<p><a href=\"https:\/\/centrourbano.com\/revista\/author\/editorial\/\" rel=\"nofollow noopener\" target=\"_blank\"><\/a><\/p>\n","protected":false},"excerpt":{"rendered":"<p>Redacci\u00f3n El dictamen de reforma indica que el t\u00e9rmino \u2018vivienda adecuada\u2019 responde a siete elementos objetivos que permiten garantizar ese derecho La&nbsp;Comisi\u00f3n de Vivienda&nbsp;de la C\u00e1mara de Diputados&nbsp;aprob\u00f3 un dictamen que reforma diversas disposiciones a la&nbsp;Ley de Vivienda, a fin de modificar el t\u00e9rmino \u2018vivienda digna y decorosa\u2019&nbsp;por \u2018vivienda adecuada\u2019; as\u00ed como sustituir el concepto [&hellip;]<\/p>\n","protected":false},"author":1,"featured_media":18151,"comment_status":"open","ping_status":"closed","sticky":false,"template":"","format":"standard","meta":{"site-sidebar-layout":"default","site-content-layout":"","ast-site-content-layout":"default","site-content-style":"default","site-sidebar-style":"default","ast-global-header-display":"","ast-banner-title-visibility":"","ast-main-header-display":"","ast-hfb-above-header-display":"","ast-hfb-below-header-display":"","ast-hfb-mobile-header-display":"","site-post-title":"","ast-breadcrumbs-content":"","ast-featured-img":"","footer-sml-layout":"","ast-disable-related-posts":"","theme-transparent-header-meta":"","adv-header-id-meta":"","stick-header-meta":"","header-above-stick-meta":"","header-main-stick-meta":"","header-below-stick-meta":"","astra-migrate-meta-layouts":"set","ast-page-background-enabled":"default","ast-page-background-meta":{"desktop":{"background-color":"var(--ast-global-color-4)","background-image":"","background-repeat":"repeat","background-position":"center center","background-size":"auto","background-attachment":"scroll","background-type":"","background-media":"","overlay-type":"","overlay-color":"","overlay-opacity":"","overlay-gradient":""},"tablet":{"background-color":"","background-image":"","background-repeat":"repeat","background-position":"center center","background-size":"auto","background-attachment":"scroll","background-type":"","background-media":"","overlay-type":"","overlay-color":"","overlay-opacity":"","overlay-gradient":""},"mobile":{"background-color":"","background-image":"","background-repeat":"repeat","background-position":"center center","background-size":"auto","background-attachment":"scroll","background-type":"","background-media":"","overlay-type":"","overlay-color":"","overlay-opacity":"","overlay-gradient":""}},"ast-content-background-meta":{"desktop":{"background-color":"var(--ast-global-color-5)","background-image":"","background-repeat":"repeat","background-position":"center center","background-size":"auto","background-attachment":"scroll","background-type":"","background-media":"","overlay-type":"","overlay-color":"","overlay-opacity":"","overlay-gradient":""},"tablet":{"background-color":"var(--ast-global-color-5)","background-image":"","background-repeat":"repeat","background-position":"center center","background-size":"auto","background-attachment":"scroll","background-type":"","background-media":"","overlay-type":"","overlay-color":"","overlay-opacity":"","overlay-gradient":""},"mobile":{"background-color":"var(--ast-global-color-5)","background-image":"","background-repeat":"repeat","background-position":"center center","background-size":"auto","background-attachment":"scroll","background-type":"","background-media":"","overlay-type":"","overlay-color":"","overlay-opacity":"","overlay-gradient":""}},"footnotes":""},"categories":[4],"tags":[484,177],"class_list":["post-18150","post","type-post","status-publish","format-standard","has-post-thumbnail","hentry","category-noticias","tag-ley-de-vivienda","tag-vivienda"],"_links":{"self":[{"href":"https:\/\/hombresymujeresdelacasa.com\/home\/wp-json\/wp\/v2\/posts\/18150","targetHints":{"allow":["GET"]}}],"collection":[{"href":"https:\/\/hombresymujeresdelacasa.com\/home\/wp-json\/wp\/v2\/posts"}],"about":[{"href":"https:\/\/hombresymujeresdelacasa.com\/home\/wp-json\/wp\/v2\/types\/post"}],"author":[{"embeddable":true,"href":"https:\/\/hombresymujeresdelacasa.com\/home\/wp-json\/wp\/v2\/users\/1"}],"replies":[{"embeddable":true,"href":"https:\/\/hombresymujeresdelacasa.com\/home\/wp-json\/wp\/v2\/comments?post=18150"}],"version-history":[{"count":1,"href":"https:\/\/hombresymujeresdelacasa.com\/home\/wp-json\/wp\/v2\/posts\/18150\/revisions"}],"predecessor-version":[{"id":18152,"href":"https:\/\/hombresymujeresdelacasa.com\/home\/wp-json\/wp\/v2\/posts\/18150\/revisions\/18152"}],"wp:featuredmedia":[{"embeddable":true,"href":"https:\/\/hombresymujeresdelacasa.com\/home\/wp-json\/wp\/v2\/media\/18151"}],"wp:attachment":[{"href":"https:\/\/hombresymujeresdelacasa.com\/home\/wp-json\/wp\/v2\/media?parent=18150"}],"wp:term":[{"taxonomy":"category","embeddable":true,"href":"https:\/\/hombresymujeresdelacasa.com\/home\/wp-json\/wp\/v2\/categories?post=18150"},{"taxonomy":"post_tag","embeddable":true,"href":"https:\/\/hombresymujeresdelacasa.com\/home\/wp-json\/wp\/v2\/tags?post=18150"}],"curies":[{"name":"wp","href":"https:\/\/api.w.org\/{rel}","templated":true}]}}