{"id":18131,"date":"2025-07-30T11:56:48","date_gmt":"2025-07-30T17:56:48","guid":{"rendered":"https:\/\/hombresymujeresdelacasa.com\/home\/?p=18131"},"modified":"2025-07-30T11:56:53","modified_gmt":"2025-07-30T17:56:53","slug":"renta-economica-en-cdmx-esto-necesitas-para-acceder-al-programa-del-invi","status":"publish","type":"post","link":"https:\/\/hombresymujeresdelacasa.com\/home\/renta-economica-en-cdmx-esto-necesitas-para-acceder-al-programa-del-invi\/","title":{"rendered":"Renta econ\u00f3mica en CDMX: esto necesitas para acceder al programa del INVI"},"content":{"rendered":"\n<p>Por: Rebeca Romero <\/p>\n\n\n\n<p><em>Antes de que termine el a\u00f1o, el gobierno capitalino entregar\u00e1 mil viviendas pertenecientes al programa de renta<\/em><\/p>\n\n\n\n<p>El Gobierno de la Ciudad de M\u00e9xico present\u00f3 el programa&nbsp;<strong><a href=\"https:\/\/centrourbano.com\/revista\/vivienda\/brugada-lanza-vivienda-publica-para-renta\/\" target=\"_blank\" rel=\"noreferrer noopener nofollow\">Vivienda P\u00fablica<\/a>&nbsp;para Renta<\/strong>, mediante el cual proyecta entregar&nbsp;<strong>20,000 viviendas en arrendamiento<\/strong>&nbsp;econ\u00f3mico al t\u00e9rmino del sexenio.<\/p>\n\n\n\n<p>A trav\u00e9s de este programa, la administraci\u00f3n capitalina trabajar\u00e1 en la rehabilitaci\u00f3n y construcci\u00f3n de viviendas que estar\u00e1n disponibles \u00fanicamente para renta en las alcald\u00edas&nbsp;<strong>Cuauht\u00e9moc, Azcapotzalco y Miguel Hidalgo<\/strong>. Clara Brugada, jefa deG, indic\u00f3 que, durante este a\u00f1o, se podr\u00e1n entregar mil viviendas.<\/p>\n\n\n\n<p>Uno de los objetivos de este programa es brindar rentas econ\u00f3micas, por lo que el&nbsp;<strong>arrendamiento de los inmuebles no exceder\u00e1 el 30% de los ingresos<\/strong>&nbsp;de los capitalinos. Cabe se\u00f1alar que los contratos ser\u00e1n de por lo menos un a\u00f1o, con opci\u00f3n a renovarse en caso de que persistan las condiciones de necesidad de vivienda.<\/p>\n\n\n\n<p>Para acceder al programa Vivienda P\u00fablica para Renta, el Instituto de Vivienda (INVI) destac\u00f3 que los postulantes deben ser habitantes de la Ciudad de M\u00e9xico conforme a la legislaci\u00f3n civil aplicable,&nbsp;<strong>no contar con una vivienda en propiedad y tener un ingreso comprobable no mayor a tres salarios m\u00ednimos diarios<\/strong>.<\/p>\n\n\n\n<p>Adem\u00e1s, el INVI se\u00f1al\u00f3 que el&nbsp;<strong>programa est\u00e1 dirigido a atender a grupos vulnerables<\/strong>, por lo que tendr\u00e1n atenci\u00f3n prioritaria las mujeres jefas de familia, miembros de la comunidad LGBTTTIQ+, adultos mayores de 60 a\u00f1os, personas con alguna discapacidad, j\u00f3venes, y capitalinos en proceso de desalojo judicial o ya desalojados, entre otros.<\/p>\n\n\n\n<p>Aunque el gobierno capitalino a\u00fan no publica las bases para este programa, el INVI solicita los siguientes documentos para inscribirse en sus programas, por lo que tenerlos a la mano es una buena opci\u00f3n.<\/p>\n\n\n\n<ul class=\"wp-block-list\">\n<li>Acta de nacimiento<\/li>\n\n\n\n<li>CURP<\/li>\n\n\n\n<li>Identificaci\u00f3n oficial vigente<\/li>\n\n\n\n<li>Comprobante de ingresos actualizado<\/li>\n\n\n\n<li>Comprobante de domicilio en CDMX<\/li>\n\n\n\n<li>Certificado de no propiedad<\/li>\n<\/ul>\n\n\n\n<p>Finalmente, ser\u00e1 necesario contar con un estudio socioecon\u00f3mico emitido por el INVI, el cual se realiza en sus oficinas. Para solicitarlo, es necesario acudir con&nbsp;<a href=\"https:\/\/citas.cdmx.gob.mx\/\" target=\"_blank\" rel=\"noreferrer noopener nofollow\">cita previa<\/a>.<\/p>\n","protected":false},"excerpt":{"rendered":"<p>Por: Rebeca Romero Antes de que termine el a\u00f1o, el gobierno capitalino entregar\u00e1 mil viviendas pertenecientes al programa de renta El Gobierno de la Ciudad de M\u00e9xico present\u00f3 el programa&nbsp;Vivienda P\u00fablica&nbsp;para Renta, mediante el cual proyecta entregar&nbsp;20,000 viviendas en arrendamiento&nbsp;econ\u00f3mico al t\u00e9rmino del sexenio. A trav\u00e9s de este programa, la administraci\u00f3n capitalina trabajar\u00e1 en la [&hellip;]<\/p>\n","protected":false},"author":1,"featured_media":18132,"comment_status":"open","ping_status":"closed","sticky":false,"template":"","format":"standard","meta":{"site-sidebar-layout":"default","site-content-layout":"","ast-site-content-layout":"default","site-content-style":"default","site-sidebar-style":"default","ast-global-header-display":"","ast-banner-title-visibility":"","ast-main-header-display":"","ast-hfb-above-header-display":"","ast-hfb-below-header-display":"","ast-hfb-mobile-header-display":"","site-post-title":"","ast-breadcrumbs-content":"","ast-featured-img":"","footer-sml-layout":"","ast-disable-related-posts":"","theme-transparent-header-meta":"","adv-header-id-meta":"","stick-header-meta":"","header-above-stick-meta":"","header-main-stick-meta":"","header-below-stick-meta":"","astra-migrate-meta-layouts":"set","ast-page-background-enabled":"default","ast-page-background-meta":{"desktop":{"background-color":"var(--ast-global-color-4)","background-image":"","background-repeat":"repeat","background-position":"center center","background-size":"auto","background-attachment":"scroll","background-type":"","background-media":"","overlay-type":"","overlay-color":"","overlay-opacity":"","overlay-gradient":""},"tablet":{"background-color":"","background-image":"","background-repeat":"repeat","background-position":"center center","background-size":"auto","background-attachment":"scroll","background-type":"","background-media":"","overlay-type":"","overlay-color":"","overlay-opacity":"","overlay-gradient":""},"mobile":{"background-color":"","background-image":"","background-repeat":"repeat","background-position":"center center","background-size":"auto","background-attachment":"scroll","background-type":"","background-media":"","overlay-type":"","overlay-color":"","overlay-opacity":"","overlay-gradient":""}},"ast-content-background-meta":{"desktop":{"background-color":"var(--ast-global-color-5)","background-image":"","background-repeat":"repeat","background-position":"center center","background-size":"auto","background-attachment":"scroll","background-type":"","background-media":"","overlay-type":"","overlay-color":"","overlay-opacity":"","overlay-gradient":""},"tablet":{"background-color":"var(--ast-global-color-5)","background-image":"","background-repeat":"repeat","background-position":"center center","background-size":"auto","background-attachment":"scroll","background-type":"","background-media":"","overlay-type":"","overlay-color":"","overlay-opacity":"","overlay-gradient":""},"mobile":{"background-color":"var(--ast-global-color-5)","background-image":"","background-repeat":"repeat","background-position":"center center","background-size":"auto","background-attachment":"scroll","background-type":"","background-media":"","overlay-type":"","overlay-color":"","overlay-opacity":"","overlay-gradient":""}},"footnotes":""},"categories":[4],"tags":[41,2985,177],"class_list":["post-18131","post","type-post","status-publish","format-standard","has-post-thumbnail","hentry","category-noticias","tag-cdmx","tag-invi","tag-vivienda"],"_links":{"self":[{"href":"https:\/\/hombresymujeresdelacasa.com\/home\/wp-json\/wp\/v2\/posts\/18131","targetHints":{"allow":["GET"]}}],"collection":[{"href":"https:\/\/hombresymujeresdelacasa.com\/home\/wp-json\/wp\/v2\/posts"}],"about":[{"href":"https:\/\/hombresymujeresdelacasa.com\/home\/wp-json\/wp\/v2\/types\/post"}],"author":[{"embeddable":true,"href":"https:\/\/hombresymujeresdelacasa.com\/home\/wp-json\/wp\/v2\/users\/1"}],"replies":[{"embeddable":true,"href":"https:\/\/hombresymujeresdelacasa.com\/home\/wp-json\/wp\/v2\/comments?post=18131"}],"version-history":[{"count":1,"href":"https:\/\/hombresymujeresdelacasa.com\/home\/wp-json\/wp\/v2\/posts\/18131\/revisions"}],"predecessor-version":[{"id":18133,"href":"https:\/\/hombresymujeresdelacasa.com\/home\/wp-json\/wp\/v2\/posts\/18131\/revisions\/18133"}],"wp:featuredmedia":[{"embeddable":true,"href":"https:\/\/hombresymujeresdelacasa.com\/home\/wp-json\/wp\/v2\/media\/18132"}],"wp:attachment":[{"href":"https:\/\/hombresymujeresdelacasa.com\/home\/wp-json\/wp\/v2\/media?parent=18131"}],"wp:term":[{"taxonomy":"category","embeddable":true,"href":"https:\/\/hombresymujeresdelacasa.com\/home\/wp-json\/wp\/v2\/categories?post=18131"},{"taxonomy":"post_tag","embeddable":true,"href":"https:\/\/hombresymujeresdelacasa.com\/home\/wp-json\/wp\/v2\/tags?post=18131"}],"curies":[{"name":"wp","href":"https:\/\/api.w.org\/{rel}","templated":true}]}}