{"id":18086,"date":"2025-07-23T13:46:05","date_gmt":"2025-07-23T19:46:05","guid":{"rendered":"https:\/\/hombresymujeresdelacasa.com\/home\/?p=18086"},"modified":"2025-07-23T13:46:16","modified_gmt":"2025-07-23T19:46:16","slug":"bando-1-iai-y-ampi-advierten-riesgos-del-control-a-las-rentas","status":"publish","type":"post","link":"https:\/\/hombresymujeresdelacasa.com\/home\/bando-1-iai-y-ampi-advierten-riesgos-del-control-a-las-rentas\/","title":{"rendered":"Bando 1: IAI y AMPI advierten riesgos del control a las rentas"},"content":{"rendered":"\n<p>Redacci\u00f3n <\/p>\n\n\n\n<p><em>\u201cEl control de rentas, como lo demuestran la historia y la evidencia internacional, no ha funcionado en ninguna \u00e9poca ni pa\u00eds\u201d<\/em><\/p>\n\n\n\n<p>Luego del reciente anuncio del&nbsp;<strong>Bando 1&nbsp;<\/strong>por parte del Gobierno de la Ciudad de M\u00e9xico, un plan integral para enfrentar la gentrificaci\u00f3n y garantizar vivienda asequible, la&nbsp;<strong>Asociaci\u00f3n Mexicana de Profesionales Inmobiliarios<\/strong>&nbsp;(<strong>AMPI<\/strong>)&nbsp;<strong>Ciudad de M\u00e9xic<\/strong>o y el&nbsp;<strong>Instituto de Administradores de Inmuebles<\/strong>&nbsp;(<strong>IAI<\/strong>) reconocieron advirtieron sobre posibles efectos negativos de algunas medidas, como el control de rentas.<\/p>\n\n\n\n<p>Por medio de un comunicado, ambas organizaciones reiteraron su compromiso con el&nbsp;<strong>desarrollo arm\u00f3nico de la ciudad<\/strong>, la&nbsp;<strong>propiedad privada<\/strong>&nbsp;y una&nbsp;<strong>econom\u00eda basada en la libre oferta y demanda<\/strong>, al considerar estos elementos fundamentales para una econom\u00eda justa y din\u00e1mica.<\/p>\n\n\n\n<h2 class=\"wp-block-heading\"><strong>Combatir la gentrificaci\u00f3n es una causa leg\u00edtima, pero hay que cuidar la inversi\u00f3n<\/strong><\/h2>\n\n\n\n<p>Las agrupaciones inmobiliarias reconocieron que el&nbsp;<strong>Bando 1<\/strong>&nbsp;parte de una preocupaci\u00f3n leg\u00edtima por los efectos de la&nbsp;<strong>gentrificaci\u00f3n<\/strong>&nbsp;y por preservar el arraigo de las comunidades, adem\u00e1s de celebrar la disposici\u00f3n del gobierno por mejorar las condiciones de vivienda en la capital.<\/p>\n\n\n\n<p>Sin embargo, advirtieron sobre los riesgos de implementar&nbsp;<strong>controles de renta<\/strong>, una de las medidas centrales que prev\u00e9 el gobierno para frenar el encarecimiento en zonas de alta presi\u00f3n inmobiliaria.<\/p>\n\n\n\n<p>\u201cEl&nbsp;<strong>control de rentas<\/strong>, como lo demuestran la historia y la evidencia internacional, no ha funcionado en ninguna \u00e9poca ni pa\u00eds\u201d, se\u00f1alaron.<\/p>\n\n\n\n<p>Seg\u00fan su an\u00e1lisis, este tipo de regulaci\u00f3n puede&nbsp;<strong>inhibir la inversi\u00f3n<\/strong>&nbsp;y&nbsp;<strong>reducir la oferta de vivienda<\/strong>, afectando precisamente a quienes m\u00e1s la necesitan.<\/p>\n\n\n\n<h2 class=\"wp-block-heading\"><strong>Desarrollo con visi\u00f3n de largo plazo<\/strong><\/h2>\n\n\n\n<p>De igual manera,&nbsp;<strong>AMPI CDMX<\/strong>&nbsp;y el&nbsp;<strong>IAI<\/strong>&nbsp;destacaron que el 90% de lo planteado en el&nbsp;<strong>Bando 1<\/strong>&nbsp;ya se encuentra vigente desde el segundo semestre de 2024 y, hasta ahora, no ha generado afectaciones importantes al mercado de arrendamiento.<\/p>\n\n\n\n<p>Subrayaron tambi\u00e9n que las&nbsp;<strong>pol\u00edticas de desarrollo urbano<\/strong>&nbsp;deben encontrar un balance entre la inclusi\u00f3n social, la sustentabilidad y la libertad de elecci\u00f3n de los ciudadanos sobre d\u00f3nde vivir, sin frenar la participaci\u00f3n de la iniciativa privada.<\/p>\n\n\n\n<p>\u201cNinguna pol\u00edtica p\u00fablica debe convertirse en barrera para el desarrollo econ\u00f3mico ni desalentar la inversi\u00f3n privada\u201d, puntualizaron.<\/p>\n\n\n\n<h2 class=\"wp-block-heading\"><strong>Inversi\u00f3n p\u00fablica y vivienda asequible<\/strong><\/h2>\n\n\n\n<p>Pese a sus reservas,&nbsp;<strong>AMPI<\/strong>&nbsp;e&nbsp;<strong>IAI<\/strong>&nbsp;tambi\u00e9n reconocieron positivamente el anuncio de una&nbsp;<strong>inversi\u00f3n p\u00fablica por 9,000 millones de pesos<\/strong>&nbsp;para el desarrollo de vivienda en renta a precios asequibles, lo cual consideran un paso relevante que podr\u00eda abrir oportunidades de negocio y generar una derrama econ\u00f3mica significativa.<\/p>\n\n\n\n<h2 class=\"wp-block-heading\"><strong>Llamado a la colaboraci\u00f3n p\u00fablico-privada<\/strong><\/h2>\n\n\n\n<p>Finalmente, los organismos hicieron un llamado al di\u00e1logo y la colaboraci\u00f3n entre el&nbsp;<strong>gobierno<\/strong>, el&nbsp;<strong>sector privado<\/strong>&nbsp;y la&nbsp;<strong>sociedad civil<\/strong>&nbsp;para construir soluciones conjuntas que atiendan la necesidad de vivienda sin comprometer el dinamismo econ\u00f3mico de la ciudad.<\/p>\n\n\n\n<p>\u201cHagamos de la Ciudad de M\u00e9xico un modelo de desarrollo incluyente, sustentable y con visi\u00f3n de largo plazo, donde la inversi\u00f3n y la vivienda digna convivan como motores de una ciudad pr\u00f3spera para todas y todos\u201d, expresaron&nbsp;<strong>Felipe A. Cuevas Pe\u00f1a, presidente de AMPI CDMX<\/strong>, y&nbsp;<strong>Laura Zazueta Gonz\u00e1lez, directora del IAI<\/strong>.<a href=\"https:\/\/centrourbano.com\/revista\/author\/editorial\/\" rel=\"nofollow noopener\" target=\"_blank\"><\/a><\/p>\n","protected":false},"excerpt":{"rendered":"<p>Redacci\u00f3n \u201cEl control de rentas, como lo demuestran la historia y la evidencia internacional, no ha funcionado en ninguna \u00e9poca ni pa\u00eds\u201d Luego del reciente anuncio del&nbsp;Bando 1&nbsp;por parte del Gobierno de la Ciudad de M\u00e9xico, un plan integral para enfrentar la gentrificaci\u00f3n y garantizar vivienda asequible, la&nbsp;Asociaci\u00f3n Mexicana de Profesionales Inmobiliarios&nbsp;(AMPI)&nbsp;Ciudad de M\u00e9xico y [&hellip;]<\/p>\n","protected":false},"author":1,"featured_media":18087,"comment_status":"open","ping_status":"closed","sticky":false,"template":"","format":"standard","meta":{"site-sidebar-layout":"default","site-content-layout":"","ast-site-content-layout":"default","site-content-style":"default","site-sidebar-style":"default","ast-global-header-display":"","ast-banner-title-visibility":"","ast-main-header-display":"","ast-hfb-above-header-display":"","ast-hfb-below-header-display":"","ast-hfb-mobile-header-display":"","site-post-title":"","ast-breadcrumbs-content":"","ast-featured-img":"","footer-sml-layout":"","ast-disable-related-posts":"","theme-transparent-header-meta":"","adv-header-id-meta":"","stick-header-meta":"","header-above-stick-meta":"","header-main-stick-meta":"","header-below-stick-meta":"","astra-migrate-meta-layouts":"set","ast-page-background-enabled":"default","ast-page-background-meta":{"desktop":{"background-color":"var(--ast-global-color-4)","background-image":"","background-repeat":"repeat","background-position":"center center","background-size":"auto","background-attachment":"scroll","background-type":"","background-media":"","overlay-type":"","overlay-color":"","overlay-opacity":"","overlay-gradient":""},"tablet":{"background-color":"","background-image":"","background-repeat":"repeat","background-position":"center center","background-size":"auto","background-attachment":"scroll","background-type":"","background-media":"","overlay-type":"","overlay-color":"","overlay-opacity":"","overlay-gradient":""},"mobile":{"background-color":"","background-image":"","background-repeat":"repeat","background-position":"center center","background-size":"auto","background-attachment":"scroll","background-type":"","background-media":"","overlay-type":"","overlay-color":"","overlay-opacity":"","overlay-gradient":""}},"ast-content-background-meta":{"desktop":{"background-color":"var(--ast-global-color-5)","background-image":"","background-repeat":"repeat","background-position":"center center","background-size":"auto","background-attachment":"scroll","background-type":"","background-media":"","overlay-type":"","overlay-color":"","overlay-opacity":"","overlay-gradient":""},"tablet":{"background-color":"var(--ast-global-color-5)","background-image":"","background-repeat":"repeat","background-position":"center center","background-size":"auto","background-attachment":"scroll","background-type":"","background-media":"","overlay-type":"","overlay-color":"","overlay-opacity":"","overlay-gradient":""},"mobile":{"background-color":"var(--ast-global-color-5)","background-image":"","background-repeat":"repeat","background-position":"center center","background-size":"auto","background-attachment":"scroll","background-type":"","background-media":"","overlay-type":"","overlay-color":"","overlay-opacity":"","overlay-gradient":""}},"footnotes":""},"categories":[4],"tags":[14,6686,2318],"class_list":["post-18086","post","type-post","status-publish","format-standard","has-post-thumbnail","hentry","category-noticias","tag-ampi","tag-iai","tag-rentas"],"_links":{"self":[{"href":"https:\/\/hombresymujeresdelacasa.com\/home\/wp-json\/wp\/v2\/posts\/18086","targetHints":{"allow":["GET"]}}],"collection":[{"href":"https:\/\/hombresymujeresdelacasa.com\/home\/wp-json\/wp\/v2\/posts"}],"about":[{"href":"https:\/\/hombresymujeresdelacasa.com\/home\/wp-json\/wp\/v2\/types\/post"}],"author":[{"embeddable":true,"href":"https:\/\/hombresymujeresdelacasa.com\/home\/wp-json\/wp\/v2\/users\/1"}],"replies":[{"embeddable":true,"href":"https:\/\/hombresymujeresdelacasa.com\/home\/wp-json\/wp\/v2\/comments?post=18086"}],"version-history":[{"count":1,"href":"https:\/\/hombresymujeresdelacasa.com\/home\/wp-json\/wp\/v2\/posts\/18086\/revisions"}],"predecessor-version":[{"id":18088,"href":"https:\/\/hombresymujeresdelacasa.com\/home\/wp-json\/wp\/v2\/posts\/18086\/revisions\/18088"}],"wp:featuredmedia":[{"embeddable":true,"href":"https:\/\/hombresymujeresdelacasa.com\/home\/wp-json\/wp\/v2\/media\/18087"}],"wp:attachment":[{"href":"https:\/\/hombresymujeresdelacasa.com\/home\/wp-json\/wp\/v2\/media?parent=18086"}],"wp:term":[{"taxonomy":"category","embeddable":true,"href":"https:\/\/hombresymujeresdelacasa.com\/home\/wp-json\/wp\/v2\/categories?post=18086"},{"taxonomy":"post_tag","embeddable":true,"href":"https:\/\/hombresymujeresdelacasa.com\/home\/wp-json\/wp\/v2\/tags?post=18086"}],"curies":[{"name":"wp","href":"https:\/\/api.w.org\/{rel}","templated":true}]}}