{"id":18069,"date":"2025-07-21T16:19:07","date_gmt":"2025-07-21T22:19:07","guid":{"rendered":"https:\/\/hombresymujeresdelacasa.com\/home\/?p=18069"},"modified":"2025-07-21T16:19:14","modified_gmt":"2025-07-21T22:19:14","slug":"bogota-sera-sede-del-dia-mundial-de-las-ciudades-2025","status":"publish","type":"post","link":"https:\/\/hombresymujeresdelacasa.com\/home\/bogota-sera-sede-del-dia-mundial-de-las-ciudades-2025\/","title":{"rendered":"Bogot\u00e1 ser\u00e1 sede del D\u00eda Mundial de las Ciudades 2025"},"content":{"rendered":"\n<p>Redacci\u00f3n <\/p>\n\n\n\n<p><em>\u201cLa celebraci\u00f3n global en Bogot\u00e1 ser\u00e1 una oportunidad para fomentar el di\u00e1logo internacional sobre ciudades inteligentes centradas en las personas\u201d<\/em><\/p>\n\n\n\n<p>El programa de las Naciones Unidas para los asentamientos humanos,&nbsp;<strong>ONU-Habitat<\/strong>, anunci\u00f3 que&nbsp;<strong>Bogot\u00e1<\/strong>&nbsp;ser\u00e1 la sede de la pr\u00f3xima celebraci\u00f3n global del&nbsp;<a href=\"https:\/\/centrourbano.com\/revista\/urbanismo\/dia-mundial-ciudades-2024\/\" target=\"_blank\" rel=\"noreferrer noopener nofollow\"><strong>D\u00eda Mundial de las Ciudades<\/strong><\/a>, que se llevar\u00e1 a cabo el 31 de octubre de 2025 con el fin de resaltar el papel de las ciudades en el avance del desarrollo sostenible.<\/p>\n\n\n\n<p>La capital colombiana fue seleccionada por sus esfuerzos para integrar la&nbsp;<strong>inclusi\u00f3n<\/strong>, la&nbsp;<strong>resiliencia<\/strong>&nbsp;y la&nbsp;<strong>sostenibilidad<\/strong>&nbsp;en el desarrollo urbano; as\u00ed como por la implementaci\u00f3n de pol\u00edticas que promueven la inclusi\u00f3n social, el acceso a la vivienda, la movilidad sostenible y la acci\u00f3n clim\u00e1tica.<\/p>\n\n\n\n<p>\u201cNos sentimos orgullosos de celebrar el&nbsp;<strong>D\u00eda Mundial de las Ciudades 2025 en Bogot\u00e1<\/strong>, una ciudad que ejemplifica c\u00f3mo la innovaci\u00f3n puede estar al servicio de las personas y las comunidades. Este es un momento para unirnos, reconocer los avances urbanos y reafirmar nuestro compromiso compartido con ciudades inclusivas, sostenibles y centradas en las personas\u201d, destac\u00f3&nbsp;<strong>Anacl\u00e1udia Rossbach, directora ejecutiva de ONU-Habitat<\/strong>.<\/p>\n\n\n\n<p>\u201cLa celebraci\u00f3n global en&nbsp;<strong>Bogot\u00e1<\/strong>&nbsp;ser\u00e1 una oportunidad \u00fanica para fomentar el di\u00e1logo internacional sobre ciudades inteligentes centradas en las personas, donde la tecnolog\u00eda y los datos est\u00e9n al servicio de la mejora de la calidad de vida, el fortalecimiento de la participaci\u00f3n ciudadana y el acercamiento de las comunidades a una vivienda adecuada\u201d, se\u00f1al\u00f3&nbsp;<strong>Elkin Vel\u00e1squez, director regional para Am\u00e9rica Latina y el Caribe<\/strong>.<\/p>\n\n\n\n<p>\u201cPara&nbsp;<strong>Bogot\u00e1<\/strong>, ser sede del&nbsp;<strong>D\u00eda Mundial de las Ciudades<\/strong>&nbsp;es tanto un honor como una gran responsabilidad. Recibiremos al mundo con una ciudad que pone a las personas en el centro y demuestra que es posible construir resiliencia, sostenibilidad e inclusi\u00f3n a trav\u00e9s de la confianza y la participaci\u00f3n ciudadana\u201d,&nbsp;<strong>afirm\u00f3 Carlos Fernando Gal\u00e1n, alcalde de Bogot\u00e1<\/strong>.<\/p>\n\n\n\n<p>El&nbsp;<strong>D\u00eda Mundial de las Ciudades<\/strong>&nbsp;se celebra anualmente para reconocer los logros de las urbes en la respuesta a los desaf\u00edos globales m\u00e1s urgentes.<\/p>\n\n\n\n<p>Este a\u00f1o, la celebraci\u00f3n global se realizar\u00e1 bajo el tema \u2018<strong>Ciudades inteligentes centradas en las personas\u2019<\/strong>, y ser\u00e1 la segunda vez que tendr\u00e1 lugar en Am\u00e9rica Latina, despu\u00e9s de su conmemoraci\u00f3n en Quito en 2016.<\/p>\n\n\n\n<p>El evento reunir\u00e1 a representantes de gobiernos nacionales y locales, agencias de las Naciones Unidas, socios para el desarrollo, sociedad civil, academia y sector privado. Los participantes compartir\u00e1n lecciones aprendidas, buenas pr\u00e1cticas y enfoques pr\u00e1cticos para fortalecer el papel de las ciudades como motores del&nbsp;<strong>desarrollo sostenible<\/strong>.<\/p>\n\n\n\n<p>Adem\u00e1s, el&nbsp;<strong>D\u00eda Mundial de las Ciudades<\/strong>&nbsp;marcar\u00e1 el cierre de&nbsp;<strong>Octubre Urbano 2025<\/strong>, una iniciativa liderada por&nbsp;<strong>ONU-Habitat<\/strong>&nbsp;que moviliza a personas y organizaciones de todo el mundo para promover el di\u00e1logo y la acci\u00f3n en favor de ciudades m\u00e1s sostenibles, inclusivas y resilientes.<a href=\"https:\/\/centrourbano.com\/revista\/author\/editorial\/\" rel=\"nofollow noopener\" target=\"_blank\"><\/a><\/p>\n","protected":false},"excerpt":{"rendered":"<p>Redacci\u00f3n \u201cLa celebraci\u00f3n global en Bogot\u00e1 ser\u00e1 una oportunidad para fomentar el di\u00e1logo internacional sobre ciudades inteligentes centradas en las personas\u201d El programa de las Naciones Unidas para los asentamientos humanos,&nbsp;ONU-Habitat, anunci\u00f3 que&nbsp;Bogot\u00e1&nbsp;ser\u00e1 la sede de la pr\u00f3xima celebraci\u00f3n global del&nbsp;D\u00eda Mundial de las Ciudades, que se llevar\u00e1 a cabo el 31 de octubre de [&hellip;]<\/p>\n","protected":false},"author":1,"featured_media":18070,"comment_status":"open","ping_status":"closed","sticky":false,"template":"","format":"standard","meta":{"site-sidebar-layout":"default","site-content-layout":"","ast-site-content-layout":"default","site-content-style":"default","site-sidebar-style":"default","ast-global-header-display":"","ast-banner-title-visibility":"","ast-main-header-display":"","ast-hfb-above-header-display":"","ast-hfb-below-header-display":"","ast-hfb-mobile-header-display":"","site-post-title":"","ast-breadcrumbs-content":"","ast-featured-img":"","footer-sml-layout":"","ast-disable-related-posts":"","theme-transparent-header-meta":"","adv-header-id-meta":"","stick-header-meta":"","header-above-stick-meta":"","header-main-stick-meta":"","header-below-stick-meta":"","astra-migrate-meta-layouts":"set","ast-page-background-enabled":"default","ast-page-background-meta":{"desktop":{"background-color":"var(--ast-global-color-4)","background-image":"","background-repeat":"repeat","background-position":"center center","background-size":"auto","background-attachment":"scroll","background-type":"","background-media":"","overlay-type":"","overlay-color":"","overlay-opacity":"","overlay-gradient":""},"tablet":{"background-color":"","background-image":"","background-repeat":"repeat","background-position":"center center","background-size":"auto","background-attachment":"scroll","background-type":"","background-media":"","overlay-type":"","overlay-color":"","overlay-opacity":"","overlay-gradient":""},"mobile":{"background-color":"","background-image":"","background-repeat":"repeat","background-position":"center center","background-size":"auto","background-attachment":"scroll","background-type":"","background-media":"","overlay-type":"","overlay-color":"","overlay-opacity":"","overlay-gradient":""}},"ast-content-background-meta":{"desktop":{"background-color":"var(--ast-global-color-5)","background-image":"","background-repeat":"repeat","background-position":"center center","background-size":"auto","background-attachment":"scroll","background-type":"","background-media":"","overlay-type":"","overlay-color":"","overlay-opacity":"","overlay-gradient":""},"tablet":{"background-color":"var(--ast-global-color-5)","background-image":"","background-repeat":"repeat","background-position":"center center","background-size":"auto","background-attachment":"scroll","background-type":"","background-media":"","overlay-type":"","overlay-color":"","overlay-opacity":"","overlay-gradient":""},"mobile":{"background-color":"var(--ast-global-color-5)","background-image":"","background-repeat":"repeat","background-position":"center center","background-size":"auto","background-attachment":"scroll","background-type":"","background-media":"","overlay-type":"","overlay-color":"","overlay-opacity":"","overlay-gradient":""}},"footnotes":""},"categories":[4],"tags":[6682,6684,6683,522],"class_list":["post-18069","post","type-post","status-publish","format-standard","has-post-thumbnail","hentry","category-noticias","tag-bogota","tag-dia-mundial-de-las-ciudades-2","tag-octubre-urbano-2025","tag-onu-habitat"],"_links":{"self":[{"href":"https:\/\/hombresymujeresdelacasa.com\/home\/wp-json\/wp\/v2\/posts\/18069","targetHints":{"allow":["GET"]}}],"collection":[{"href":"https:\/\/hombresymujeresdelacasa.com\/home\/wp-json\/wp\/v2\/posts"}],"about":[{"href":"https:\/\/hombresymujeresdelacasa.com\/home\/wp-json\/wp\/v2\/types\/post"}],"author":[{"embeddable":true,"href":"https:\/\/hombresymujeresdelacasa.com\/home\/wp-json\/wp\/v2\/users\/1"}],"replies":[{"embeddable":true,"href":"https:\/\/hombresymujeresdelacasa.com\/home\/wp-json\/wp\/v2\/comments?post=18069"}],"version-history":[{"count":1,"href":"https:\/\/hombresymujeresdelacasa.com\/home\/wp-json\/wp\/v2\/posts\/18069\/revisions"}],"predecessor-version":[{"id":18071,"href":"https:\/\/hombresymujeresdelacasa.com\/home\/wp-json\/wp\/v2\/posts\/18069\/revisions\/18071"}],"wp:featuredmedia":[{"embeddable":true,"href":"https:\/\/hombresymujeresdelacasa.com\/home\/wp-json\/wp\/v2\/media\/18070"}],"wp:attachment":[{"href":"https:\/\/hombresymujeresdelacasa.com\/home\/wp-json\/wp\/v2\/media?parent=18069"}],"wp:term":[{"taxonomy":"category","embeddable":true,"href":"https:\/\/hombresymujeresdelacasa.com\/home\/wp-json\/wp\/v2\/categories?post=18069"},{"taxonomy":"post_tag","embeddable":true,"href":"https:\/\/hombresymujeresdelacasa.com\/home\/wp-json\/wp\/v2\/tags?post=18069"}],"curies":[{"name":"wp","href":"https:\/\/api.w.org\/{rel}","templated":true}]}}