{"id":17500,"date":"2025-04-30T17:42:38","date_gmt":"2025-04-30T23:42:38","guid":{"rendered":"https:\/\/hombresymujeresdelacasa.com\/home\/?p=17500"},"modified":"2025-04-30T17:42:44","modified_gmt":"2025-04-30T23:42:44","slug":"campeche-y-quintana-roo-inician-construccion-de-vivienda-pvb","status":"publish","type":"post","link":"https:\/\/hombresymujeresdelacasa.com\/home\/campeche-y-quintana-roo-inician-construccion-de-vivienda-pvb\/","title":{"rendered":"Campeche y Quintana Roo inician construcci\u00f3n de vivienda: PVB"},"content":{"rendered":"\n<p>Redacci\u00f3n <\/p>\n\n\n\n<p><em>En Campeche se construir\u00e1 un total de 26,000 viviendas durante el sexenio; mientras que en Quintana Roo el total ser\u00e1 de 22,000<\/em><\/p>\n\n\n\n<p>El pasado fin de semana, la&nbsp;Secretar\u00eda de Desarrollo Agrario, Territorial y Urbano&nbsp;(Sedatu), la&nbsp;Comisi\u00f3n Nacional de Vivienda&nbsp;(Conavi) y el&nbsp;Instituto del Fondo Nacional de la Vivienda para los Trabajadores&nbsp;(Infonavit) iniciaron las obras de vivienda que se edificar\u00e1n mediante el&nbsp;<a href=\"https:\/\/centrourbano.com\/revista\/?s=pvb\" target=\"_blank\" rel=\"noreferrer noopener nofollow\">Programa de Vivienda<\/a>&nbsp;para el Bienestar&nbsp;(PVB) en&nbsp;<strong>Campeche y Quintana Roo<\/strong>.<\/p>\n\n\n\n<p>Edna Vega Rangel, titular de la&nbsp;<a href=\"https:\/\/www.gob.mx\/sedatu\/\" target=\"_blank\" rel=\"noreferrer noopener nofollow\">Sedatu<\/a>, inform\u00f3 que, en&nbsp;<strong>Campeche, la meta sexenal es de&nbsp;26,000 viviendas nuevas<\/strong>, de las cuales 11,000 ser\u00e1n construidas por el Infonavit para sus derechohabientes y 15,000 la Conavi para el resto de los trabajadores.<\/p>\n\n\n\n<p>Detall\u00f3 que,&nbsp;<strong>durante 2025<\/strong>, las dependencias&nbsp;<strong>edificar\u00e1n un total de 5,000 viviendas: 3,000 correspondientes al Infonavit y el resto a la Conavi<\/strong>. Adem\u00e1s, mediante el Instituto Nacional del Suelo Sustentable (Insus), se entregar\u00e1n 8,000 escrituras para garantizar certeza jur\u00eddica sobre las viviendas.<\/p>\n\n\n\n<p>Cabe se\u00f1alar que el gobierno de&nbsp;<strong>Campeche don\u00f3 el predio \u2018La Soledad\u2019<\/strong>, donde la Conavi podr\u00e1 instalar alrededor de&nbsp;<strong>200 viviendas<\/strong>.<\/p>\n\n\n\n<p>Por otro lado, tambi\u00e9n arranc\u00f3 la obra de las&nbsp;<strong>22,000 viviendas&nbsp;nuevas<\/strong>&nbsp;que se construir\u00e1n a trav\u00e9s del PVB en el estado de&nbsp;<strong>Quintana Roo.<\/strong><\/p>\n\n\n\n<p>Los funcionarios federales detallaron que, a trav\u00e9s de una inversi\u00f3n de&nbsp;<strong>13,000 millones de pesos<\/strong>&nbsp;(mdp) el&nbsp;<strong>Infonavit edificar\u00e1 12,000 viviendas<\/strong>&nbsp;para sus derechohabientes y la Conavi trabajar\u00e1 en 10,000 unidades destinadas al resto de los trabajadores.<\/p>\n\n\n\n<p>En&nbsp;<strong>2025 se edificar\u00e1n 8,000 viviendas: 6,000 por parte del Infonavit y 2,000 por la Conavi<\/strong>.&nbsp;Adem\u00e1s, el Insus entregar\u00e1 20,000 escrituras para fortalecer la certeza jur\u00eddica en materia de vivienda en la entidad.<\/p>\n\n\n\n<p>Octavio Romero Oropeza, director general del Infonavit, destac\u00f3 que ya se comenz\u00f3 la construcci\u00f3n de las primeras 5,000 viviendas en el fraccionamiento Para\u00edso Maya, en Benito Ju\u00e1rez, y se firm\u00f3 un contrato para el inicio de obras de 624 viviendas en Chetumal.<\/p>\n\n\n\n<p>Al igual que Campeche, el gobierno de\u00a0<strong>Quintana Roo don\u00f3 cinco predios destinados para la construcci\u00f3n de vivienda social<\/strong>.<\/p>\n\n\n\n<figure class=\"wp-block-image aligncenter size-full is-resized\"><img fetchpriority=\"high\" decoding=\"async\" width=\"768\" height=\"512\" src=\"https:\/\/hombresymujeresdelacasa.com\/home\/wp-content\/uploads\/2025\/04\/image-3.png\" alt=\"\" class=\"wp-image-17501\" style=\"width:576px;height:auto\" srcset=\"https:\/\/hombresymujeresdelacasa.com\/home\/wp-content\/uploads\/2025\/04\/image-3.png 768w, https:\/\/hombresymujeresdelacasa.com\/home\/wp-content\/uploads\/2025\/04\/image-3-300x200.png 300w\" sizes=\"(max-width: 768px) 100vw, 768px\" \/><\/figure>\n\n\n\n<p class=\"has-text-align-center\"><\/p>\n\n\n\n<p><\/p>\n","protected":false},"excerpt":{"rendered":"<p>Redacci\u00f3n En Campeche se construir\u00e1 un total de 26,000 viviendas durante el sexenio; mientras que en Quintana Roo el total ser\u00e1 de 22,000 El pasado fin de semana, la&nbsp;Secretar\u00eda de Desarrollo Agrario, Territorial y Urbano&nbsp;(Sedatu), la&nbsp;Comisi\u00f3n Nacional de Vivienda&nbsp;(Conavi) y el&nbsp;Instituto del Fondo Nacional de la Vivienda para los Trabajadores&nbsp;(Infonavit) iniciaron las obras de vivienda [&hellip;]<\/p>\n","protected":false},"author":1,"featured_media":17502,"comment_status":"open","ping_status":"closed","sticky":false,"template":"","format":"standard","meta":{"site-sidebar-layout":"default","site-content-layout":"","ast-site-content-layout":"default","site-content-style":"default","site-sidebar-style":"default","ast-global-header-display":"","ast-banner-title-visibility":"","ast-main-header-display":"","ast-hfb-above-header-display":"","ast-hfb-below-header-display":"","ast-hfb-mobile-header-display":"","site-post-title":"","ast-breadcrumbs-content":"","ast-featured-img":"","footer-sml-layout":"","ast-disable-related-posts":"","theme-transparent-header-meta":"","adv-header-id-meta":"","stick-header-meta":"","header-above-stick-meta":"","header-main-stick-meta":"","header-below-stick-meta":"","astra-migrate-meta-layouts":"set","ast-page-background-enabled":"default","ast-page-background-meta":{"desktop":{"background-color":"var(--ast-global-color-4)","background-image":"","background-repeat":"repeat","background-position":"center center","background-size":"auto","background-attachment":"scroll","background-type":"","background-media":"","overlay-type":"","overlay-color":"","overlay-opacity":"","overlay-gradient":""},"tablet":{"background-color":"","background-image":"","background-repeat":"repeat","background-position":"center center","background-size":"auto","background-attachment":"scroll","background-type":"","background-media":"","overlay-type":"","overlay-color":"","overlay-opacity":"","overlay-gradient":""},"mobile":{"background-color":"","background-image":"","background-repeat":"repeat","background-position":"center center","background-size":"auto","background-attachment":"scroll","background-type":"","background-media":"","overlay-type":"","overlay-color":"","overlay-opacity":"","overlay-gradient":""}},"ast-content-background-meta":{"desktop":{"background-color":"var(--ast-global-color-5)","background-image":"","background-repeat":"repeat","background-position":"center center","background-size":"auto","background-attachment":"scroll","background-type":"","background-media":"","overlay-type":"","overlay-color":"","overlay-opacity":"","overlay-gradient":""},"tablet":{"background-color":"var(--ast-global-color-5)","background-image":"","background-repeat":"repeat","background-position":"center center","background-size":"auto","background-attachment":"scroll","background-type":"","background-media":"","overlay-type":"","overlay-color":"","overlay-opacity":"","overlay-gradient":""},"mobile":{"background-color":"var(--ast-global-color-5)","background-image":"","background-repeat":"repeat","background-position":"center center","background-size":"auto","background-attachment":"scroll","background-type":"","background-media":"","overlay-type":"","overlay-color":"","overlay-opacity":"","overlay-gradient":""}},"footnotes":""},"categories":[4],"tags":[102,1505,154,177],"class_list":["post-17500","post","type-post","status-publish","format-standard","has-post-thumbnail","hentry","category-noticias","tag-infonavit","tag-programa-de-vivienda","tag-sedatu","tag-vivienda"],"_links":{"self":[{"href":"https:\/\/hombresymujeresdelacasa.com\/home\/wp-json\/wp\/v2\/posts\/17500","targetHints":{"allow":["GET"]}}],"collection":[{"href":"https:\/\/hombresymujeresdelacasa.com\/home\/wp-json\/wp\/v2\/posts"}],"about":[{"href":"https:\/\/hombresymujeresdelacasa.com\/home\/wp-json\/wp\/v2\/types\/post"}],"author":[{"embeddable":true,"href":"https:\/\/hombresymujeresdelacasa.com\/home\/wp-json\/wp\/v2\/users\/1"}],"replies":[{"embeddable":true,"href":"https:\/\/hombresymujeresdelacasa.com\/home\/wp-json\/wp\/v2\/comments?post=17500"}],"version-history":[{"count":1,"href":"https:\/\/hombresymujeresdelacasa.com\/home\/wp-json\/wp\/v2\/posts\/17500\/revisions"}],"predecessor-version":[{"id":17503,"href":"https:\/\/hombresymujeresdelacasa.com\/home\/wp-json\/wp\/v2\/posts\/17500\/revisions\/17503"}],"wp:featuredmedia":[{"embeddable":true,"href":"https:\/\/hombresymujeresdelacasa.com\/home\/wp-json\/wp\/v2\/media\/17502"}],"wp:attachment":[{"href":"https:\/\/hombresymujeresdelacasa.com\/home\/wp-json\/wp\/v2\/media?parent=17500"}],"wp:term":[{"taxonomy":"category","embeddable":true,"href":"https:\/\/hombresymujeresdelacasa.com\/home\/wp-json\/wp\/v2\/categories?post=17500"},{"taxonomy":"post_tag","embeddable":true,"href":"https:\/\/hombresymujeresdelacasa.com\/home\/wp-json\/wp\/v2\/tags?post=17500"}],"curies":[{"name":"wp","href":"https:\/\/api.w.org\/{rel}","templated":true}]}}