{"id":17490,"date":"2025-04-28T16:06:06","date_gmt":"2025-04-28T22:06:06","guid":{"rendered":"https:\/\/hombresymujeresdelacasa.com\/home\/?p=17490"},"modified":"2025-04-28T16:06:14","modified_gmt":"2025-04-28T22:06:14","slug":"sedatu-arranca-elaboracion-de-programa-nacional-de-vivienda","status":"publish","type":"post","link":"https:\/\/hombresymujeresdelacasa.com\/home\/sedatu-arranca-elaboracion-de-programa-nacional-de-vivienda\/","title":{"rendered":"Sedatu arranca elaboraci\u00f3n de Programa Nacional de Vivienda"},"content":{"rendered":"\n<p>Por: Redacci\u00f3n<\/p>\n\n\n\n<p><em>La Sedatu organizar\u00e1 jornadas de participaci\u00f3n ciudadana para asegurarse de atender a la poblaci\u00f3n hist\u00f3ricamente desatendida enmateria de vivienda<\/em><\/p>\n\n\n\n<p>La&nbsp;<a href=\"https:\/\/centrourbano.com\/revista\/?s=sedatu\" target=\"_blank\" rel=\"noreferrer noopener nofollow\">Secretar\u00eda<\/a>&nbsp;de Desarrollo Agrario, Territorial y Urbano (Sedatu) inici\u00f3 las acciones para elaborar el Programa Nacional de Vivienda (PNV) 2025-2030. En esta ocasi\u00f3n la iniciativa se basar\u00e1 en cuatro ejes, priorizando los derechos humanos.<\/p>\n\n\n\n<p>Durante la primera sesi\u00f3n ordinaria del a\u00f1o del Consejo Nacional de Vivienda se&nbsp;<strong>establecieron los ejes base del PNV:<\/strong>&nbsp;la coordinaci\u00f3n institucional; mecanismos de financiamiento adecuados; marco normativo con EBDD y un ordenamiento territorial justo y sustentable.<\/p>\n\n\n\n<p>Acerca del programa, Edna Vega Rangel, titular de la Sedatu, se\u00f1al\u00f3 que este ente busca establecer un referente en materia de pol\u00edtica habitacional en M\u00e9xico. Por ello, a trav\u00e9s del nuevo Programa de Vivienda, se pretende&nbsp;<strong>garantizar el derecho humano a una vivienda adecuada.<\/strong><\/p>\n\n\n\n<p>El PNV contar\u00e1 con&nbsp;<strong>enfoque de derechos humanos<\/strong>, dirigido principalmente a los trabajadores de menores ingresos.<\/p>\n\n\n\n<blockquote class=\"wp-block-quote is-layout-flow wp-block-quote-is-layout-flow\">\n<p>\u201cConsideramos que debe construirse un mundo diferente en materia de vivienda, el objetivo es que las y los mexicanos m\u00e1s desprotegidos accedan a una vivienda adecuada en todos los rincones del pa\u00eds y es en lo que nos estamos enfocando\u201d, coment\u00f3.<\/p>\n<\/blockquote>\n\n\n\n<h2 class=\"wp-block-heading\">Sedatu fomenta la participaci\u00f3n ciudadana<\/h2>\n\n\n\n<p>Circe D\u00edaz Duarte, directora general de Pol\u00edtica de Vivienda de la Sedatu, explic\u00f3 que la Secretar\u00eda organizar\u00e1 jornadas de participaci\u00f3n ciudadana para&nbsp;<strong>atender a la poblaci\u00f3n hist\u00f3ricamente desatendida.<\/strong><\/p>\n\n\n\n<p>Como parte de la Agenda Territorial Participativa de la Sedatu, llevar\u00e1n a cabo&nbsp;<strong>tres foros de participaci\u00f3n ciudadana<\/strong>&nbsp;para buscar insumos para el PNV en tres estados del pa\u00eds: en CDMX se realizar\u00e1 el 30 de abril; en M\u00e9rida, Yucat\u00e1n el 22 de mayo y en La Paz, Baja California Sur el 5 de junio.<\/p>\n\n\n\n<p>Adem\u00e1s,&nbsp;<strong>est\u00e1 abierta la consulta p\u00fablica<\/strong>&nbsp;en l\u00ednea&nbsp;<a href=\"https:\/\/sistemas.sedatu.gob.mx\/participa\/\" target=\"_blank\" rel=\"noreferrer noopener nofollow\">Construyamos juntas y juntos la Agenda Territorial Participativa<\/a>&nbsp;2025\u20132030, donde que la poblaci\u00f3n puede expresar su opini\u00f3n en materia territorial. Las propuestas se recibir\u00e1n hasta el 13 de junio de 2025.<\/p>\n\n\n\n<p><a href=\"https:\/\/centrourbano.com\/revista\/author\/editorial\/\" rel=\"nofollow noopener\" target=\"_blank\"><\/a><\/p>\n\n\n\n<p><\/p>\n","protected":false},"excerpt":{"rendered":"<p>Por: Redacci\u00f3n La Sedatu organizar\u00e1 jornadas de participaci\u00f3n ciudadana para asegurarse de atender a la poblaci\u00f3n hist\u00f3ricamente desatendida enmateria de vivienda La&nbsp;Secretar\u00eda&nbsp;de Desarrollo Agrario, Territorial y Urbano (Sedatu) inici\u00f3 las acciones para elaborar el Programa Nacional de Vivienda (PNV) 2025-2030. En esta ocasi\u00f3n la iniciativa se basar\u00e1 en cuatro ejes, priorizando los derechos humanos. Durante [&hellip;]<\/p>\n","protected":false},"author":1,"featured_media":17491,"comment_status":"open","ping_status":"closed","sticky":false,"template":"","format":"standard","meta":{"site-sidebar-layout":"default","site-content-layout":"","ast-site-content-layout":"default","site-content-style":"default","site-sidebar-style":"default","ast-global-header-display":"","ast-banner-title-visibility":"","ast-main-header-display":"","ast-hfb-above-header-display":"","ast-hfb-below-header-display":"","ast-hfb-mobile-header-display":"","site-post-title":"","ast-breadcrumbs-content":"","ast-featured-img":"","footer-sml-layout":"","ast-disable-related-posts":"","theme-transparent-header-meta":"","adv-header-id-meta":"","stick-header-meta":"","header-above-stick-meta":"","header-main-stick-meta":"","header-below-stick-meta":"","astra-migrate-meta-layouts":"set","ast-page-background-enabled":"default","ast-page-background-meta":{"desktop":{"background-color":"var(--ast-global-color-4)","background-image":"","background-repeat":"repeat","background-position":"center center","background-size":"auto","background-attachment":"scroll","background-type":"","background-media":"","overlay-type":"","overlay-color":"","overlay-opacity":"","overlay-gradient":""},"tablet":{"background-color":"","background-image":"","background-repeat":"repeat","background-position":"center center","background-size":"auto","background-attachment":"scroll","background-type":"","background-media":"","overlay-type":"","overlay-color":"","overlay-opacity":"","overlay-gradient":""},"mobile":{"background-color":"","background-image":"","background-repeat":"repeat","background-position":"center center","background-size":"auto","background-attachment":"scroll","background-type":"","background-media":"","overlay-type":"","overlay-color":"","overlay-opacity":"","overlay-gradient":""}},"ast-content-background-meta":{"desktop":{"background-color":"var(--ast-global-color-5)","background-image":"","background-repeat":"repeat","background-position":"center center","background-size":"auto","background-attachment":"scroll","background-type":"","background-media":"","overlay-type":"","overlay-color":"","overlay-opacity":"","overlay-gradient":""},"tablet":{"background-color":"var(--ast-global-color-5)","background-image":"","background-repeat":"repeat","background-position":"center center","background-size":"auto","background-attachment":"scroll","background-type":"","background-media":"","overlay-type":"","overlay-color":"","overlay-opacity":"","overlay-gradient":""},"mobile":{"background-color":"var(--ast-global-color-5)","background-image":"","background-repeat":"repeat","background-position":"center center","background-size":"auto","background-attachment":"scroll","background-type":"","background-media":"","overlay-type":"","overlay-color":"","overlay-opacity":"","overlay-gradient":""}},"footnotes":""},"categories":[4],"tags":[1384,154,177],"class_list":["post-17490","post","type-post","status-publish","format-standard","has-post-thumbnail","hentry","category-noticias","tag-programa-nacional-de-vivienda","tag-sedatu","tag-vivienda"],"_links":{"self":[{"href":"https:\/\/hombresymujeresdelacasa.com\/home\/wp-json\/wp\/v2\/posts\/17490","targetHints":{"allow":["GET"]}}],"collection":[{"href":"https:\/\/hombresymujeresdelacasa.com\/home\/wp-json\/wp\/v2\/posts"}],"about":[{"href":"https:\/\/hombresymujeresdelacasa.com\/home\/wp-json\/wp\/v2\/types\/post"}],"author":[{"embeddable":true,"href":"https:\/\/hombresymujeresdelacasa.com\/home\/wp-json\/wp\/v2\/users\/1"}],"replies":[{"embeddable":true,"href":"https:\/\/hombresymujeresdelacasa.com\/home\/wp-json\/wp\/v2\/comments?post=17490"}],"version-history":[{"count":1,"href":"https:\/\/hombresymujeresdelacasa.com\/home\/wp-json\/wp\/v2\/posts\/17490\/revisions"}],"predecessor-version":[{"id":17492,"href":"https:\/\/hombresymujeresdelacasa.com\/home\/wp-json\/wp\/v2\/posts\/17490\/revisions\/17492"}],"wp:featuredmedia":[{"embeddable":true,"href":"https:\/\/hombresymujeresdelacasa.com\/home\/wp-json\/wp\/v2\/media\/17491"}],"wp:attachment":[{"href":"https:\/\/hombresymujeresdelacasa.com\/home\/wp-json\/wp\/v2\/media?parent=17490"}],"wp:term":[{"taxonomy":"category","embeddable":true,"href":"https:\/\/hombresymujeresdelacasa.com\/home\/wp-json\/wp\/v2\/categories?post=17490"},{"taxonomy":"post_tag","embeddable":true,"href":"https:\/\/hombresymujeresdelacasa.com\/home\/wp-json\/wp\/v2\/tags?post=17490"}],"curies":[{"name":"wp","href":"https:\/\/api.w.org\/{rel}","templated":true}]}}