{"id":17475,"date":"2025-04-24T18:33:51","date_gmt":"2025-04-25T00:33:51","guid":{"rendered":"https:\/\/hombresymujeresdelacasa.com\/home\/?p=17475"},"modified":"2025-04-24T18:33:56","modified_gmt":"2025-04-25T00:33:56","slug":"senadores-exhortan-a-municipios-a-impulsar-vivienda-social-con-decretos","status":"publish","type":"post","link":"https:\/\/hombresymujeresdelacasa.com\/home\/senadores-exhortan-a-municipios-a-impulsar-vivienda-social-con-decretos\/","title":{"rendered":"Senadores exhortan a municipios a impulsar vivienda social con decretos"},"content":{"rendered":"\n<p>Redacci\u00f3n <\/p>\n\n\n\n<p><em>Senadores buscan fomentar la vivienda social agilizando y eliminando tr\u00e1mites, entre otras acciones<\/em><\/p>\n\n\n\n<p>La Comisi\u00f3n de Reordenamiento Urbano y Vivienda del&nbsp;<a href=\"https:\/\/www.senado.gob.mx\/66\/\" target=\"_blank\" rel=\"noreferrer noopener nofollow\">Senado de la Rep\u00fablica<\/a>&nbsp;aprob\u00f3 un punto de acuerdo para exhortar a los&nbsp;<strong>gobiernos municipales de&nbsp;<a href=\"https:\/\/centrourbano.com\/revista\/?s=quintana+roo\" target=\"_blank\" rel=\"noreferrer noopener nofollow\">Quintana Roo<\/a><\/strong>&nbsp;a emitir&nbsp;<strong>decretos en materia vivienda social<\/strong>.<\/p>\n\n\n\n<p>Luis Armando Melgar Bravo,&nbsp;presidente de la Comisi\u00f3n, se\u00f1al\u00f3 que, adem\u00e1s de los decretos, se buscar\u00e1 que las administraciones locales brinden las&nbsp;<strong>facilidades necesarias para la construcci\u00f3n de vivienda social<\/strong>.<\/p>\n\n\n\n<p>Los senadores recomendaron incluir medidas como la entrega de licencias de construcci\u00f3n, la subdivisi\u00f3n de predios y el otorgamiento de licencias de uso de suelo, as\u00ed como la&nbsp;<strong>simplificaci\u00f3n y agilizaci\u00f3n de tr\u00e1mites administrativos<\/strong>. Estas acciones podr\u00edan&nbsp;<strong>reducir costos y tiempos para los desarrolladores.<\/strong><\/p>\n\n\n\n<p>La Comisi\u00f3n tambi\u00e9n sugiere que los decretos establezcan est\u00edmulos fiscales para fomentar el desarrollo de proyectos de vivienda social. Entre ellos, se sugiere&nbsp;<strong>reducir los permisos municipales<\/strong>&nbsp;relacionados con la&nbsp;<strong>construcci\u00f3n y regularizaci\u00f3n de predios&nbsp;<\/strong>para este segmento de vivienda.<\/p>\n\n\n\n<p>Asimismo, los legisladores sugieren dise\u00f1ar e implementar programas municipales para facilitar la regularizaci\u00f3n de predios y la certeza jur\u00eddica de las propiedades. As\u00ed, impulsar el&nbsp;<strong>acceso al financiamiento de vivienda<\/strong>.<\/p>\n\n\n\n<p>El acuerdo tambi\u00e9n exhorta a los gobiernos municipales se coordinen con el gobierno estatal, a trav\u00e9s de la Secretar\u00eda de Desarrollo Territorial Urbano Sustentable, para alinear las pol\u00edticas municipales con los objetivos establecidos en el Programa de Regularizaci\u00f3n y Titulaci\u00f3n.<\/p>\n\n\n\n<p>Como parte de esta colaboraci\u00f3n, los senadores propusieron que los municipios elaboren&nbsp;<strong>diagn\u00f3sticos locales sobre el d\u00e9ficit habitacional y los rezagos en infraestructura<\/strong>&nbsp;b\u00e1sica, a fin de dise\u00f1ar pol\u00edticas p\u00fablicas acordes con las necesidades espec\u00edficas de cada localidad.<\/p>\n\n\n\n<p>Finalmente, la Comisi\u00f3n pide integrar estas medidas en sus respectivos Planes Municipales de Desarrollo Urbano, para asegurar que las&nbsp;<strong>acciones en materia de vivienda<\/strong>&nbsp;social sean&nbsp;<strong>respetuosas del ordenamiento territorial<\/strong>.<\/p>\n\n\n\n<p><\/p>\n","protected":false},"excerpt":{"rendered":"<p>Redacci\u00f3n Senadores buscan fomentar la vivienda social agilizando y eliminando tr\u00e1mites, entre otras acciones La Comisi\u00f3n de Reordenamiento Urbano y Vivienda del&nbsp;Senado de la Rep\u00fablica&nbsp;aprob\u00f3 un punto de acuerdo para exhortar a los&nbsp;gobiernos municipales de&nbsp;Quintana Roo&nbsp;a emitir&nbsp;decretos en materia vivienda social. Luis Armando Melgar Bravo,&nbsp;presidente de la Comisi\u00f3n, se\u00f1al\u00f3 que, adem\u00e1s de los decretos, se [&hellip;]<\/p>\n","protected":false},"author":1,"featured_media":17476,"comment_status":"open","ping_status":"closed","sticky":false,"template":"","format":"standard","meta":{"site-sidebar-layout":"default","site-content-layout":"","ast-site-content-layout":"default","site-content-style":"default","site-sidebar-style":"default","ast-global-header-display":"","ast-banner-title-visibility":"","ast-main-header-display":"","ast-hfb-above-header-display":"","ast-hfb-below-header-display":"","ast-hfb-mobile-header-display":"","site-post-title":"","ast-breadcrumbs-content":"","ast-featured-img":"","footer-sml-layout":"","ast-disable-related-posts":"","theme-transparent-header-meta":"","adv-header-id-meta":"","stick-header-meta":"","header-above-stick-meta":"","header-main-stick-meta":"","header-below-stick-meta":"","astra-migrate-meta-layouts":"set","ast-page-background-enabled":"default","ast-page-background-meta":{"desktop":{"background-color":"var(--ast-global-color-4)","background-image":"","background-repeat":"repeat","background-position":"center center","background-size":"auto","background-attachment":"scroll","background-type":"","background-media":"","overlay-type":"","overlay-color":"","overlay-opacity":"","overlay-gradient":""},"tablet":{"background-color":"","background-image":"","background-repeat":"repeat","background-position":"center center","background-size":"auto","background-attachment":"scroll","background-type":"","background-media":"","overlay-type":"","overlay-color":"","overlay-opacity":"","overlay-gradient":""},"mobile":{"background-color":"","background-image":"","background-repeat":"repeat","background-position":"center center","background-size":"auto","background-attachment":"scroll","background-type":"","background-media":"","overlay-type":"","overlay-color":"","overlay-opacity":"","overlay-gradient":""}},"ast-content-background-meta":{"desktop":{"background-color":"var(--ast-global-color-5)","background-image":"","background-repeat":"repeat","background-position":"center center","background-size":"auto","background-attachment":"scroll","background-type":"","background-media":"","overlay-type":"","overlay-color":"","overlay-opacity":"","overlay-gradient":""},"tablet":{"background-color":"var(--ast-global-color-5)","background-image":"","background-repeat":"repeat","background-position":"center center","background-size":"auto","background-attachment":"scroll","background-type":"","background-media":"","overlay-type":"","overlay-color":"","overlay-opacity":"","overlay-gradient":""},"mobile":{"background-color":"var(--ast-global-color-5)","background-image":"","background-repeat":"repeat","background-position":"center center","background-size":"auto","background-attachment":"scroll","background-type":"","background-media":"","overlay-type":"","overlay-color":"","overlay-opacity":"","overlay-gradient":""}},"footnotes":""},"categories":[4],"tags":[247,4437,177],"class_list":["post-17475","post","type-post","status-publish","format-standard","has-post-thumbnail","hentry","category-noticias","tag-municipios","tag-senadores","tag-vivienda"],"_links":{"self":[{"href":"https:\/\/hombresymujeresdelacasa.com\/home\/wp-json\/wp\/v2\/posts\/17475","targetHints":{"allow":["GET"]}}],"collection":[{"href":"https:\/\/hombresymujeresdelacasa.com\/home\/wp-json\/wp\/v2\/posts"}],"about":[{"href":"https:\/\/hombresymujeresdelacasa.com\/home\/wp-json\/wp\/v2\/types\/post"}],"author":[{"embeddable":true,"href":"https:\/\/hombresymujeresdelacasa.com\/home\/wp-json\/wp\/v2\/users\/1"}],"replies":[{"embeddable":true,"href":"https:\/\/hombresymujeresdelacasa.com\/home\/wp-json\/wp\/v2\/comments?post=17475"}],"version-history":[{"count":1,"href":"https:\/\/hombresymujeresdelacasa.com\/home\/wp-json\/wp\/v2\/posts\/17475\/revisions"}],"predecessor-version":[{"id":17477,"href":"https:\/\/hombresymujeresdelacasa.com\/home\/wp-json\/wp\/v2\/posts\/17475\/revisions\/17477"}],"wp:featuredmedia":[{"embeddable":true,"href":"https:\/\/hombresymujeresdelacasa.com\/home\/wp-json\/wp\/v2\/media\/17476"}],"wp:attachment":[{"href":"https:\/\/hombresymujeresdelacasa.com\/home\/wp-json\/wp\/v2\/media?parent=17475"}],"wp:term":[{"taxonomy":"category","embeddable":true,"href":"https:\/\/hombresymujeresdelacasa.com\/home\/wp-json\/wp\/v2\/categories?post=17475"},{"taxonomy":"post_tag","embeddable":true,"href":"https:\/\/hombresymujeresdelacasa.com\/home\/wp-json\/wp\/v2\/tags?post=17475"}],"curies":[{"name":"wp","href":"https:\/\/api.w.org\/{rel}","templated":true}]}}