{"id":17466,"date":"2025-04-24T15:37:08","date_gmt":"2025-04-24T21:37:08","guid":{"rendered":"https:\/\/hombresymujeresdelacasa.com\/home\/?p=17466"},"modified":"2025-04-24T15:37:13","modified_gmt":"2025-04-24T21:37:13","slug":"arranca-elaboracion-del-programa-de-vivienda-2025-2030","status":"publish","type":"post","link":"https:\/\/hombresymujeresdelacasa.com\/home\/arranca-elaboracion-del-programa-de-vivienda-2025-2030\/","title":{"rendered":"Arranca elaboraci\u00f3n del Programa de Vivienda 2025-2030"},"content":{"rendered":"\n<p>Por: Fernanda Hern\u00e1ndez<\/p>\n\n\n\n<p><em>El Programa tiene el objetivo de garantizar el derecho humano a una vivienda adecuada mediante una coordinaci\u00f3n interinstitucional efectiva<\/em><\/p>\n\n\n\n<p>Este mi\u00e9rcoles se llev\u00f3 a cabo la primera sesi\u00f3n extraordinaria 2025 del&nbsp;<strong>Consejo Nacional de Vivienda<\/strong>&nbsp;(<strong>CNV<\/strong>), en la que se dio inicio formal al proceso de elaboraci\u00f3n del&nbsp;<strong>Programa Nacional de Vivienda<\/strong>&nbsp;(<strong>PNV<\/strong>)&nbsp;<strong>2025-2030<\/strong>, que ser\u00e1 el instrumento rector de la pol\u00edtica habitacional del pa\u00eds durante el presente sexenio.<\/p>\n\n\n\n<p>Dicho Programa tiene el objetivo de garantizar el&nbsp;<strong>derecho humano a una vivienda adecuada&nbsp;<\/strong>mediante una coordinaci\u00f3n interinstitucional efectiva que establezca bases legales y normativas s\u00f3lidas, y promueva esquemas financieros accesibles y sostenibles, con un enfoque especial hacia los sectores hist\u00f3ricamente discriminados.<\/p>\n\n\n\n<p>Asimismo, entre los&nbsp;<strong>objetivos centrales<\/strong>&nbsp;destacan:<\/p>\n\n\n\n<ul class=\"wp-block-list\">\n<li>Planificaci\u00f3n estrat\u00e9gica integral del desarrollo habitacional y territorial.<\/li>\n\n\n\n<li>Participaci\u00f3n activa de los distintos niveles de gobierno, sectores sociales, acad\u00e9micos y privados.<\/li>\n\n\n\n<li>Incorporaci\u00f3n de criterios de sustentabilidad y equidad en la pol\u00edtica de vivienda.<\/li>\n\n\n\n<li>Mejora de la eficiencia de los programas a trav\u00e9s de una coordinaci\u00f3n m\u00e1s efectiva.<\/li>\n<\/ul>\n\n\n\n<p>Adem\u00e1s, el&nbsp;<strong>Programa 2025-2030<\/strong>&nbsp;contendr\u00e1&nbsp;<strong>cuatro ejes prioritarios<\/strong>:<\/p>\n\n\n\n<ol class=\"wp-block-list\">\n<li>Ordenamiento territorial justo, sustentable y eficaz.<\/li>\n\n\n\n<li>Marco normativo basado en derechos humanos.<\/li>\n\n\n\n<li>Mecanismos de financiamiento accesibles para la vivienda.<\/li>\n\n\n\n<li>Coordinaci\u00f3n interinstitucional eficiente.<\/li>\n<\/ol>\n\n\n\n<p>Por otro lado, cabe mencionar que, durante la sesi\u00f3n, encabezada por la&nbsp;<strong>Secretar\u00eda de Desarrollo Agrario, Territorial y Urbano<\/strong>&nbsp;(<strong>Sedatu<\/strong>), se presentaron los avances y resultados del&nbsp;<a href=\"https:\/\/centrourbano.com\/revista\/vivienda\/programa-vivienda-100-sedatu\/\" target=\"_blank\" rel=\"noreferrer noopener nofollow\"><strong>Programa Nacional de Vivienda 2021-2024<\/strong><\/a>, entre los que destac\u00f3 la implementaci\u00f3n de 113 acciones enfocadas en seguridad de tenencia, servicios b\u00e1sicos, asequibilidad, habitabilidad, accesibilidad, ubicaci\u00f3n y adecuaci\u00f3n cultural, logrando un cumplimiento del 76.1% de las acciones programadas.<\/p>\n\n\n\n<p>Adem\u00e1s, se logr\u00f3 fortalecer los procesos de autoproducci\u00f3n de vivienda, la regularizaci\u00f3n territorial, y la coordinaci\u00f3n con gobiernos estatales y municipales.<\/p>\n\n\n\n<p>Sin embargo, tambi\u00e9n se identificaron&nbsp;<strong>\u00e1reas de oportunidad<\/strong>&nbsp;que el nuevo programa buscar\u00e1 atender, tales como:<\/p>\n\n\n\n<ul class=\"wp-block-list\">\n<li>Mejorar la coordinaci\u00f3n y eficiencia institucional.<\/li>\n\n\n\n<li>Fortalecer la recopilaci\u00f3n y homologaci\u00f3n de informaci\u00f3n t\u00e9cnica.<\/li>\n\n\n\n<li>Reforzar los mecanismos de atenci\u00f3n a grupos vulnerables.<\/li>\n\n\n\n<li>Impulsar la calidad y sostenibilidad de la vivienda a trav\u00e9s de esquemas de certificaci\u00f3n.<\/li>\n<\/ul>\n\n\n\n<p>La elaboraci\u00f3n del&nbsp;<strong>Programa Nacional de Vivienda 2025-2030<\/strong>&nbsp;ser\u00e1 un proceso colaborativo que implicar\u00e1 la coordinaci\u00f3n entre&nbsp;<strong>Sedatu<\/strong>, el&nbsp;<strong>Instituto Nacional del Suelo Sustentable<\/strong>&nbsp;(<strong>Insus<\/strong>) y los&nbsp;<strong>Organismos Nacionales de Vivienda<\/strong>&nbsp;(<strong>Onavis<\/strong>); as\u00ed como la participaci\u00f3n activa de los gobiernos estatales y municipales y la integraci\u00f3n de propuestas sociales, acad\u00e9micas y privadas.<\/p>\n\n\n\n<p><\/p>\n","protected":false},"excerpt":{"rendered":"<p>Por: Fernanda Hern\u00e1ndez El Programa tiene el objetivo de garantizar el derecho humano a una vivienda adecuada mediante una coordinaci\u00f3n interinstitucional efectiva Este mi\u00e9rcoles se llev\u00f3 a cabo la primera sesi\u00f3n extraordinaria 2025 del&nbsp;Consejo Nacional de Vivienda&nbsp;(CNV), en la que se dio inicio formal al proceso de elaboraci\u00f3n del&nbsp;Programa Nacional de Vivienda&nbsp;(PNV)&nbsp;2025-2030, que ser\u00e1 el [&hellip;]<\/p>\n","protected":false},"author":1,"featured_media":17467,"comment_status":"open","ping_status":"closed","sticky":false,"template":"","format":"standard","meta":{"site-sidebar-layout":"default","site-content-layout":"","ast-site-content-layout":"default","site-content-style":"default","site-sidebar-style":"default","ast-global-header-display":"","ast-banner-title-visibility":"","ast-main-header-display":"","ast-hfb-above-header-display":"","ast-hfb-below-header-display":"","ast-hfb-mobile-header-display":"","site-post-title":"","ast-breadcrumbs-content":"","ast-featured-img":"","footer-sml-layout":"","ast-disable-related-posts":"","theme-transparent-header-meta":"","adv-header-id-meta":"","stick-header-meta":"","header-above-stick-meta":"","header-main-stick-meta":"","header-below-stick-meta":"","astra-migrate-meta-layouts":"set","ast-page-background-enabled":"default","ast-page-background-meta":{"desktop":{"background-color":"var(--ast-global-color-4)","background-image":"","background-repeat":"repeat","background-position":"center center","background-size":"auto","background-attachment":"scroll","background-type":"","background-media":"","overlay-type":"","overlay-color":"","overlay-opacity":"","overlay-gradient":""},"tablet":{"background-color":"","background-image":"","background-repeat":"repeat","background-position":"center center","background-size":"auto","background-attachment":"scroll","background-type":"","background-media":"","overlay-type":"","overlay-color":"","overlay-opacity":"","overlay-gradient":""},"mobile":{"background-color":"","background-image":"","background-repeat":"repeat","background-position":"center center","background-size":"auto","background-attachment":"scroll","background-type":"","background-media":"","overlay-type":"","overlay-color":"","overlay-opacity":"","overlay-gradient":""}},"ast-content-background-meta":{"desktop":{"background-color":"var(--ast-global-color-5)","background-image":"","background-repeat":"repeat","background-position":"center center","background-size":"auto","background-attachment":"scroll","background-type":"","background-media":"","overlay-type":"","overlay-color":"","overlay-opacity":"","overlay-gradient":""},"tablet":{"background-color":"var(--ast-global-color-5)","background-image":"","background-repeat":"repeat","background-position":"center center","background-size":"auto","background-attachment":"scroll","background-type":"","background-media":"","overlay-type":"","overlay-color":"","overlay-opacity":"","overlay-gradient":""},"mobile":{"background-color":"var(--ast-global-color-5)","background-image":"","background-repeat":"repeat","background-position":"center center","background-size":"auto","background-attachment":"scroll","background-type":"","background-media":"","overlay-type":"","overlay-color":"","overlay-opacity":"","overlay-gradient":""}},"footnotes":""},"categories":[4],"tags":[1505,154],"class_list":["post-17466","post","type-post","status-publish","format-standard","has-post-thumbnail","hentry","category-noticias","tag-programa-de-vivienda","tag-sedatu"],"_links":{"self":[{"href":"https:\/\/hombresymujeresdelacasa.com\/home\/wp-json\/wp\/v2\/posts\/17466","targetHints":{"allow":["GET"]}}],"collection":[{"href":"https:\/\/hombresymujeresdelacasa.com\/home\/wp-json\/wp\/v2\/posts"}],"about":[{"href":"https:\/\/hombresymujeresdelacasa.com\/home\/wp-json\/wp\/v2\/types\/post"}],"author":[{"embeddable":true,"href":"https:\/\/hombresymujeresdelacasa.com\/home\/wp-json\/wp\/v2\/users\/1"}],"replies":[{"embeddable":true,"href":"https:\/\/hombresymujeresdelacasa.com\/home\/wp-json\/wp\/v2\/comments?post=17466"}],"version-history":[{"count":1,"href":"https:\/\/hombresymujeresdelacasa.com\/home\/wp-json\/wp\/v2\/posts\/17466\/revisions"}],"predecessor-version":[{"id":17468,"href":"https:\/\/hombresymujeresdelacasa.com\/home\/wp-json\/wp\/v2\/posts\/17466\/revisions\/17468"}],"wp:featuredmedia":[{"embeddable":true,"href":"https:\/\/hombresymujeresdelacasa.com\/home\/wp-json\/wp\/v2\/media\/17467"}],"wp:attachment":[{"href":"https:\/\/hombresymujeresdelacasa.com\/home\/wp-json\/wp\/v2\/media?parent=17466"}],"wp:term":[{"taxonomy":"category","embeddable":true,"href":"https:\/\/hombresymujeresdelacasa.com\/home\/wp-json\/wp\/v2\/categories?post=17466"},{"taxonomy":"post_tag","embeddable":true,"href":"https:\/\/hombresymujeresdelacasa.com\/home\/wp-json\/wp\/v2\/tags?post=17466"}],"curies":[{"name":"wp","href":"https:\/\/api.w.org\/{rel}","templated":true}]}}