{"id":17454,"date":"2025-04-23T14:27:27","date_gmt":"2025-04-23T20:27:27","guid":{"rendered":"https:\/\/hombresymujeresdelacasa.com\/home\/?p=17454"},"modified":"2025-04-23T14:27:32","modified_gmt":"2025-04-23T20:27:32","slug":"impulsan-diputadas-reformas-para-generar-viviendas-sustentables","status":"publish","type":"post","link":"https:\/\/hombresymujeresdelacasa.com\/home\/impulsan-diputadas-reformas-para-generar-viviendas-sustentables\/","title":{"rendered":"Impulsan diputadas reformas para generar viviendas sustentables"},"content":{"rendered":"\n<p>Redacci\u00f3n<\/p>\n\n\n\n<p><em>Se pretende que las viviendas sean sostenibles por s\u00ed solas y se pueda reducir hasta el 50% del consumo de energ\u00eda a partir de estos nuevos lineamientos<\/em><\/p>\n\n\n\n<p>Las&nbsp;<strong>diputadas Laura Ballesteros Mancilla e Ira\u00eds Reyes<\/strong>&nbsp;<strong>de la Torre<\/strong>&nbsp;presentaron iniciativas para reformar la&nbsp;<strong>Ley General de Asentamientos Humanos, Ordenamiento Territorial y Desarrollo Urbano<\/strong>&nbsp;y la&nbsp;<strong>Ley de Vivienda<\/strong>&nbsp;en materia de&nbsp;<a href=\"https:\/\/centrourbano.com\/revista\/vivienda\/diputados-viviendas-sustentables\/\" target=\"_blank\" rel=\"noreferrer noopener nofollow\">sustentabilidad<\/a>.<\/p>\n\n\n\n<p>El objetivo de estas reformas es que, al momento de generar viviendas habitacionales o con el uso de recursos federales, la&nbsp;<strong>Secretar\u00eda de Desarrollo Agrario, Territorial y Urbano<\/strong>&nbsp;(<strong>Sedatu<\/strong>) establezca lineamientos de sustentabilidad.<\/p>\n\n\n\n<p>\u201cEstamos buscando que se apliquen estos&nbsp;<strong>criterios de sostenibilidad<\/strong>, de&nbsp;<strong>captaci\u00f3n de agua<\/strong>, de&nbsp;<strong>aprovechamiento de energ\u00edas<\/strong>, de&nbsp;<strong>reducci\u00f3n de gastos y gas<\/strong>&nbsp;por parte de los ciudadanos\u201d, se\u00f1al\u00f3&nbsp;<strong>Reyes<\/strong>.<\/p>\n\n\n\n<p>Asimismo, reiter\u00f3 la importancia de que las viviendas sean&nbsp;<strong>sustentables y sostenibles<\/strong>, para que las siguientes generaciones no tengan que pagar las consecuencias de una mala planeaci\u00f3n y los efectos ambientales de la industria de la construcci\u00f3n<\/p>\n\n\n\n<p>Por su parte,&nbsp;<strong>Ballesteros<\/strong>&nbsp;destac\u00f3 la importancia blindar el futuro de las pr\u00f3ximas generaciones con la&nbsp;<strong>calidad del aire, las reservas de agua, de tierra y las reservas verdes<\/strong>&nbsp;contra las posibles malas intenciones de cualquier administraci\u00f3n que busque eliminar los lineamientos para mitigar los impactos ambientales.<\/p>\n\n\n\n<p>\u201cPor eso, a nivel federal se tiene que blindar para que est\u00e9n obligados la Federaci\u00f3n, a trav\u00e9s de&nbsp;<strong>Sedatu<\/strong>, con la&nbsp;<strong>vivienda popular<\/strong>, a establecer estos lineamientos y criterios de sostenibilidad, los estados de la Rep\u00fablica y los municipios a nivel local, donde el blindaje tendr\u00e1 que ser todav\u00eda m\u00e1s fuerte\u201d, asever\u00f3.<\/p>\n\n\n\n<p>La diputada explic\u00f3 que el objetivo de las reformas es reducir el uso de&nbsp;<strong>energ\u00edas f\u00f3siles<\/strong>, blindar el&nbsp;<strong>consumo de agua<\/strong>, que haya lineamientos para la&nbsp;<strong>protecci\u00f3n de \u00e1reas verdes y de reserva natural<\/strong>&nbsp;y que se respeten los estudios de&nbsp;<strong>impacto ambiental<\/strong>.<\/p>\n\n\n\n<p>De igual manera, mencion\u00f3 que se pretende que las viviendas sean sostenibles por s\u00ed solas y se pueda reducir hasta el 50% del&nbsp;<strong>consumo de energ\u00eda<\/strong>&nbsp;a partir de estos nuevos lineamientos.<\/p>\n\n\n\n<p>Lo anterior, dijo, debido a que m\u00e1s del 60% de la&nbsp;<strong>contaminaci\u00f3n de las ciudades<\/strong>&nbsp;lo producen las edificaciones, y m\u00e1s del 65% del&nbsp;<strong>consumo de energ\u00edas<\/strong>&nbsp;de las ciudades lo registran las edificaciones, por lo que es preciso realizar la transici\u00f3n a las energ\u00edas limpias.<\/p>\n\n\n\n<p><\/p>\n","protected":false},"excerpt":{"rendered":"<p>Redacci\u00f3n Se pretende que las viviendas sean sostenibles por s\u00ed solas y se pueda reducir hasta el 50% del consumo de energ\u00eda a partir de estos nuevos lineamientos Las&nbsp;diputadas Laura Ballesteros Mancilla e Ira\u00eds Reyes&nbsp;de la Torre&nbsp;presentaron iniciativas para reformar la&nbsp;Ley General de Asentamientos Humanos, Ordenamiento Territorial y Desarrollo Urbano&nbsp;y la&nbsp;Ley de Vivienda&nbsp;en materia de&nbsp;sustentabilidad. [&hellip;]<\/p>\n","protected":false},"author":1,"featured_media":17455,"comment_status":"open","ping_status":"closed","sticky":false,"template":"","format":"standard","meta":{"site-sidebar-layout":"default","site-content-layout":"","ast-site-content-layout":"default","site-content-style":"default","site-sidebar-style":"default","ast-global-header-display":"","ast-banner-title-visibility":"","ast-main-header-display":"","ast-hfb-above-header-display":"","ast-hfb-below-header-display":"","ast-hfb-mobile-header-display":"","site-post-title":"","ast-breadcrumbs-content":"","ast-featured-img":"","footer-sml-layout":"","ast-disable-related-posts":"","theme-transparent-header-meta":"","adv-header-id-meta":"","stick-header-meta":"","header-above-stick-meta":"","header-main-stick-meta":"","header-below-stick-meta":"","astra-migrate-meta-layouts":"set","ast-page-background-enabled":"default","ast-page-background-meta":{"desktop":{"background-color":"var(--ast-global-color-4)","background-image":"","background-repeat":"repeat","background-position":"center center","background-size":"auto","background-attachment":"scroll","background-type":"","background-media":"","overlay-type":"","overlay-color":"","overlay-opacity":"","overlay-gradient":""},"tablet":{"background-color":"","background-image":"","background-repeat":"repeat","background-position":"center center","background-size":"auto","background-attachment":"scroll","background-type":"","background-media":"","overlay-type":"","overlay-color":"","overlay-opacity":"","overlay-gradient":""},"mobile":{"background-color":"","background-image":"","background-repeat":"repeat","background-position":"center center","background-size":"auto","background-attachment":"scroll","background-type":"","background-media":"","overlay-type":"","overlay-color":"","overlay-opacity":"","overlay-gradient":""}},"ast-content-background-meta":{"desktop":{"background-color":"var(--ast-global-color-5)","background-image":"","background-repeat":"repeat","background-position":"center center","background-size":"auto","background-attachment":"scroll","background-type":"","background-media":"","overlay-type":"","overlay-color":"","overlay-opacity":"","overlay-gradient":""},"tablet":{"background-color":"var(--ast-global-color-5)","background-image":"","background-repeat":"repeat","background-position":"center center","background-size":"auto","background-attachment":"scroll","background-type":"","background-media":"","overlay-type":"","overlay-color":"","overlay-opacity":"","overlay-gradient":""},"mobile":{"background-color":"var(--ast-global-color-5)","background-image":"","background-repeat":"repeat","background-position":"center center","background-size":"auto","background-attachment":"scroll","background-type":"","background-media":"","overlay-type":"","overlay-color":"","overlay-opacity":"","overlay-gradient":""}},"footnotes":""},"categories":[4],"tags":[3282,154,177,179],"class_list":["post-17454","post","type-post","status-publish","format-standard","has-post-thumbnail","hentry","category-noticias","tag-reformas","tag-sedatu","tag-vivienda","tag-vivienda-sustentable"],"_links":{"self":[{"href":"https:\/\/hombresymujeresdelacasa.com\/home\/wp-json\/wp\/v2\/posts\/17454","targetHints":{"allow":["GET"]}}],"collection":[{"href":"https:\/\/hombresymujeresdelacasa.com\/home\/wp-json\/wp\/v2\/posts"}],"about":[{"href":"https:\/\/hombresymujeresdelacasa.com\/home\/wp-json\/wp\/v2\/types\/post"}],"author":[{"embeddable":true,"href":"https:\/\/hombresymujeresdelacasa.com\/home\/wp-json\/wp\/v2\/users\/1"}],"replies":[{"embeddable":true,"href":"https:\/\/hombresymujeresdelacasa.com\/home\/wp-json\/wp\/v2\/comments?post=17454"}],"version-history":[{"count":1,"href":"https:\/\/hombresymujeresdelacasa.com\/home\/wp-json\/wp\/v2\/posts\/17454\/revisions"}],"predecessor-version":[{"id":17456,"href":"https:\/\/hombresymujeresdelacasa.com\/home\/wp-json\/wp\/v2\/posts\/17454\/revisions\/17456"}],"wp:featuredmedia":[{"embeddable":true,"href":"https:\/\/hombresymujeresdelacasa.com\/home\/wp-json\/wp\/v2\/media\/17455"}],"wp:attachment":[{"href":"https:\/\/hombresymujeresdelacasa.com\/home\/wp-json\/wp\/v2\/media?parent=17454"}],"wp:term":[{"taxonomy":"category","embeddable":true,"href":"https:\/\/hombresymujeresdelacasa.com\/home\/wp-json\/wp\/v2\/categories?post=17454"},{"taxonomy":"post_tag","embeddable":true,"href":"https:\/\/hombresymujeresdelacasa.com\/home\/wp-json\/wp\/v2\/tags?post=17454"}],"curies":[{"name":"wp","href":"https:\/\/api.w.org\/{rel}","templated":true}]}}