{"id":17434,"date":"2025-04-21T17:04:26","date_gmt":"2025-04-21T23:04:26","guid":{"rendered":"https:\/\/hombresymujeresdelacasa.com\/home\/?p=17434"},"modified":"2025-04-21T17:04:28","modified_gmt":"2025-04-21T23:04:28","slug":"perdiste-tu-empleo-el-infonavit-suspende-el-cobro-de-tu-credito","status":"publish","type":"post","link":"https:\/\/hombresymujeresdelacasa.com\/home\/perdiste-tu-empleo-el-infonavit-suspende-el-cobro-de-tu-credito\/","title":{"rendered":"\u00bfPerdiste tu empleo? El Infonavit suspende el cobro de tu cr\u00e9dito"},"content":{"rendered":"\n<p>Redacci\u00f3n<\/p>\n\n\n\n<p><em>Romero Oropeza se\u00f1al\u00f3 que la suspensi\u00f3n del cobro es uno de los beneficios de la nueva Ley del Infonavit<\/em><\/p>\n\n\n\n<p>Octavio Romero Oropeza<em>,&nbsp;<\/em>director general del&nbsp;<a href=\"https:\/\/portalmx.infonavit.org.mx\/wps\/portal\/infonavitmx\/mx2\/derechohabientes\/!ut\/p\/z1\/hY-9DoJAEISfxYKWXX6Ew-4iiQoJgQbwGgMGDxLgCJzy-l6UxkR0ut35ZjcDDHJgffFoeCEb0Retms_MuTgHxOPeNiKSEopJ5EVm6FhmQF3I_gFM2bgiiirPXsjqBWcBPM-3jZCgGRsRYpImhn_yXdyivQA_ngTAeCvKdx_alxbhwMbqVo3VqN9Hta6lHKadhhrO86xzIXhb6VfRafgtUotJQv5JwtDl2MRdRia6eQLjCZYX\/dz\/d5\/L2dBISEvZ0FBIS9nQSEh\/\" target=\"_blank\" rel=\"noreferrer noopener nofollow\">Instituto<\/a>&nbsp;del Fondo Nacional de la Vivienda para los Trabajadores (Infonavit), inform\u00f3 que, a partir de abril, el&nbsp;<strong>cobro de las mensualidades se suspende<\/strong>&nbsp;autom\u00e1ticamente para los&nbsp;<strong>acreditados que hayan perdido su empleo.<\/strong><\/p>\n\n\n\n<p>Los derechohabientes podr\u00e1n acceder a estas&nbsp;<strong>pr\u00f3rrogas por un m\u00e1ximo de 12 o 24 meses<\/strong>, dependiendo del a\u00f1o de originaci\u00f3n del cr\u00e9dito. Durante este tiempo&nbsp;<strong>el cr\u00e9dito no generar\u00e1 intereses ni incrementar\u00e1 su deuda<\/strong>.<\/p>\n\n\n\n<p>Con esta medida, el Infonavit busca&nbsp;<strong>evitar que los saldos se vuelvan impagables<\/strong>&nbsp;y brindar mayor certeza sobre el monto de la deuda y su vivienda.<\/p>\n\n\n\n<p>Romero Oropeza destac\u00f3 que este apoyo forma parte de los beneficios obtenidos con la aprobaci\u00f3n de la\u00a0<a href=\"https:\/\/centrourbano.com\/revista\/?s=ley+del+infonavit\" target=\"_blank\" rel=\"noreferrer noopener nofollow\">reforma a la Ley<\/a>\u00a0del Infonavit. Estim\u00f3 que al menos\u00a0<strong>100,000 personas podr\u00edan beneficiarse cada mes\u00a0<\/strong>mediante estas pr\u00f3rrogas.<\/p>\n\n\n\n<p><a href=\"https:\/\/centrourbano.com\/revista\/author\/editorial\/\" rel=\"nofollow noopener\" target=\"_blank\"><\/a><\/p>\n","protected":false},"excerpt":{"rendered":"<p>Redacci\u00f3n Romero Oropeza se\u00f1al\u00f3 que la suspensi\u00f3n del cobro es uno de los beneficios de la nueva Ley del Infonavit Octavio Romero Oropeza,&nbsp;director general del&nbsp;Instituto&nbsp;del Fondo Nacional de la Vivienda para los Trabajadores (Infonavit), inform\u00f3 que, a partir de abril, el&nbsp;cobro de las mensualidades se suspende&nbsp;autom\u00e1ticamente para los&nbsp;acreditados que hayan perdido su empleo. Los derechohabientes [&hellip;]<\/p>\n","protected":false},"author":1,"featured_media":17435,"comment_status":"open","ping_status":"closed","sticky":false,"template":"","format":"standard","meta":{"site-sidebar-layout":"default","site-content-layout":"","ast-site-content-layout":"default","site-content-style":"default","site-sidebar-style":"default","ast-global-header-display":"","ast-banner-title-visibility":"","ast-main-header-display":"","ast-hfb-above-header-display":"","ast-hfb-below-header-display":"","ast-hfb-mobile-header-display":"","site-post-title":"","ast-breadcrumbs-content":"","ast-featured-img":"","footer-sml-layout":"","ast-disable-related-posts":"","theme-transparent-header-meta":"","adv-header-id-meta":"","stick-header-meta":"","header-above-stick-meta":"","header-main-stick-meta":"","header-below-stick-meta":"","astra-migrate-meta-layouts":"set","ast-page-background-enabled":"default","ast-page-background-meta":{"desktop":{"background-color":"var(--ast-global-color-4)","background-image":"","background-repeat":"repeat","background-position":"center center","background-size":"auto","background-attachment":"scroll","background-type":"","background-media":"","overlay-type":"","overlay-color":"","overlay-opacity":"","overlay-gradient":""},"tablet":{"background-color":"","background-image":"","background-repeat":"repeat","background-position":"center center","background-size":"auto","background-attachment":"scroll","background-type":"","background-media":"","overlay-type":"","overlay-color":"","overlay-opacity":"","overlay-gradient":""},"mobile":{"background-color":"","background-image":"","background-repeat":"repeat","background-position":"center center","background-size":"auto","background-attachment":"scroll","background-type":"","background-media":"","overlay-type":"","overlay-color":"","overlay-opacity":"","overlay-gradient":""}},"ast-content-background-meta":{"desktop":{"background-color":"var(--ast-global-color-5)","background-image":"","background-repeat":"repeat","background-position":"center center","background-size":"auto","background-attachment":"scroll","background-type":"","background-media":"","overlay-type":"","overlay-color":"","overlay-opacity":"","overlay-gradient":""},"tablet":{"background-color":"var(--ast-global-color-5)","background-image":"","background-repeat":"repeat","background-position":"center center","background-size":"auto","background-attachment":"scroll","background-type":"","background-media":"","overlay-type":"","overlay-color":"","overlay-opacity":"","overlay-gradient":""},"mobile":{"background-color":"var(--ast-global-color-5)","background-image":"","background-repeat":"repeat","background-position":"center center","background-size":"auto","background-attachment":"scroll","background-type":"","background-media":"","overlay-type":"","overlay-color":"","overlay-opacity":"","overlay-gradient":""}},"footnotes":""},"categories":[4],"tags":[55,102,177],"class_list":["post-17434","post","type-post","status-publish","format-standard","has-post-thumbnail","hentry","category-noticias","tag-credito","tag-infonavit","tag-vivienda"],"_links":{"self":[{"href":"https:\/\/hombresymujeresdelacasa.com\/home\/wp-json\/wp\/v2\/posts\/17434","targetHints":{"allow":["GET"]}}],"collection":[{"href":"https:\/\/hombresymujeresdelacasa.com\/home\/wp-json\/wp\/v2\/posts"}],"about":[{"href":"https:\/\/hombresymujeresdelacasa.com\/home\/wp-json\/wp\/v2\/types\/post"}],"author":[{"embeddable":true,"href":"https:\/\/hombresymujeresdelacasa.com\/home\/wp-json\/wp\/v2\/users\/1"}],"replies":[{"embeddable":true,"href":"https:\/\/hombresymujeresdelacasa.com\/home\/wp-json\/wp\/v2\/comments?post=17434"}],"version-history":[{"count":1,"href":"https:\/\/hombresymujeresdelacasa.com\/home\/wp-json\/wp\/v2\/posts\/17434\/revisions"}],"predecessor-version":[{"id":17436,"href":"https:\/\/hombresymujeresdelacasa.com\/home\/wp-json\/wp\/v2\/posts\/17434\/revisions\/17436"}],"wp:featuredmedia":[{"embeddable":true,"href":"https:\/\/hombresymujeresdelacasa.com\/home\/wp-json\/wp\/v2\/media\/17435"}],"wp:attachment":[{"href":"https:\/\/hombresymujeresdelacasa.com\/home\/wp-json\/wp\/v2\/media?parent=17434"}],"wp:term":[{"taxonomy":"category","embeddable":true,"href":"https:\/\/hombresymujeresdelacasa.com\/home\/wp-json\/wp\/v2\/categories?post=17434"},{"taxonomy":"post_tag","embeddable":true,"href":"https:\/\/hombresymujeresdelacasa.com\/home\/wp-json\/wp\/v2\/tags?post=17434"}],"curies":[{"name":"wp","href":"https:\/\/api.w.org\/{rel}","templated":true}]}}