{"id":17403,"date":"2025-04-14T15:25:07","date_gmt":"2025-04-14T21:25:07","guid":{"rendered":"https:\/\/hombresymujeresdelacasa.com\/home\/?p=17403"},"modified":"2025-04-14T15:25:10","modified_gmt":"2025-04-14T21:25:10","slug":"amplian-meta-del-pvb-se-construiran-1-1-millones-de-viviendas","status":"publish","type":"post","link":"https:\/\/hombresymujeresdelacasa.com\/home\/amplian-meta-del-pvb-se-construiran-1-1-millones-de-viviendas\/","title":{"rendered":"Ampl\u00edan meta del PVB: se construir\u00e1n 1.1 millones de viviendas"},"content":{"rendered":"\n<p>Por: Fernanda Hern\u00e1ndez<\/p>\n\n\n\n<p><em>Durante el sexenio se construir\u00e1 un total de 1 mill\u00f3n 100,000 viviendas nuevas, en vez del mill\u00f3n que se hab\u00eda planteado originalmente<\/em><\/p>\n\n\n\n<p>Al participar en la conferencia matutina de este lunes,&nbsp;<strong><a href=\"https:\/\/centrourbano.com\/revista\/vivienda\/pvb-vega-rangel-gobiernos-locales\/\" target=\"_blank\" rel=\"noreferrer noopener nofollow\">Edna Vega Rangel<\/a>, titular de la Secretar\u00eda de Desarrollo Agrario, Territorial y Urbano (Sedatu<\/strong>), dio a conocer que, en el marco del&nbsp;<strong>Plan M\u00e9xico<\/strong>&nbsp;y por instrucciones de la presidenta Claudia Sheinbaum de \u201chacer un esfuerzo mayor en materia de vivienda\u201d, se increment\u00f3 la meta del&nbsp;<strong>Programa de Vivienda para el Bienestar<\/strong>&nbsp;(<strong>PVB<\/strong>).<\/p>\n\n\n\n<p>De esta manera, durante el sexenio se construir\u00e1 un total de&nbsp;<strong>1 mill\u00f3n 100,000 viviendas nuevas<\/strong>, en vez del mill\u00f3n que se hab\u00eda planteado originalmente.<\/p>\n\n\n\n<p>\u201cOriginalmente (la meta) era 1 mill\u00f3n de viviendas: 500,000 por parte de&nbsp;<strong>Infonavit<\/strong>&nbsp;y 500,000 por parte de la&nbsp;<strong>Comisi\u00f3n Nacional de Vivienda<\/strong>, y 1 mill\u00f3n de escrituras. A ra\u00edz de esta instrucci\u00f3n, se hizo un esfuerzo particular por parte de Infonavit en el sentido de incrementar esta meta a 1 mill\u00f3n 100,000 viviendas nuevas\u201d, dijo.<\/p>\n\n\n\n<p>Asimismo, la funcionaria destac\u00f3 que el tema de&nbsp;<strong>mejoramiento y ampliaci\u00f3n de vivienda<\/strong>&nbsp;tambi\u00e9n se increment\u00f3 de manera importante, al pasar de una meta de 450,000 a 1 mill\u00f3n 550,000 apoyos y cr\u00e9ditos.<\/p>\n\n\n\n<p>\u201c\u00bfQu\u00e9 significa este incremento, y en general este programa tan noble?&nbsp;<strong>13.1 millones de personas ser\u00e1n beneficiadas<\/strong>, calculando el promedio nacional de 3.6 personas por hogar\u201d, agreg\u00f3.<\/p>\n\n\n\n<p>Vega resalt\u00f3 que el&nbsp;<strong>PVB<\/strong>&nbsp;representa una inversi\u00f3n de&nbsp;<strong>752,000 millones de pesos<\/strong>&nbsp;(mdp), tendr\u00e1 una derrama econ\u00f3mica de 1.1 billones de pesos, y generar\u00e1 m\u00e1s de 9.6 millones de empleos directos y m\u00e1s de 14.4 millones indirectos.<\/p>\n\n\n\n<p>Adem\u00e1s, indic\u00f3 que, para este 2025, se proyecta la construcci\u00f3n de las primeras&nbsp;<strong>186,000 viviendas<\/strong>&nbsp;del programa, de las cuales, 86,000 se construir\u00e1n a trav\u00e9s de la&nbsp;<strong>Comisi\u00f3n Nacional de Vivienda<\/strong>&nbsp;(<strong>Conavi<\/strong>) y 100,000 mediante el&nbsp;<strong>Instituto del Fondo Nacional de la Vivienda para los Trabajadores<\/strong>&nbsp;(<strong>Infonavit<\/strong>).<\/p>\n\n\n\n<p>De igual manera, este a\u00f1o se entregar\u00e1n&nbsp;<strong>300,000 apoyos para mejoramiento y ampliaci\u00f3n de vivienda<\/strong>, as\u00ed como&nbsp;<strong>120,000 escrituras<\/strong>&nbsp;mediante el Instituto Nacional del Suelo Sustentable (Insus). Esto con una inversi\u00f3n total de 128,000 mdp.<\/p>\n\n\n\n<p>En ese sentido, mencion\u00f3 que, a la fecha, ya se han iniciado las obras de construcci\u00f3n de viviendas en 10 estados del pa\u00eds, se han instalado 32 mesas t\u00e9cnicas y se han firmado 30 convenios de colaboraci\u00f3n con gobiernos estatales para la implementaci\u00f3n del programa.<\/p>\n\n\n\n<p>Por su parte,&nbsp;<strong>Rodrigo Ch\u00e1vez Contreras, director general de la Conavi<\/strong>, subray\u00f3 que la meta sexenal es construir 500,000 viviendas y otorgar apoyos para 300,000 mejoramientos para la poblaci\u00f3n no derechohabiente. E inform\u00f3 que ya inici\u00f3 la construcci\u00f3n de 86,000 viviendas en este 2025.<\/p>\n\n\n\n<p>Asimismo, record\u00f3 que la&nbsp;<strong>Conavi<\/strong>&nbsp;ya abri\u00f3 la convocatoria para el PVB en zonas de alta marginaci\u00f3n, y el registro se llevar\u00e1 a cabo a trav\u00e9s de m\u00f3dulos en pueblos y colonias.<\/p>\n\n\n\n<p>En su mensaje,&nbsp;<strong>Jos\u00e9 Alfonso Iracheta, titular del Insus<\/strong>, se\u00f1al\u00f3 que ya se han entregado 9,642 escrituras: 1,623 en el Estado de M\u00e9xico, 1,166 en Oaxaca, 574 en Morelos y 524 en Michoac\u00e1n. Y destac\u00f3 que est\u00e1n en proceso de regularizaci\u00f3n 255,800 lotes en todo el pa\u00eds.<\/p>\n\n\n\n<p>En tanto,&nbsp;<strong>Octavio Romero Oropeza, titular del Infonavit<\/strong>, report\u00f3 que ya ha iniciado la construcci\u00f3n de 22,226 viviendas del PVB, y estim\u00f3 que, para finales del mes de mayo, la cifra incrementar\u00e1 a 51,635 viviendas.<\/p>\n\n\n\n<p>Finalmente,&nbsp;<strong>Jabnely Maldonado, vocal ejecutiva del Fondo de la Vivienda del ISSSTE<\/strong>&nbsp;(<strong>Fovissste<\/strong>), resalt\u00f3 que ya se han comenzado a aplicar beneficios a sus acreditados, como apoyos a personas jubiladas con ajustes y quitas; apoyos para liquidar cr\u00e9ditos; y apoyos a personas fuera del sector, entre otros.<\/p>\n\n\n\n<p>De igual manera, coment\u00f3 que el&nbsp;<strong>Fovissste<\/strong>&nbsp;se sumar\u00e1 al censo de vivienda abandonada para presentar soluciones; y, en el marco del Plan M\u00e9xico, indic\u00f3 que se tiene la meta de otorgar 38,000 cr\u00e9ditos.<\/p>\n","protected":false},"excerpt":{"rendered":"<p>Por: Fernanda Hern\u00e1ndez Durante el sexenio se construir\u00e1 un total de 1 mill\u00f3n 100,000 viviendas nuevas, en vez del mill\u00f3n que se hab\u00eda planteado originalmente Al participar en la conferencia matutina de este lunes,&nbsp;Edna Vega Rangel, titular de la Secretar\u00eda de Desarrollo Agrario, Territorial y Urbano (Sedatu), dio a conocer que, en el marco del&nbsp;Plan [&hellip;]<\/p>\n","protected":false},"author":1,"featured_media":17404,"comment_status":"open","ping_status":"closed","sticky":false,"template":"","format":"standard","meta":{"site-sidebar-layout":"default","site-content-layout":"","ast-site-content-layout":"default","site-content-style":"default","site-sidebar-style":"default","ast-global-header-display":"","ast-banner-title-visibility":"","ast-main-header-display":"","ast-hfb-above-header-display":"","ast-hfb-below-header-display":"","ast-hfb-mobile-header-display":"","site-post-title":"","ast-breadcrumbs-content":"","ast-featured-img":"","footer-sml-layout":"","ast-disable-related-posts":"","theme-transparent-header-meta":"","adv-header-id-meta":"","stick-header-meta":"","header-above-stick-meta":"","header-main-stick-meta":"","header-below-stick-meta":"","astra-migrate-meta-layouts":"set","ast-page-background-enabled":"default","ast-page-background-meta":{"desktop":{"background-color":"var(--ast-global-color-4)","background-image":"","background-repeat":"repeat","background-position":"center center","background-size":"auto","background-attachment":"scroll","background-type":"","background-media":"","overlay-type":"","overlay-color":"","overlay-opacity":"","overlay-gradient":""},"tablet":{"background-color":"","background-image":"","background-repeat":"repeat","background-position":"center center","background-size":"auto","background-attachment":"scroll","background-type":"","background-media":"","overlay-type":"","overlay-color":"","overlay-opacity":"","overlay-gradient":""},"mobile":{"background-color":"","background-image":"","background-repeat":"repeat","background-position":"center center","background-size":"auto","background-attachment":"scroll","background-type":"","background-media":"","overlay-type":"","overlay-color":"","overlay-opacity":"","overlay-gradient":""}},"ast-content-background-meta":{"desktop":{"background-color":"var(--ast-global-color-5)","background-image":"","background-repeat":"repeat","background-position":"center center","background-size":"auto","background-attachment":"scroll","background-type":"","background-media":"","overlay-type":"","overlay-color":"","overlay-opacity":"","overlay-gradient":""},"tablet":{"background-color":"var(--ast-global-color-5)","background-image":"","background-repeat":"repeat","background-position":"center center","background-size":"auto","background-attachment":"scroll","background-type":"","background-media":"","overlay-type":"","overlay-color":"","overlay-opacity":"","overlay-gradient":""},"mobile":{"background-color":"var(--ast-global-color-5)","background-image":"","background-repeat":"repeat","background-position":"center center","background-size":"auto","background-attachment":"scroll","background-type":"","background-media":"","overlay-type":"","overlay-color":"","overlay-opacity":"","overlay-gradient":""}},"footnotes":""},"categories":[4],"tags":[49,154,177],"class_list":["post-17403","post","type-post","status-publish","format-standard","has-post-thumbnail","hentry","category-noticias","tag-conavi","tag-sedatu","tag-vivienda"],"_links":{"self":[{"href":"https:\/\/hombresymujeresdelacasa.com\/home\/wp-json\/wp\/v2\/posts\/17403","targetHints":{"allow":["GET"]}}],"collection":[{"href":"https:\/\/hombresymujeresdelacasa.com\/home\/wp-json\/wp\/v2\/posts"}],"about":[{"href":"https:\/\/hombresymujeresdelacasa.com\/home\/wp-json\/wp\/v2\/types\/post"}],"author":[{"embeddable":true,"href":"https:\/\/hombresymujeresdelacasa.com\/home\/wp-json\/wp\/v2\/users\/1"}],"replies":[{"embeddable":true,"href":"https:\/\/hombresymujeresdelacasa.com\/home\/wp-json\/wp\/v2\/comments?post=17403"}],"version-history":[{"count":1,"href":"https:\/\/hombresymujeresdelacasa.com\/home\/wp-json\/wp\/v2\/posts\/17403\/revisions"}],"predecessor-version":[{"id":17405,"href":"https:\/\/hombresymujeresdelacasa.com\/home\/wp-json\/wp\/v2\/posts\/17403\/revisions\/17405"}],"wp:featuredmedia":[{"embeddable":true,"href":"https:\/\/hombresymujeresdelacasa.com\/home\/wp-json\/wp\/v2\/media\/17404"}],"wp:attachment":[{"href":"https:\/\/hombresymujeresdelacasa.com\/home\/wp-json\/wp\/v2\/media?parent=17403"}],"wp:term":[{"taxonomy":"category","embeddable":true,"href":"https:\/\/hombresymujeresdelacasa.com\/home\/wp-json\/wp\/v2\/categories?post=17403"},{"taxonomy":"post_tag","embeddable":true,"href":"https:\/\/hombresymujeresdelacasa.com\/home\/wp-json\/wp\/v2\/tags?post=17403"}],"curies":[{"name":"wp","href":"https:\/\/api.w.org\/{rel}","templated":true}]}}