{"id":17393,"date":"2025-04-14T15:02:39","date_gmt":"2025-04-14T21:02:39","guid":{"rendered":"https:\/\/hombresymujeresdelacasa.com\/home\/?p=17393"},"modified":"2025-04-14T15:02:42","modified_gmt":"2025-04-14T21:02:42","slug":"edomex-se-suma-al-pvb-se-construiran-71000-viviendas","status":"publish","type":"post","link":"https:\/\/hombresymujeresdelacasa.com\/home\/edomex-se-suma-al-pvb-se-construiran-71000-viviendas\/","title":{"rendered":"Edomex se suma al PVB; se construir\u00e1n 71,000 viviendas"},"content":{"rendered":"\n<p>Redacci\u00f3n<\/p>\n\n\n\n<p><em>Del total de viviendas proyectadas para el Edomex, 35,000 se construir\u00e1n a trav\u00e9s del Infonavit y 36,000 mediante la Conavi<\/em><\/p>\n\n\n\n<p>La&nbsp;<strong>Secretar\u00eda de Desarrollo Agrario, Territorial y Urbano (Sedatu<\/strong>) y el&nbsp;<strong>gobierno del Estado de M\u00e9xico<\/strong>&nbsp;firmaron un convenio de colaboraci\u00f3n para implementar el&nbsp;<a href=\"https:\/\/centrourbano.com\/revista\/vivienda\/zacatecas-pvb-22000-viviendas\/\" target=\"_blank\" rel=\"noreferrer noopener nofollow\"><strong>Programa de Vivienda para el Bienestar<\/strong>&nbsp;<\/a>(<strong>PVB<\/strong>) en la entidad.<\/p>\n\n\n\n<p>En el evento,&nbsp;<strong>Edna Vega Rangel, titular de la Sedatu<\/strong>, se\u00f1al\u00f3 que la meta sexenal para el Edomex es la construcci\u00f3n de&nbsp;<strong>71,000 viviendas nuevas<\/strong>&nbsp;en beneficio de las familias m\u00e1s vulnerables.<\/p>\n\n\n\n<p>De dicho total, 35,000 viviendas ser\u00e1n para personas derechohabientes del&nbsp;<strong>Instituto del Fondo Nacional de la Vivienda para los Trabajadores<\/strong>&nbsp;(<strong>Infonavit<\/strong>) y 36,000 para no derechohabientes a trav\u00e9s de la&nbsp;<strong>Comisi\u00f3n Nacional de Vivienda<\/strong>&nbsp;(<strong>Conavi<\/strong>); adem\u00e1s de que el&nbsp;<strong>Instituto Nacional del Suelo Sustentable<\/strong>&nbsp;(<strong>Insus<\/strong>) regularizar\u00e1 al menos 300,000 escrituras.<\/p>\n\n\n\n<p>\u201cEl&nbsp;<strong>Estado de M\u00e9xico<\/strong>&nbsp;es el primer lugar en esta posibilidad de cr\u00e9ditos que se van a dar: 71,000. Esto habla de la importancia que tiene esta entidad para el Gobierno de M\u00e9xico\u201d, dijo la funcionaria.<\/p>\n\n\n\n<p>Por su parte,&nbsp;<strong>Octavio Romero Oropeza, titular de Infonavit<\/strong>, coment\u00f3 que en el Edomex hay 26 propuestas de reservas territoriales para el PVB, de las cuales 11 las desarrollar\u00e1 el Instituto. Estar\u00e1n ubicados en Atizap\u00e1n, Tultitl\u00e1n y Cuautitl\u00e1n Izcalli.<\/p>\n\n\n\n<p>En su participaci\u00f3n,&nbsp;<strong>Rodrigo Ch\u00e1vez Contreras, director de la Conavi<\/strong>, explic\u00f3 que los beneficiarios ser\u00e1n las familias y sectores m\u00e1s desprotegidos, incluyendo mujeres jefas de familia, j\u00f3venes, personas con discapacidad y adultos mayores.<\/p>\n\n\n\n<p><strong>Jabnely Maldonado, vocal ejecutiva del Fondo de la Vivienda del ISSSTE<\/strong>&nbsp;(<strong>Fovissste<\/strong>), inform\u00f3 que, en el Edomex, se condonar\u00e1n las deudas impagables de cr\u00e9ditos y seis meses de intereses durante el periodo de su jubilaci\u00f3n a 30,000 personas trabajadoras al servicio del estado; adem\u00e1s de que se reestructurar\u00e1n cr\u00e9ditos de UMAs a pesos.<\/p>\n\n\n\n<p>Finalmente,&nbsp;<strong>Delfina G\u00f3mez \u00c1lvarez, gobernadora del estado<\/strong>, celebr\u00f3 la llegada del PVB para garantizar el derecho a la vivienda; as\u00ed como la aportaci\u00f3n de reserva territorial.<\/p>\n\n\n\n<p>\u201cCon la firma del convenio se reafirma el compromiso federal, estatal y municipal con la construcci\u00f3n de vivienda social, adecuada, segura, de calidad y a un precio asequible\u201d, dijo.<a href=\"https:\/\/centrourbano.com\/revista\/author\/editorial\/\" rel=\"nofollow noopener\" target=\"_blank\"><\/a><\/p>\n","protected":false},"excerpt":{"rendered":"<p>Redacci\u00f3n Del total de viviendas proyectadas para el Edomex, 35,000 se construir\u00e1n a trav\u00e9s del Infonavit y 36,000 mediante la Conavi La&nbsp;Secretar\u00eda de Desarrollo Agrario, Territorial y Urbano (Sedatu) y el&nbsp;gobierno del Estado de M\u00e9xico&nbsp;firmaron un convenio de colaboraci\u00f3n para implementar el&nbsp;Programa de Vivienda para el Bienestar&nbsp;(PVB) en la entidad. En el evento,&nbsp;Edna Vega Rangel, [&hellip;]<\/p>\n","protected":false},"author":1,"featured_media":17394,"comment_status":"open","ping_status":"closed","sticky":false,"template":"","format":"standard","meta":{"site-sidebar-layout":"default","site-content-layout":"","ast-site-content-layout":"default","site-content-style":"default","site-sidebar-style":"default","ast-global-header-display":"","ast-banner-title-visibility":"","ast-main-header-display":"","ast-hfb-above-header-display":"","ast-hfb-below-header-display":"","ast-hfb-mobile-header-display":"","site-post-title":"","ast-breadcrumbs-content":"","ast-featured-img":"","footer-sml-layout":"","ast-disable-related-posts":"","theme-transparent-header-meta":"","adv-header-id-meta":"","stick-header-meta":"","header-above-stick-meta":"","header-main-stick-meta":"","header-below-stick-meta":"","astra-migrate-meta-layouts":"set","ast-page-background-enabled":"default","ast-page-background-meta":{"desktop":{"background-color":"var(--ast-global-color-4)","background-image":"","background-repeat":"repeat","background-position":"center center","background-size":"auto","background-attachment":"scroll","background-type":"","background-media":"","overlay-type":"","overlay-color":"","overlay-opacity":"","overlay-gradient":""},"tablet":{"background-color":"","background-image":"","background-repeat":"repeat","background-position":"center center","background-size":"auto","background-attachment":"scroll","background-type":"","background-media":"","overlay-type":"","overlay-color":"","overlay-opacity":"","overlay-gradient":""},"mobile":{"background-color":"","background-image":"","background-repeat":"repeat","background-position":"center center","background-size":"auto","background-attachment":"scroll","background-type":"","background-media":"","overlay-type":"","overlay-color":"","overlay-opacity":"","overlay-gradient":""}},"ast-content-background-meta":{"desktop":{"background-color":"var(--ast-global-color-5)","background-image":"","background-repeat":"repeat","background-position":"center center","background-size":"auto","background-attachment":"scroll","background-type":"","background-media":"","overlay-type":"","overlay-color":"","overlay-opacity":"","overlay-gradient":""},"tablet":{"background-color":"var(--ast-global-color-5)","background-image":"","background-repeat":"repeat","background-position":"center center","background-size":"auto","background-attachment":"scroll","background-type":"","background-media":"","overlay-type":"","overlay-color":"","overlay-opacity":"","overlay-gradient":""},"mobile":{"background-color":"var(--ast-global-color-5)","background-image":"","background-repeat":"repeat","background-position":"center center","background-size":"auto","background-attachment":"scroll","background-type":"","background-media":"","overlay-type":"","overlay-color":"","overlay-opacity":"","overlay-gradient":""}},"footnotes":""},"categories":[4],"tags":[49,227,86,154,177],"class_list":["post-17393","post","type-post","status-publish","format-standard","has-post-thumbnail","hentry","category-noticias","tag-conavi","tag-edomex","tag-fovissste","tag-sedatu","tag-vivienda"],"_links":{"self":[{"href":"https:\/\/hombresymujeresdelacasa.com\/home\/wp-json\/wp\/v2\/posts\/17393","targetHints":{"allow":["GET"]}}],"collection":[{"href":"https:\/\/hombresymujeresdelacasa.com\/home\/wp-json\/wp\/v2\/posts"}],"about":[{"href":"https:\/\/hombresymujeresdelacasa.com\/home\/wp-json\/wp\/v2\/types\/post"}],"author":[{"embeddable":true,"href":"https:\/\/hombresymujeresdelacasa.com\/home\/wp-json\/wp\/v2\/users\/1"}],"replies":[{"embeddable":true,"href":"https:\/\/hombresymujeresdelacasa.com\/home\/wp-json\/wp\/v2\/comments?post=17393"}],"version-history":[{"count":1,"href":"https:\/\/hombresymujeresdelacasa.com\/home\/wp-json\/wp\/v2\/posts\/17393\/revisions"}],"predecessor-version":[{"id":17395,"href":"https:\/\/hombresymujeresdelacasa.com\/home\/wp-json\/wp\/v2\/posts\/17393\/revisions\/17395"}],"wp:featuredmedia":[{"embeddable":true,"href":"https:\/\/hombresymujeresdelacasa.com\/home\/wp-json\/wp\/v2\/media\/17394"}],"wp:attachment":[{"href":"https:\/\/hombresymujeresdelacasa.com\/home\/wp-json\/wp\/v2\/media?parent=17393"}],"wp:term":[{"taxonomy":"category","embeddable":true,"href":"https:\/\/hombresymujeresdelacasa.com\/home\/wp-json\/wp\/v2\/categories?post=17393"},{"taxonomy":"post_tag","embeddable":true,"href":"https:\/\/hombresymujeresdelacasa.com\/home\/wp-json\/wp\/v2\/tags?post=17393"}],"curies":[{"name":"wp","href":"https:\/\/api.w.org\/{rel}","templated":true}]}}