{"id":17213,"date":"2025-03-21T14:45:05","date_gmt":"2025-03-21T20:45:05","guid":{"rendered":"https:\/\/hombresymujeresdelacasa.com\/home\/?p=17213"},"modified":"2025-03-21T14:45:11","modified_gmt":"2025-03-21T20:45:11","slug":"infonavit-constituyen-legalmente-la-empresa-filial-de-construccion","status":"publish","type":"post","link":"https:\/\/hombresymujeresdelacasa.com\/home\/infonavit-constituyen-legalmente-la-empresa-filial-de-construccion\/","title":{"rendered":"Infonavit: constituyen legalmente la empresa filial de construcci\u00f3n"},"content":{"rendered":"\n<p><em>En abril, Infonavit Constructora comenzar\u00e1 la construcci\u00f3n de las primeras 20,000 viviendas<\/em><\/p>\n\n\n\n<p>Octavio Romero Oropeza, director general del Instituto del Fondo Nacional de la Vivienda para los Trabajadores (Infonavit), firm\u00f3 ante notario p\u00fablico el acta constitutiva que establece formalmente a la empresa&nbsp;<strong>Infonavit Constructora<\/strong>&nbsp;SA de CV.<\/p>\n\n\n\n<p>La creaci\u00f3n de esta empresa filial forma parte de la&nbsp;<a href=\"https:\/\/centrourbano.com\/revista\/vivienda\/reforma-infonavit-dof\/\" target=\"_blank\" rel=\"noreferrer noopener nofollow\">reforma a la Ley del Infonavit<\/a>, publicada en el Diario Oficial de la Federaci\u00f3n (DOF) el pasado 21 de febrero. La constructora se constituye bajo el art\u00edculo 3 de dicha ley y en t\u00e9rminos de la&nbsp;<strong>legislaci\u00f3n mercantil<\/strong>.<\/p>\n\n\n\n<p>Durante la ceremonia, se inform\u00f3 que, a trav\u00e9s de esta empresa y como parte del Programa Vivienda para el Bienestar (PVB), el Infonavit construir\u00e1 al menos 500,000 viviendas destinadas a&nbsp;<strong>derechohabientes que perciben un m\u00e1ximo de dos salarios&nbsp;<\/strong>m\u00ednimos.<\/p>\n\n\n\n<h2 class=\"wp-block-heading\">Funciones de Infonavit Constructora<\/h2>\n\n\n\n<p>El&nbsp;<a href=\"https:\/\/portalmx.infonavit.org.mx\/wps\/portal\/infonavitmx\/mx2\/derechohabientes\/!ut\/p\/z1\/hY-9DoJAEISfxYKWXX6Ew-4iiQoJgQbwGgMGDxLgCJzy-l6UxkR0ut35ZjcDDHJgffFoeCEb0Retms_MuTgHxOPeNiKSEopJ5EVm6FhmQF3I_gFM2bgiiirPXsjqBWcBPM-3jZCgGRsRYpImhn_yXdyivQA_ngTAeCvKdx_alxbhwMbqVo3VqN9Hta6lHKadhhrO86xzIXhb6VfRafgtUotJQv5JwtDl2MRdRia6eQLjCZYX\/dz\/d5\/L2dBISEvZ0FBIS9nQSEh\/\" target=\"_blank\" rel=\"noreferrer noopener nofollow\">Instituto<\/a>&nbsp;destac\u00f3 que la&nbsp;<strong>nueva constructora \u201cpermitir\u00e1 combatir el rezago habitacional\u201d<\/strong>, ya que facilitar\u00e1 el acceso a la vivienda a los trabajadores de menores ingresos.<\/p>\n\n\n\n<p>Por ello, se estima que el organismo contribuya con 500,000 viviendas nuevas \u201cbien ubicadas y con servicios\u201d para el t\u00e9rmino del sexenio. Al momento, se cuentan con 153 predios, equivalentes m\u00e1s de 470 hect\u00e1reas (ha), donde se prev\u00e9&nbsp;<strong>construir 75,000 viviendas en 2025<\/strong>. Cabe mencionar que en&nbsp;<strong>abril iniciar\u00e1 la construcci\u00f3n de las primeras 20,000 casas<\/strong>.<\/p>\n\n\n\n<p>Adem\u00e1s, el Infonavit ha sostenido reuniones de trabajo con&nbsp;<strong>desarrolladores y constructores<\/strong>&nbsp;de vivienda, con el objetivo de que aquellos que dispongan de<strong>&nbsp;terrenos<\/strong>&nbsp;puedan sumarse al PVB.<a href=\"https:\/\/centrourbano.com\/revista\/author\/editorial\/\" rel=\"nofollow noopener\" target=\"_blank\"><\/a><\/p>\n","protected":false},"excerpt":{"rendered":"<p>En abril, Infonavit Constructora comenzar\u00e1 la construcci\u00f3n de las primeras 20,000 viviendas Octavio Romero Oropeza, director general del Instituto del Fondo Nacional de la Vivienda para los Trabajadores (Infonavit), firm\u00f3 ante notario p\u00fablico el acta constitutiva que establece formalmente a la empresa&nbsp;Infonavit Constructora&nbsp;SA de CV. La creaci\u00f3n de esta empresa filial forma parte de la&nbsp;reforma [&hellip;]<\/p>\n","protected":false},"author":1,"featured_media":17214,"comment_status":"open","ping_status":"closed","sticky":false,"template":"","format":"standard","meta":{"site-sidebar-layout":"default","site-content-layout":"","ast-site-content-layout":"default","site-content-style":"default","site-sidebar-style":"default","ast-global-header-display":"","ast-banner-title-visibility":"","ast-main-header-display":"","ast-hfb-above-header-display":"","ast-hfb-below-header-display":"","ast-hfb-mobile-header-display":"","site-post-title":"","ast-breadcrumbs-content":"","ast-featured-img":"","footer-sml-layout":"","ast-disable-related-posts":"","theme-transparent-header-meta":"","adv-header-id-meta":"","stick-header-meta":"","header-above-stick-meta":"","header-main-stick-meta":"","header-below-stick-meta":"","astra-migrate-meta-layouts":"set","ast-page-background-enabled":"default","ast-page-background-meta":{"desktop":{"background-color":"var(--ast-global-color-4)","background-image":"","background-repeat":"repeat","background-position":"center center","background-size":"auto","background-attachment":"scroll","background-type":"","background-media":"","overlay-type":"","overlay-color":"","overlay-opacity":"","overlay-gradient":""},"tablet":{"background-color":"","background-image":"","background-repeat":"repeat","background-position":"center center","background-size":"auto","background-attachment":"scroll","background-type":"","background-media":"","overlay-type":"","overlay-color":"","overlay-opacity":"","overlay-gradient":""},"mobile":{"background-color":"","background-image":"","background-repeat":"repeat","background-position":"center center","background-size":"auto","background-attachment":"scroll","background-type":"","background-media":"","overlay-type":"","overlay-color":"","overlay-opacity":"","overlay-gradient":""}},"ast-content-background-meta":{"desktop":{"background-color":"var(--ast-global-color-5)","background-image":"","background-repeat":"repeat","background-position":"center center","background-size":"auto","background-attachment":"scroll","background-type":"","background-media":"","overlay-type":"","overlay-color":"","overlay-opacity":"","overlay-gradient":""},"tablet":{"background-color":"var(--ast-global-color-5)","background-image":"","background-repeat":"repeat","background-position":"center center","background-size":"auto","background-attachment":"scroll","background-type":"","background-media":"","overlay-type":"","overlay-color":"","overlay-opacity":"","overlay-gradient":""},"mobile":{"background-color":"var(--ast-global-color-5)","background-image":"","background-repeat":"repeat","background-position":"center center","background-size":"auto","background-attachment":"scroll","background-type":"","background-media":"","overlay-type":"","overlay-color":"","overlay-opacity":"","overlay-gradient":""}},"footnotes":""},"categories":[4],"tags":[102,177],"class_list":["post-17213","post","type-post","status-publish","format-standard","has-post-thumbnail","hentry","category-noticias","tag-infonavit","tag-vivienda"],"_links":{"self":[{"href":"https:\/\/hombresymujeresdelacasa.com\/home\/wp-json\/wp\/v2\/posts\/17213","targetHints":{"allow":["GET"]}}],"collection":[{"href":"https:\/\/hombresymujeresdelacasa.com\/home\/wp-json\/wp\/v2\/posts"}],"about":[{"href":"https:\/\/hombresymujeresdelacasa.com\/home\/wp-json\/wp\/v2\/types\/post"}],"author":[{"embeddable":true,"href":"https:\/\/hombresymujeresdelacasa.com\/home\/wp-json\/wp\/v2\/users\/1"}],"replies":[{"embeddable":true,"href":"https:\/\/hombresymujeresdelacasa.com\/home\/wp-json\/wp\/v2\/comments?post=17213"}],"version-history":[{"count":1,"href":"https:\/\/hombresymujeresdelacasa.com\/home\/wp-json\/wp\/v2\/posts\/17213\/revisions"}],"predecessor-version":[{"id":17215,"href":"https:\/\/hombresymujeresdelacasa.com\/home\/wp-json\/wp\/v2\/posts\/17213\/revisions\/17215"}],"wp:featuredmedia":[{"embeddable":true,"href":"https:\/\/hombresymujeresdelacasa.com\/home\/wp-json\/wp\/v2\/media\/17214"}],"wp:attachment":[{"href":"https:\/\/hombresymujeresdelacasa.com\/home\/wp-json\/wp\/v2\/media?parent=17213"}],"wp:term":[{"taxonomy":"category","embeddable":true,"href":"https:\/\/hombresymujeresdelacasa.com\/home\/wp-json\/wp\/v2\/categories?post=17213"},{"taxonomy":"post_tag","embeddable":true,"href":"https:\/\/hombresymujeresdelacasa.com\/home\/wp-json\/wp\/v2\/tags?post=17213"}],"curies":[{"name":"wp","href":"https:\/\/api.w.org\/{rel}","templated":true}]}}