{"id":17210,"date":"2025-03-20T17:50:08","date_gmt":"2025-03-20T23:50:08","guid":{"rendered":"https:\/\/hombresymujeresdelacasa.com\/home\/?p=17210"},"modified":"2025-03-20T17:50:15","modified_gmt":"2025-03-20T23:50:15","slug":"retiran-reforma-a-la-ley-del-issste-cambios-en-el-fovissste-se-aplicaran-mediante-decretos","status":"publish","type":"post","link":"https:\/\/hombresymujeresdelacasa.com\/home\/retiran-reforma-a-la-ley-del-issste-cambios-en-el-fovissste-se-aplicaran-mediante-decretos\/","title":{"rendered":"Retiran reforma a la Ley del ISSSTE; cambios en el FOVISSSTE se aplicar\u00e1n mediante decretos"},"content":{"rendered":"\n<p>Por: Rebeca Romero <\/p>\n\n\n\n<p><em>El Ejecutivo Federal buscar\u00e1 que el Fovissste recupere su capacidad de construcci\u00f3n \u201csin tocar la Ley del Issste\u201d<\/em><\/p>\n\n\n\n<p>Claudia Sheinbaum Pardo, presidenta de M\u00e9xico, anunci\u00f3 el&nbsp;<strong>retiro de la propuesta de reforma&nbsp;<\/strong>a la Ley del Instituto de Seguridad y Servicios Sociales de los Trabajadores del Estado (<a href=\"https:\/\/www.gob.mx\/issste\" target=\"_blank\" rel=\"noreferrer noopener nofollow\">Issste<\/a>), presentada al Congreso de la Uni\u00f3n el pasado 7 de febrero de 2025.<\/p>\n\n\n\n<p>La Jefa del Ejecutivo decidi\u00f3 retirar su propuesta luego de reunirse con la Coordinadora Nacional de Trabajadores de la Educaci\u00f3n (CNTE),&nbsp;<strong>debido a la desinformaci\u00f3n<\/strong>&nbsp;generada en torno a la iniciativa<\/p>\n\n\n\n<blockquote class=\"wp-block-quote is-layout-flow wp-block-quote-is-layout-flow\">\n<p>\u201cNosotros enviamos una iniciativa de reforma a la Ley del ISSSTE de muchas de las demandas que ten\u00edan los maestros, como lo del Fovissste tambi\u00e9n; sin embargo, hubo confusi\u00f3n en qu\u00e9 es lo que est\u00e1bamos planteando; se pens\u00f3 que quer\u00edamos quitarles a todos los maestros un porcentaje o retirarles un porcentaje para fortalecer al Issste, y en el caso de los maestros, pues no era tal\u201d, se\u00f1al\u00f3.<\/p>\n<\/blockquote>\n\n\n\n<p>Asimismo, como resultado de la reuni\u00f3n con la CNTE y el Gobierno Federal, se establecieron cuatro puntos principales:<\/p>\n\n\n\n<ol class=\"wp-block-list\">\n<li><strong>Retiro inmediato de la iniciativa\u00a0<\/strong>de reforma a la Ley del Issste.<\/li>\n\n\n\n<li><strong>Implementaci\u00f3n de un programa para congelar<\/strong>\u00a0y disminuir, mediante quitas o condonaciones, las\u00a0<strong>\u2018deudas impagables\u2019\u00a0<\/strong>de los acreditados del Fovissste. Adem\u00e1s, se supervisar\u00e1 la recuperaci\u00f3n de las atribuciones del Fondo para la reconstrucci\u00f3n, rehabilitaci\u00f3n y mejora de la vivienda social.<\/li>\n\n\n\n<li><strong>Detener el incremento de la edad m\u00ednima de jubilaci\u00f3n<\/strong>\u00a0previsto en la ley, para mantenerla en 58 a\u00f1os para trabajadores y 56 a\u00f1os para trabajadoras.<\/li>\n\n\n\n<li>Organizar\u00a0<strong>foros escuela por escuela<\/strong>\u00a0para garantizar los derechos laborales de los trabajadores y asegurar la transparencia y\u00a0\u2018cero corrupci\u00f3n\u2019 en el Instituto.<\/li>\n<\/ol>\n\n\n\n<p>Sheinbaum Pardo reiter\u00f3 que su administraci\u00f3n buscar\u00e1 devolver al&nbsp;<a href=\"https:\/\/centrourbano.com\/revista\/vivienda\/fovissste-regresa-construccion\/\" target=\"_blank\" rel=\"noreferrer noopener nofollow\">Fovissste<\/a>&nbsp;sus atribuciones para construir, rehabilitar y mejorar la vivienda social. No obstante, estas acciones se implementar\u00e1n mediante&nbsp;<strong>decretos<\/strong>,&nbsp;<strong>sin necesidad de modificar la Ley del Issste<\/strong>, al igual que los programas de congelamiento y condonaci\u00f3n de deudas.<\/p>\n\n\n\n<blockquote class=\"wp-block-quote is-layout-flow wp-block-quote-is-layout-flow\">\n<p>\u201cComo ya cambi\u00f3 la Constituci\u00f3n para que el Infonavit pueda construir vivienda, tambi\u00e9n eso puede llegar al Fovissste. Entonces, que el Fovissste recupere su capacidad de construcci\u00f3n sin tocar la Ley del Issste, sino a partir de un decreto de la presidenta, que ya estamos trabajando en \u00e9l para que se pueda hacer. Entonces, por Decreto hacemos estas dos caracter\u00edsticas: uno, quitar las deudas y dos, la capacidad de construcci\u00f3n del Fovissste\u201d, coment\u00f3.<\/p>\n<\/blockquote>\n","protected":false},"excerpt":{"rendered":"<p>Por: Rebeca Romero El Ejecutivo Federal buscar\u00e1 que el Fovissste recupere su capacidad de construcci\u00f3n \u201csin tocar la Ley del Issste\u201d Claudia Sheinbaum Pardo, presidenta de M\u00e9xico, anunci\u00f3 el&nbsp;retiro de la propuesta de reforma&nbsp;a la Ley del Instituto de Seguridad y Servicios Sociales de los Trabajadores del Estado (Issste), presentada al Congreso de la Uni\u00f3n [&hellip;]<\/p>\n","protected":false},"author":1,"featured_media":17211,"comment_status":"open","ping_status":"closed","sticky":false,"template":"","format":"standard","meta":{"site-sidebar-layout":"default","site-content-layout":"","ast-site-content-layout":"default","site-content-style":"default","site-sidebar-style":"default","ast-global-header-display":"","ast-banner-title-visibility":"","ast-main-header-display":"","ast-hfb-above-header-display":"","ast-hfb-below-header-display":"","ast-hfb-mobile-header-display":"","site-post-title":"","ast-breadcrumbs-content":"","ast-featured-img":"","footer-sml-layout":"","ast-disable-related-posts":"","theme-transparent-header-meta":"","adv-header-id-meta":"","stick-header-meta":"","header-above-stick-meta":"","header-main-stick-meta":"","header-below-stick-meta":"","astra-migrate-meta-layouts":"set","ast-page-background-enabled":"default","ast-page-background-meta":{"desktop":{"background-color":"var(--ast-global-color-4)","background-image":"","background-repeat":"repeat","background-position":"center center","background-size":"auto","background-attachment":"scroll","background-type":"","background-media":"","overlay-type":"","overlay-color":"","overlay-opacity":"","overlay-gradient":""},"tablet":{"background-color":"","background-image":"","background-repeat":"repeat","background-position":"center center","background-size":"auto","background-attachment":"scroll","background-type":"","background-media":"","overlay-type":"","overlay-color":"","overlay-opacity":"","overlay-gradient":""},"mobile":{"background-color":"","background-image":"","background-repeat":"repeat","background-position":"center center","background-size":"auto","background-attachment":"scroll","background-type":"","background-media":"","overlay-type":"","overlay-color":"","overlay-opacity":"","overlay-gradient":""}},"ast-content-background-meta":{"desktop":{"background-color":"var(--ast-global-color-5)","background-image":"","background-repeat":"repeat","background-position":"center center","background-size":"auto","background-attachment":"scroll","background-type":"","background-media":"","overlay-type":"","overlay-color":"","overlay-opacity":"","overlay-gradient":""},"tablet":{"background-color":"var(--ast-global-color-5)","background-image":"","background-repeat":"repeat","background-position":"center center","background-size":"auto","background-attachment":"scroll","background-type":"","background-media":"","overlay-type":"","overlay-color":"","overlay-opacity":"","overlay-gradient":""},"mobile":{"background-color":"var(--ast-global-color-5)","background-image":"","background-repeat":"repeat","background-position":"center center","background-size":"auto","background-attachment":"scroll","background-type":"","background-media":"","overlay-type":"","overlay-color":"","overlay-opacity":"","overlay-gradient":""}},"footnotes":""},"categories":[4],"tags":[55,86,2727],"class_list":["post-17210","post","type-post","status-publish","format-standard","has-post-thumbnail","hentry","category-noticias","tag-credito","tag-fovissste","tag-ley-del-issste"],"_links":{"self":[{"href":"https:\/\/hombresymujeresdelacasa.com\/home\/wp-json\/wp\/v2\/posts\/17210","targetHints":{"allow":["GET"]}}],"collection":[{"href":"https:\/\/hombresymujeresdelacasa.com\/home\/wp-json\/wp\/v2\/posts"}],"about":[{"href":"https:\/\/hombresymujeresdelacasa.com\/home\/wp-json\/wp\/v2\/types\/post"}],"author":[{"embeddable":true,"href":"https:\/\/hombresymujeresdelacasa.com\/home\/wp-json\/wp\/v2\/users\/1"}],"replies":[{"embeddable":true,"href":"https:\/\/hombresymujeresdelacasa.com\/home\/wp-json\/wp\/v2\/comments?post=17210"}],"version-history":[{"count":1,"href":"https:\/\/hombresymujeresdelacasa.com\/home\/wp-json\/wp\/v2\/posts\/17210\/revisions"}],"predecessor-version":[{"id":17212,"href":"https:\/\/hombresymujeresdelacasa.com\/home\/wp-json\/wp\/v2\/posts\/17210\/revisions\/17212"}],"wp:featuredmedia":[{"embeddable":true,"href":"https:\/\/hombresymujeresdelacasa.com\/home\/wp-json\/wp\/v2\/media\/17211"}],"wp:attachment":[{"href":"https:\/\/hombresymujeresdelacasa.com\/home\/wp-json\/wp\/v2\/media?parent=17210"}],"wp:term":[{"taxonomy":"category","embeddable":true,"href":"https:\/\/hombresymujeresdelacasa.com\/home\/wp-json\/wp\/v2\/categories?post=17210"},{"taxonomy":"post_tag","embeddable":true,"href":"https:\/\/hombresymujeresdelacasa.com\/home\/wp-json\/wp\/v2\/tags?post=17210"}],"curies":[{"name":"wp","href":"https:\/\/api.w.org\/{rel}","templated":true}]}}