{"id":17201,"date":"2025-03-19T18:07:53","date_gmt":"2025-03-20T00:07:53","guid":{"rendered":"https:\/\/hombresymujeresdelacasa.com\/home\/?p=17201"},"modified":"2025-03-19T18:08:00","modified_gmt":"2025-03-20T00:08:00","slug":"vamos-a-acabar-con-mas-de-4-millones-de-deudas-impagables-infonavit","status":"publish","type":"post","link":"https:\/\/hombresymujeresdelacasa.com\/home\/vamos-a-acabar-con-mas-de-4-millones-de-deudas-impagables-infonavit\/","title":{"rendered":"Vamos a acabar con m\u00e1s de 4 millones de deudas impagables: Infonavit"},"content":{"rendered":"\n<p>Por: Fernanda Hern\u00e1ndez<\/p>\n\n\n\n<p><em>El director general del Infonavit asegur\u00f3 que la reforma a la Ley del Instituto fue un paso fundamental para garantizar vivienda a los trabajadores<\/em><\/p>\n\n\n\n<p>Durante la 133&nbsp;<a href=\"https:\/\/centrourbano.com\/revista\/vivienda\/infonavit-nuevo-gobernanza\/\" target=\"_blank\" rel=\"noreferrer noopener nofollow\">Asamblea General Ordinaria<\/a>&nbsp;del&nbsp;<strong>Instituto del Fondo Nacional de la Vivienda para los Trabajadores<\/strong>&nbsp;(Infonavit),&nbsp;<strong>Octavio Romero Oropeza<\/strong>,&nbsp;<strong>director general del organismo<\/strong>, asegur\u00f3 que una de las prioridades del Gobierno Federal es terminar con m\u00e1s de&nbsp;<strong>4 millones de deudas que quedaron impagables<\/strong>&nbsp;debido a malas pr\u00e1cticas de administraciones pasadas.<\/p>\n\n\n\n<p><strong>Romero<\/strong>&nbsp;indic\u00f3 que en sexenios anteriores, dentro del&nbsp;<strong>Infonavit<\/strong>, hab\u00edan pr\u00e1cticas corruptas en donde importaban m\u00e1s los negocios privados que la misi\u00f3n del instituto, es decir, el asegurar el derecho de las personas a una vivienda adecuada.<\/p>\n\n\n\n<p>Y lo anterior, dijo, gener\u00f3 graves problemas para los acreditados, como estafas, juicios masivos que derivaron en despojos y cr\u00e9ditos que se volvieron impagables.<\/p>\n\n\n\n<p>\u201cPor eso, desde el inicio de esta administraci\u00f3n fuimos instruidos a acabar de manera definitiva con las&nbsp;<strong>deudas impagables de 4 millones de acreditados<\/strong>, para devolver al Infonavit su verdadera naturaleza como instituci\u00f3n de seguridad social y garantizar que todas las personas trabajadoras, especialmente las m\u00e1s vulnerables, puedan ejercer su derecho a la vivienda adecuada\u201d, se\u00f1al\u00f3.<\/p>\n\n\n\n<p>En ese sentido, el funcionario dio a conocer que, a la fecha, ya se han presentado&nbsp;<strong>28 denuncias&nbsp;<\/strong>ante la Fiscal\u00eda General de la Rep\u00fablica contra desarrolladores, constructoras, notarios p\u00fablicos, exfuncionarios del Instituto y coyotes; y, adicionalmente, se preparan&nbsp;<strong>3,380 carpetas de investigaci\u00f3n<\/strong>&nbsp;en una mesa especializada constituida por instrucciones de la presidenta Claudia Sheinbaum.<\/p>\n\n\n\n<h2 class=\"wp-block-heading\"><strong>Reforma al Infonavit, fundamental para garantizar vivienda a los trabajadores: Romero<\/strong><\/h2>\n\n\n\n<p>Por otro lado, el&nbsp;<strong>director general del Infonavit<\/strong>&nbsp;afirm\u00f3 que la&nbsp;<strong>reforma a la Ley del Instituto&nbsp;<\/strong>es un paso fundamental para garantizar el derecho de las personas trabajadoras a una vivienda, pues entre los principales puntos de esta reforma se encuentran:<\/p>\n\n\n\n<ul class=\"wp-block-list\">\n<li>Mantener el\u00a0<strong>tripartismo<\/strong>\u00a0con representaci\u00f3n de trabajadores, empresarios y gobierno en todos los \u00f3rganos colegiados.<\/li>\n\n\n\n<li>El Infonavit es ahora m\u00e1s\u00a0<strong>transparente<\/strong>\u00a0y tendr\u00e1 un mejor control de los\u00a0<strong>ahorros de los trabajadores<\/strong>, ya que la Auditor\u00eda Superior de la Federaci\u00f3n podr\u00e1 fiscalizar sus operaciones.<\/li>\n\n\n\n<li>La\u00a0<strong>Secretar\u00eda de Hacienda y Cr\u00e9dito P\u00fablico<\/strong>\u00a0(<strong>SHCP<\/strong>) y la\u00a0<strong>Comisi\u00f3n Nacional Bancaria y de Valores\u00a0<\/strong>(<strong>CNBV<\/strong>) regular\u00e1n las operaciones financieras del Infonavit.<\/li>\n<\/ul>\n\n\n\n<p>Adem\u00e1s, en el marco del&nbsp;<strong>Programa de Vivienda para el Bienestar<\/strong>&nbsp;(<strong>PVB<\/strong>), el Instituto contribuir\u00e1 en el combate al rezago habitacional al constituir una&nbsp;<strong>empresa constructora<\/strong>&nbsp;que entrar\u00e1 en operaciones el 1 de abril para edificar&nbsp;<strong>500,000 viviendas asequibles durante el sexenio<\/strong>, con el fin de atender a la poblaci\u00f3n derechohabiente que quedaba excluida del acceso a una vivienda adecuada a causa de la escasa oferta dirigida al segmento de inter\u00e9s social.<\/p>\n\n\n\n<p>\u201cHoy tenemos m\u00e1s de 11 millones de derechohabientes que pueden acceder a un cr\u00e9dito y no lo usan porque en el pa\u00eds pr\u00e1cticamente no se oferta la vivienda asequible. En 2024, \u00fanicamente se construyeron 128,000 casas, pero de ese n\u00famero s\u00f3lo el 10% fueron asequibles para los m\u00e1s de 7 millones de trabajadores que ganan entre uno y dos salarios m\u00ednimos\u201d, precis\u00f3.<\/p>\n\n\n\n<p>Por ello, mediante el PVB, el&nbsp;<strong>Infonavit<\/strong>&nbsp;construir\u00e1 500,000 viviendas bien ubicadas y con todos los servicios, para que los trabajadores puedan acceder a un hogar mediante la compra o renta con opci\u00f3n a compra.<\/p>\n\n\n\n<p>\u201cAl d\u00eda de hoy, hemos recibido&nbsp;<strong>153 predios en donaci\u00f3n<\/strong>&nbsp;equivalentes a poco m\u00e1s de 470 hect\u00e1reas, donde el Instituto podr\u00e1 edificar m\u00e1s de 75,000 viviendas en 2025. En abril comenzaremos con la construcci\u00f3n de las primeras 20,000 viviendas\u201d, anunci\u00f3.<\/p>\n\n\n\n<h2 class=\"wp-block-heading\"><strong>\u00bfQu\u00e9 viene para el Instituto?<\/strong><\/h2>\n\n\n\n<p>De igual manera,&nbsp;<strong>Romero<\/strong>&nbsp;adelant\u00f3 que, para los sectores m\u00e1s vulnerables de la poblaci\u00f3n, incluyendo jefas de familia, j\u00f3venes y personas con discapacidad, el Infonavit implementar\u00e1 un&nbsp;<strong>programa de vivienda en renta<\/strong>&nbsp;con casas en situaci\u00f3n de abandono que han sido recuperadas.<\/p>\n\n\n\n<p>\u201cA partir de abril levantaremos un gran censo, con el apoyo de la&nbsp;<strong>Secretar\u00eda de Bienestar<\/strong>, para conocer la situaci\u00f3n espec\u00edfica de las m\u00e1s de 400,000 viviendas emproblemadas; y, dependiendo de los resultados de este censo, pondremos en marcha un programa de rehabilitaci\u00f3n y regularizaci\u00f3n, ofert\u00e1ndolas a un precio justo\u201d, coment\u00f3.<\/p>\n\n\n\n<p>Asimismo, indic\u00f3 que se ha replanteado la&nbsp;<strong>filosof\u00eda operacional del Instituto<\/strong>&nbsp;para incrementar el nivel resolutivo de todos los tr\u00e1mites y servicios, a fin de mejorar la atenci\u00f3n a la derechohabiencia.<\/p>\n\n\n\n<p>\u201cIniciamos un&nbsp;<strong>programa de capacitaci\u00f3n<\/strong>&nbsp;para nuestros funcionarios que promover\u00e1 el entendimiento a profundidad de todos los productos y servicios institucionales; y, adem\u00e1s, les incrementaremos las facultades para que puedan realizar los tr\u00e1mites sin una excesiva dependencia de las \u00e1reas de las oficinas centrales\u201d, dijo.<\/p>\n\n\n\n<p>Y, adicionalmente, mencion\u00f3 que se buscar\u00e1&nbsp;<strong>eliminar cualquier intermediaci\u00f3n<\/strong>&nbsp;para que los trabajadores tengan acceso a los financiamientos de manera directa y sin condicionamientos. Ejemplo de ello es la implementaci\u00f3n de&nbsp;<strong>Mejoravit<\/strong>, que ahora permite entregar los recursos directamente a las y los acreditados, y se eliminaron las restricciones sobre d\u00f3nde comprar los materiales para remodelar las viviendas.<\/p>\n\n\n\n<p>\u201cEn esta administraci\u00f3n otorgaremos&nbsp;<strong>1 mill\u00f3n 250,000 cr\u00e9ditos para reparaci\u00f3n, remodelaci\u00f3n o ampliaci\u00f3n de vivienda<\/strong>, lo que significa un incremento del 25% al programa ordinario. Se trata de combatir las pr\u00e1cticas corruptas al exterior y al interior de nuestro Instituto\u201d, resalt\u00f3.<\/p>\n","protected":false},"excerpt":{"rendered":"<p>Por: Fernanda Hern\u00e1ndez El director general del Infonavit asegur\u00f3 que la reforma a la Ley del Instituto fue un paso fundamental para garantizar vivienda a los trabajadores Durante la 133&nbsp;Asamblea General Ordinaria&nbsp;del&nbsp;Instituto del Fondo Nacional de la Vivienda para los Trabajadores&nbsp;(Infonavit),&nbsp;Octavio Romero Oropeza,&nbsp;director general del organismo, asegur\u00f3 que una de las prioridades del Gobierno Federal [&hellip;]<\/p>\n","protected":false},"author":1,"featured_media":17202,"comment_status":"open","ping_status":"closed","sticky":false,"template":"","format":"standard","meta":{"site-sidebar-layout":"default","site-content-layout":"","ast-site-content-layout":"default","site-content-style":"default","site-sidebar-style":"default","ast-global-header-display":"","ast-banner-title-visibility":"","ast-main-header-display":"","ast-hfb-above-header-display":"","ast-hfb-below-header-display":"","ast-hfb-mobile-header-display":"","site-post-title":"","ast-breadcrumbs-content":"","ast-featured-img":"","footer-sml-layout":"","ast-disable-related-posts":"","theme-transparent-header-meta":"","adv-header-id-meta":"","stick-header-meta":"","header-above-stick-meta":"","header-main-stick-meta":"","header-below-stick-meta":"","astra-migrate-meta-layouts":"set","ast-page-background-enabled":"default","ast-page-background-meta":{"desktop":{"background-color":"var(--ast-global-color-4)","background-image":"","background-repeat":"repeat","background-position":"center center","background-size":"auto","background-attachment":"scroll","background-type":"","background-media":"","overlay-type":"","overlay-color":"","overlay-opacity":"","overlay-gradient":""},"tablet":{"background-color":"","background-image":"","background-repeat":"repeat","background-position":"center center","background-size":"auto","background-attachment":"scroll","background-type":"","background-media":"","overlay-type":"","overlay-color":"","overlay-opacity":"","overlay-gradient":""},"mobile":{"background-color":"","background-image":"","background-repeat":"repeat","background-position":"center center","background-size":"auto","background-attachment":"scroll","background-type":"","background-media":"","overlay-type":"","overlay-color":"","overlay-opacity":"","overlay-gradient":""}},"ast-content-background-meta":{"desktop":{"background-color":"var(--ast-global-color-5)","background-image":"","background-repeat":"repeat","background-position":"center center","background-size":"auto","background-attachment":"scroll","background-type":"","background-media":"","overlay-type":"","overlay-color":"","overlay-opacity":"","overlay-gradient":""},"tablet":{"background-color":"var(--ast-global-color-5)","background-image":"","background-repeat":"repeat","background-position":"center center","background-size":"auto","background-attachment":"scroll","background-type":"","background-media":"","overlay-type":"","overlay-color":"","overlay-opacity":"","overlay-gradient":""},"mobile":{"background-color":"var(--ast-global-color-5)","background-image":"","background-repeat":"repeat","background-position":"center center","background-size":"auto","background-attachment":"scroll","background-type":"","background-media":"","overlay-type":"","overlay-color":"","overlay-opacity":"","overlay-gradient":""}},"footnotes":""},"categories":[4],"tags":[55,6614,177],"class_list":["post-17201","post","type-post","status-publish","format-standard","has-post-thumbnail","hentry","category-noticias","tag-credito","tag-deuda-infonavit","tag-vivienda"],"_links":{"self":[{"href":"https:\/\/hombresymujeresdelacasa.com\/home\/wp-json\/wp\/v2\/posts\/17201","targetHints":{"allow":["GET"]}}],"collection":[{"href":"https:\/\/hombresymujeresdelacasa.com\/home\/wp-json\/wp\/v2\/posts"}],"about":[{"href":"https:\/\/hombresymujeresdelacasa.com\/home\/wp-json\/wp\/v2\/types\/post"}],"author":[{"embeddable":true,"href":"https:\/\/hombresymujeresdelacasa.com\/home\/wp-json\/wp\/v2\/users\/1"}],"replies":[{"embeddable":true,"href":"https:\/\/hombresymujeresdelacasa.com\/home\/wp-json\/wp\/v2\/comments?post=17201"}],"version-history":[{"count":1,"href":"https:\/\/hombresymujeresdelacasa.com\/home\/wp-json\/wp\/v2\/posts\/17201\/revisions"}],"predecessor-version":[{"id":17203,"href":"https:\/\/hombresymujeresdelacasa.com\/home\/wp-json\/wp\/v2\/posts\/17201\/revisions\/17203"}],"wp:featuredmedia":[{"embeddable":true,"href":"https:\/\/hombresymujeresdelacasa.com\/home\/wp-json\/wp\/v2\/media\/17202"}],"wp:attachment":[{"href":"https:\/\/hombresymujeresdelacasa.com\/home\/wp-json\/wp\/v2\/media?parent=17201"}],"wp:term":[{"taxonomy":"category","embeddable":true,"href":"https:\/\/hombresymujeresdelacasa.com\/home\/wp-json\/wp\/v2\/categories?post=17201"},{"taxonomy":"post_tag","embeddable":true,"href":"https:\/\/hombresymujeresdelacasa.com\/home\/wp-json\/wp\/v2\/tags?post=17201"}],"curies":[{"name":"wp","href":"https:\/\/api.w.org\/{rel}","templated":true}]}}