{"id":17178,"date":"2025-03-13T11:08:54","date_gmt":"2025-03-13T17:08:54","guid":{"rendered":"https:\/\/hombresymujeresdelacasa.com\/home\/?p=17178"},"modified":"2025-03-13T11:08:56","modified_gmt":"2025-03-13T17:08:56","slug":"sedatu-retoma-presidencia-del-sistema-nacional-de-movilidad","status":"publish","type":"post","link":"https:\/\/hombresymujeresdelacasa.com\/home\/sedatu-retoma-presidencia-del-sistema-nacional-de-movilidad\/","title":{"rendered":"Sedatu retoma presidencia del Sistema Nacional de Movilidad"},"content":{"rendered":"\n<p><em>\u00abDesde la entrada en vigor de la LGMSV, el Gobierno de M\u00e9xico, a trav\u00e9s de la Sedatu y el SNMySV, ha impulsado un nuevo paradigma en movilidad\u201d<\/em><\/p>\n\n\n\n<p>Durante la Sexta Sesi\u00f3n Ordinaria del&nbsp;<strong>Sistema Nacional de Movilidad y Seguridad Vial<\/strong>&nbsp;(<strong>SNMySV<\/strong>), la&nbsp;<strong>Secretar\u00eda de Infraestructura, Comunicaciones y Transporte<\/strong>&nbsp;(<a href=\"https:\/\/centrourbano.com\/revista\/urbanismo\/sict-presidencia-sistema-movilidad\/\" target=\"_blank\" rel=\"noreferrer noopener nofollow\"><strong>SICT<\/strong><\/a>) entreg\u00f3 formalmente la presidencia de esta estructura a la&nbsp;<strong>Secretar\u00eda de Desarrollo Agrario, Territorial y Urbano<\/strong>&nbsp;(<strong>Sedatu<\/strong>) para el periodo 2025-2026.<\/p>\n\n\n\n<p>Asimismo, el&nbsp;<strong>SNMySV<\/strong>&nbsp;aprob\u00f3 su plan de actividades para el nuevo periodo a cargo de la Sedatu, que incluye, a corto plazo, impulsar y coordinar los proyectos prioritarios del Gobierno de M\u00e9xico en materia de movilidad, como el&nbsp;<strong>Programa de Vivienda para el Bienestar,<\/strong>&nbsp;<strong>Rutas de Trenes de Pasajeros<\/strong>&nbsp;(83,300 km de infraestructura ferroviaria) y los&nbsp;<strong>Polos de Bienestar<\/strong>.<\/p>\n\n\n\n<p>Y, de igual manera, se dar\u00e1 continuidad a los trabajos de armonizaci\u00f3n de las leyes estatales y reglamentos de tr\u00e1nsito conforme a la&nbsp;<strong>Ley General de Movilidad y Seguridad Vial<\/strong>&nbsp;(<strong>LGMSV<\/strong>).<\/p>\n\n\n\n<p>Al respecto,&nbsp;<strong>V\u00edctor Hugo Hofmann Aguirre, subsecretario de Ordenamiento Territorial, Urbano y Vivienda de la Sedatu<\/strong>, se\u00f1al\u00f3 que el el plan de trabajo se basa en los ejes de la Estrategia Nacional: Movilidades articuladas al desarrollo econ\u00f3mico territorial; servicios de transporte p\u00fablico de personas, as\u00ed como la participaci\u00f3n activa de los gobiernos locales en su planeaci\u00f3n y ejecuci\u00f3n.<\/p>\n\n\n\n<p>\u00abDesde la entrada en vigor de la&nbsp;<strong>LGMSV<\/strong>&nbsp;en 2022, el Gobierno de M\u00e9xico a trav\u00e9s de la&nbsp;<strong>Sedatu<\/strong>&nbsp;y el&nbsp;<strong>SNMySV<\/strong>&nbsp;ha impulsado un nuevo paradigma en movilidad, destacando iniciativas como ha sido la&nbsp;<strong>Estrategia Nacional de Movilidad (Enamov<\/strong>) 2023-2042. Este programa se desarrolla con base en las necesidades locales, asegurando su participaci\u00f3n colaborativa y su alineaci\u00f3n con los proyectos del Gobierno de M\u00e9xico, para garantizar una movilidad segura, accesible y sostenible\u00bb, destac\u00f3.<\/p>\n\n\n\n<p>En su intervenci\u00f3n,&nbsp;<strong>Janet de Luna Jim\u00e9nez, directora general de Pol\u00edtica Territorial y Movilidad de la Sedatu<\/strong>, indic\u00f3 que se promover\u00e1n m\u00e1s grupos de trabajo a fin de ampliar las estrategias de movilidad y seguridad vial en todos los estados de la rep\u00fablica.<\/p>\n\n\n\n<p>Por su parte,&nbsp;<strong>Juan Carlos Fuentes Orrala, subsecretario de Infraestructura de la SICT<\/strong>, present\u00f3 el seguimiento a la implementaci\u00f3n de la&nbsp;<strong>Enamov<\/strong>: la promoci\u00f3n a la Pol\u00edtica Nacional de Transporte P\u00fablico Colectivo Urbano; los lineamientos para la armonizaci\u00f3n de los reglamentos de tr\u00e1nsito; proyectos de trenes de carga y pasajeros; la implementaci\u00f3n, monitoreo, vigencia y sanci\u00f3n de la velocidad; y se difundieron las normas y manuales para el dise\u00f1o de carreteras.<\/p>\n","protected":false},"excerpt":{"rendered":"<p>\u00abDesde la entrada en vigor de la LGMSV, el Gobierno de M\u00e9xico, a trav\u00e9s de la Sedatu y el SNMySV, ha impulsado un nuevo paradigma en movilidad\u201d Durante la Sexta Sesi\u00f3n Ordinaria del&nbsp;Sistema Nacional de Movilidad y Seguridad Vial&nbsp;(SNMySV), la&nbsp;Secretar\u00eda de Infraestructura, Comunicaciones y Transporte&nbsp;(SICT) entreg\u00f3 formalmente la presidencia de esta estructura a la&nbsp;Secretar\u00eda de [&hellip;]<\/p>\n","protected":false},"author":1,"featured_media":17179,"comment_status":"open","ping_status":"closed","sticky":false,"template":"","format":"standard","meta":{"site-sidebar-layout":"default","site-content-layout":"","ast-site-content-layout":"default","site-content-style":"default","site-sidebar-style":"default","ast-global-header-display":"","ast-banner-title-visibility":"","ast-main-header-display":"","ast-hfb-above-header-display":"","ast-hfb-below-header-display":"","ast-hfb-mobile-header-display":"","site-post-title":"","ast-breadcrumbs-content":"","ast-featured-img":"","footer-sml-layout":"","ast-disable-related-posts":"","theme-transparent-header-meta":"","adv-header-id-meta":"","stick-header-meta":"","header-above-stick-meta":"","header-main-stick-meta":"","header-below-stick-meta":"","astra-migrate-meta-layouts":"set","ast-page-background-enabled":"default","ast-page-background-meta":{"desktop":{"background-color":"var(--ast-global-color-4)","background-image":"","background-repeat":"repeat","background-position":"center center","background-size":"auto","background-attachment":"scroll","background-type":"","background-media":"","overlay-type":"","overlay-color":"","overlay-opacity":"","overlay-gradient":""},"tablet":{"background-color":"","background-image":"","background-repeat":"repeat","background-position":"center center","background-size":"auto","background-attachment":"scroll","background-type":"","background-media":"","overlay-type":"","overlay-color":"","overlay-opacity":"","overlay-gradient":""},"mobile":{"background-color":"","background-image":"","background-repeat":"repeat","background-position":"center center","background-size":"auto","background-attachment":"scroll","background-type":"","background-media":"","overlay-type":"","overlay-color":"","overlay-opacity":"","overlay-gradient":""}},"ast-content-background-meta":{"desktop":{"background-color":"var(--ast-global-color-5)","background-image":"","background-repeat":"repeat","background-position":"center center","background-size":"auto","background-attachment":"scroll","background-type":"","background-media":"","overlay-type":"","overlay-color":"","overlay-opacity":"","overlay-gradient":""},"tablet":{"background-color":"var(--ast-global-color-5)","background-image":"","background-repeat":"repeat","background-position":"center center","background-size":"auto","background-attachment":"scroll","background-type":"","background-media":"","overlay-type":"","overlay-color":"","overlay-opacity":"","overlay-gradient":""},"mobile":{"background-color":"var(--ast-global-color-5)","background-image":"","background-repeat":"repeat","background-position":"center center","background-size":"auto","background-attachment":"scroll","background-type":"","background-media":"","overlay-type":"","overlay-color":"","overlay-opacity":"","overlay-gradient":""}},"footnotes":""},"categories":[4],"tags":[999,154,4017],"class_list":["post-17178","post","type-post","status-publish","format-standard","has-post-thumbnail","hentry","category-noticias","tag-presidencia","tag-sedatu","tag-sistema-nacional-de-movilidad"],"_links":{"self":[{"href":"https:\/\/hombresymujeresdelacasa.com\/home\/wp-json\/wp\/v2\/posts\/17178","targetHints":{"allow":["GET"]}}],"collection":[{"href":"https:\/\/hombresymujeresdelacasa.com\/home\/wp-json\/wp\/v2\/posts"}],"about":[{"href":"https:\/\/hombresymujeresdelacasa.com\/home\/wp-json\/wp\/v2\/types\/post"}],"author":[{"embeddable":true,"href":"https:\/\/hombresymujeresdelacasa.com\/home\/wp-json\/wp\/v2\/users\/1"}],"replies":[{"embeddable":true,"href":"https:\/\/hombresymujeresdelacasa.com\/home\/wp-json\/wp\/v2\/comments?post=17178"}],"version-history":[{"count":1,"href":"https:\/\/hombresymujeresdelacasa.com\/home\/wp-json\/wp\/v2\/posts\/17178\/revisions"}],"predecessor-version":[{"id":17180,"href":"https:\/\/hombresymujeresdelacasa.com\/home\/wp-json\/wp\/v2\/posts\/17178\/revisions\/17180"}],"wp:featuredmedia":[{"embeddable":true,"href":"https:\/\/hombresymujeresdelacasa.com\/home\/wp-json\/wp\/v2\/media\/17179"}],"wp:attachment":[{"href":"https:\/\/hombresymujeresdelacasa.com\/home\/wp-json\/wp\/v2\/media?parent=17178"}],"wp:term":[{"taxonomy":"category","embeddable":true,"href":"https:\/\/hombresymujeresdelacasa.com\/home\/wp-json\/wp\/v2\/categories?post=17178"},{"taxonomy":"post_tag","embeddable":true,"href":"https:\/\/hombresymujeresdelacasa.com\/home\/wp-json\/wp\/v2\/tags?post=17178"}],"curies":[{"name":"wp","href":"https:\/\/api.w.org\/{rel}","templated":true}]}}