{"id":17168,"date":"2025-03-12T15:03:18","date_gmt":"2025-03-12T21:03:18","guid":{"rendered":"https:\/\/hombresymujeresdelacasa.com\/home\/?p=17168"},"modified":"2025-03-12T15:03:22","modified_gmt":"2025-03-12T21:03:22","slug":"sector-empresarial-resalta-pendientes-en-reforma-a-la-ley-del-infonavit","status":"publish","type":"post","link":"https:\/\/hombresymujeresdelacasa.com\/home\/sector-empresarial-resalta-pendientes-en-reforma-a-la-ley-del-infonavit\/","title":{"rendered":"Sector empresarial resalta pendientes en reforma a la Ley del Infonavit"},"content":{"rendered":"\n<p>Por: Fernanda Hern\u00e1ndez <\/p>\n\n\n\n<p><em>El titular de la DSE del Infonavit dijo que uno de los pendientes es la participaci\u00f3n de la CNBV en la regulaci\u00f3n de las operaciones<\/em><\/p>\n\n\n\n<p>El pasado 21 de febrero, el Ejecutivo Federal public\u00f3 en el Diario Oficial de la Federaci\u00f3n (DOF) el decreto por el que se modificaban diversas disposiciones de la&nbsp;<strong>Ley del Instituto del Fondo Nacional de la Vivienda para los Trabajadores<\/strong>&nbsp;(<strong>Infonavit<\/strong>), lo que oficializ\u00f3 el regreso de este organismo como constructor de vivienda; as\u00ed como su incursi\u00f3n en esquemas de arrendamiento social con opci\u00f3n a compra.<\/p>\n\n\n\n<p>Sin embargo, la aprobaci\u00f3n de esta reforma gener\u00f3 preocupaci\u00f3n en diversos sectores de la econom\u00eda, como&nbsp;<a href=\"https:\/\/centrourbano.com\/revista\/vivienda\/oposicion-reforma-al-infonavit\/\" target=\"_blank\" rel=\"noreferrer noopener nofollow\"><strong>empresarios<\/strong>&nbsp;y&nbsp;<strong>sindicatos<\/strong><\/a>.<\/p>\n\n\n\n<p>Al respecto,&nbsp;<strong>Carlos Guti\u00e9rrez, titular de la Direcci\u00f3n Sectorial Empresarial<\/strong>&nbsp;(<strong>DSE<\/strong>)&nbsp;<strong>del Infonavit<\/strong>, destac\u00f3 que este sector no qued\u00f3 conforme con la reforma, ya que ni la C\u00e1mara de Diputados ni el Senado de la Rep\u00fablica tomaron en cuenta los cambios solicitados.<\/p>\n\n\n\n<p>\u201cCreo que quedaron&nbsp;<strong>puntos pendientes<\/strong>&nbsp;que me parece que eran sencillos de haberse, primero, revisado, y despu\u00e9s, eventualmente, legislado\u201d, dijo.<\/p>\n\n\n\n<p>Entre los puntos que quedaron pendientes,&nbsp;<strong>Guti\u00e9rrez<\/strong>&nbsp;mencion\u00f3 la estructura de los&nbsp;<strong>Comit\u00e9s de representaci\u00f3n de los trabajadores y de los empresarios<\/strong>, que se solicit\u00f3 al Legislativo que se incorporara en la Ley.<\/p>\n\n\n\n<p>Asimismo, resalt\u00f3 que qued\u00f3 pendiente la participaci\u00f3n de la&nbsp;<strong>Comisi\u00f3n Nacional Bancaria y de Valores<\/strong>&nbsp;(<strong>CNBV<\/strong>) en la regulaci\u00f3n de las operaciones del Infonavit, pues con la reforma qued\u00f3 solamente como una entidad asesora; mientras que se estableci\u00f3 que ser\u00e1 la&nbsp;<strong>Secretar\u00eda de Hacienda y Cr\u00e9dito P\u00fablico<\/strong>&nbsp;(<strong>SHCP<\/strong>) quien deber\u00e1 emitir las reglas espec\u00edficas para el Instituto.<\/p>\n\n\n\n<p>\u201cEl&nbsp;<strong>Infonavit<\/strong>&nbsp;es una instituci\u00f3n muy grande, con un manejo de recursos grandes; pero lo m\u00e1s importante es que el Infonavit tambi\u00e9n es un&nbsp;<strong>Afore<\/strong>&nbsp;para los trabajadores que no toman un cr\u00e9dito y cuando se jubilan van a querer ese dinero como parte de su pensi\u00f3n.<\/p>\n\n\n\n<p>\u201cEntonces, la&nbsp;<strong>regulaci\u00f3n de la CNBV<\/strong>&nbsp;garantizaba justamente que esta parte del Infonavit estuviera acorde a las necesidades que se van fijando en materia de pensiones; y eso no qued\u00f3, creo que ahora se va atener que trabajar de manera muy importante\u201d, se\u00f1al\u00f3.<\/p>\n\n\n\n<p>Y, con respecto a la incertidumbre que existe entre los trabajadores respecto a sus ahorros, el titular de la&nbsp;<strong>DSE<\/strong>&nbsp;coment\u00f3 que el Instituto deber\u00e1 encontrar el equilibrio entre el generar un&nbsp;<strong>rendimiento digno en las subcuentas de vivienda<\/strong>&nbsp;y, al mismo tiempo,&nbsp;<strong>construir, rentar y dar cr\u00e9ditos<\/strong>.<\/p>\n\n\n\n<p>\u201cPor eso era la insistencia del sector empresarial respecto a este tipo de regulaci\u00f3n, porque, si bien ven\u00edamos solamente otorgando cr\u00e9ditos, ahora ya tenemos otras dos cosas que hacer: el arrendamiento y la construcci\u00f3n de vivienda, y esto genera un&nbsp;<strong>cambio estructural en el<\/strong>&nbsp;<strong>Infonavit<\/strong>\u201d, agreg\u00f3.<\/p>\n","protected":false},"excerpt":{"rendered":"<p>Por: Fernanda Hern\u00e1ndez El titular de la DSE del Infonavit dijo que uno de los pendientes es la participaci\u00f3n de la CNBV en la regulaci\u00f3n de las operaciones El pasado 21 de febrero, el Ejecutivo Federal public\u00f3 en el Diario Oficial de la Federaci\u00f3n (DOF) el decreto por el que se modificaban diversas disposiciones de [&hellip;]<\/p>\n","protected":false},"author":1,"featured_media":17169,"comment_status":"open","ping_status":"closed","sticky":false,"template":"","format":"standard","meta":{"site-sidebar-layout":"default","site-content-layout":"","ast-site-content-layout":"default","site-content-style":"default","site-sidebar-style":"default","ast-global-header-display":"","ast-banner-title-visibility":"","ast-main-header-display":"","ast-hfb-above-header-display":"","ast-hfb-below-header-display":"","ast-hfb-mobile-header-display":"","site-post-title":"","ast-breadcrumbs-content":"","ast-featured-img":"","footer-sml-layout":"","ast-disable-related-posts":"","theme-transparent-header-meta":"","adv-header-id-meta":"","stick-header-meta":"","header-above-stick-meta":"","header-main-stick-meta":"","header-below-stick-meta":"","astra-migrate-meta-layouts":"set","ast-page-background-enabled":"default","ast-page-background-meta":{"desktop":{"background-color":"var(--ast-global-color-4)","background-image":"","background-repeat":"repeat","background-position":"center center","background-size":"auto","background-attachment":"scroll","background-type":"","background-media":"","overlay-type":"","overlay-color":"","overlay-opacity":"","overlay-gradient":""},"tablet":{"background-color":"","background-image":"","background-repeat":"repeat","background-position":"center center","background-size":"auto","background-attachment":"scroll","background-type":"","background-media":"","overlay-type":"","overlay-color":"","overlay-opacity":"","overlay-gradient":""},"mobile":{"background-color":"","background-image":"","background-repeat":"repeat","background-position":"center center","background-size":"auto","background-attachment":"scroll","background-type":"","background-media":"","overlay-type":"","overlay-color":"","overlay-opacity":"","overlay-gradient":""}},"ast-content-background-meta":{"desktop":{"background-color":"var(--ast-global-color-5)","background-image":"","background-repeat":"repeat","background-position":"center center","background-size":"auto","background-attachment":"scroll","background-type":"","background-media":"","overlay-type":"","overlay-color":"","overlay-opacity":"","overlay-gradient":""},"tablet":{"background-color":"var(--ast-global-color-5)","background-image":"","background-repeat":"repeat","background-position":"center center","background-size":"auto","background-attachment":"scroll","background-type":"","background-media":"","overlay-type":"","overlay-color":"","overlay-opacity":"","overlay-gradient":""},"mobile":{"background-color":"var(--ast-global-color-5)","background-image":"","background-repeat":"repeat","background-position":"center center","background-size":"auto","background-attachment":"scroll","background-type":"","background-media":"","overlay-type":"","overlay-color":"","overlay-opacity":"","overlay-gradient":""}},"footnotes":""},"categories":[4],"tags":[5659,177],"class_list":["post-17168","post","type-post","status-publish","format-standard","has-post-thumbnail","hentry","category-noticias","tag-ley-de-infonavit","tag-vivienda"],"_links":{"self":[{"href":"https:\/\/hombresymujeresdelacasa.com\/home\/wp-json\/wp\/v2\/posts\/17168","targetHints":{"allow":["GET"]}}],"collection":[{"href":"https:\/\/hombresymujeresdelacasa.com\/home\/wp-json\/wp\/v2\/posts"}],"about":[{"href":"https:\/\/hombresymujeresdelacasa.com\/home\/wp-json\/wp\/v2\/types\/post"}],"author":[{"embeddable":true,"href":"https:\/\/hombresymujeresdelacasa.com\/home\/wp-json\/wp\/v2\/users\/1"}],"replies":[{"embeddable":true,"href":"https:\/\/hombresymujeresdelacasa.com\/home\/wp-json\/wp\/v2\/comments?post=17168"}],"version-history":[{"count":1,"href":"https:\/\/hombresymujeresdelacasa.com\/home\/wp-json\/wp\/v2\/posts\/17168\/revisions"}],"predecessor-version":[{"id":17170,"href":"https:\/\/hombresymujeresdelacasa.com\/home\/wp-json\/wp\/v2\/posts\/17168\/revisions\/17170"}],"wp:featuredmedia":[{"embeddable":true,"href":"https:\/\/hombresymujeresdelacasa.com\/home\/wp-json\/wp\/v2\/media\/17169"}],"wp:attachment":[{"href":"https:\/\/hombresymujeresdelacasa.com\/home\/wp-json\/wp\/v2\/media?parent=17168"}],"wp:term":[{"taxonomy":"category","embeddable":true,"href":"https:\/\/hombresymujeresdelacasa.com\/home\/wp-json\/wp\/v2\/categories?post=17168"},{"taxonomy":"post_tag","embeddable":true,"href":"https:\/\/hombresymujeresdelacasa.com\/home\/wp-json\/wp\/v2\/tags?post=17168"}],"curies":[{"name":"wp","href":"https:\/\/api.w.org\/{rel}","templated":true}]}}