{"id":17142,"date":"2025-03-10T15:16:08","date_gmt":"2025-03-10T21:16:08","guid":{"rendered":"https:\/\/hombresymujeresdelacasa.com\/home\/?p=17142"},"modified":"2025-03-10T15:16:10","modified_gmt":"2025-03-10T21:16:10","slug":"programa-de-vivienda-dara-prioridad-a-las-mujeres-sheinbaum","status":"publish","type":"post","link":"https:\/\/hombresymujeresdelacasa.com\/home\/programa-de-vivienda-dara-prioridad-a-las-mujeres-sheinbaum\/","title":{"rendered":"Programa de Vivienda dar\u00e1 prioridad a las mujeres: Sheinbaum"},"content":{"rendered":"\n<p>Por: Rebeca Romero <\/p>\n\n\n\n<p><em>Adem\u00e1s del Programa de Vivienda, la Cartilla de Derechos establece la vivienda como un derecho para las mujeres<\/em><\/p>\n\n\n\n<p>En el marco del D\u00eda Internacional de la Mujer, Claudia Sheinbaum, presidenta de M\u00e9xico, anunci\u00f3 10 acciones para impulsar la&nbsp;<strong>equidad de g\u00e9nero<\/strong>&nbsp;en el pa\u00eds, dentro de las cuales se incluye el&nbsp;<strong>acceso a la vivienda<\/strong>.<\/p>\n\n\n\n<p>Durante su discurso del 8 de marzo la mandataria se\u00f1al\u00f3 que estas acciones buscan la&nbsp;<strong>igualdad sustantiva<\/strong>, por lo que abordar\u00e1n diversos \u00e1mbitos esenciales.<\/p>\n\n\n\n<blockquote class=\"wp-block-quote is-layout-flow wp-block-quote-is-layout-flow\">\n<p>\u201cNosotras requerimos m\u00e1s derechos para alcanzar igualdad sustantiva, no solo porque, como mujeres, tenemos nuestras propias necesidades, sino porque, hist\u00f3ricamente, hemos sido tratadas con desigualdad. As\u00ed que hay una brecha mayor que debe de ser cubierta\u201d, coment\u00f3.<\/p>\n<\/blockquote>\n\n\n\n<p>Dentro de estas iniciativas, Sheinbaum Pardo destac\u00f3 que el&nbsp;<strong><a href=\"https:\/\/centrourbano.com\/revista\/?s=programa+de+vivienda+\" target=\"_blank\" rel=\"noreferrer noopener nofollow\">Programa de Vivienda<\/a>&nbsp;<\/strong>para el Bienestar d<strong>ar\u00e1 prioridad a las mujeres como propietarias&nbsp;<\/strong>de vivienda, permiti\u00e9ndoles formar un patrimonio.<\/p>\n\n\n\n<p>Por otro lado, durante la presentaci\u00f3n de la&nbsp;<a href=\"https:\/\/www.cartilladerechosdelasmujeres.gob.mx\/\" target=\"_blank\" rel=\"noreferrer noopener nofollow\">Cartilla de Derechos de las Mujeres<\/a>, Citlalli Hern\u00e1ndez Mora, secretaria de las Mujeres, indic\u00f3 que una encuesta realizada a 1,588 mujeres en 150 puntos del pa\u00eds arroj\u00f3 resultados sobre su&nbsp;<strong>conocimiento respecto a sus derechos.<\/strong><\/p>\n\n\n\n<p>Por ejemplo, esta consulta revel\u00f3 que&nbsp;<strong>solo el 1% de las mujeres reconoce como sus derechos<\/strong>&nbsp;la sexualidad, la&nbsp;<strong>vivienda, el acceso a la tierra<\/strong>&nbsp;y el esparcimiento.<\/p>\n\n\n\n<p>La cartilla cuenta con 15 derechos b\u00e1sicos a los que deben acceder las mujeres, entre los cuales se encuentra el derecho a la vivienda. El documento destaca que, hist\u00f3ricamente, las mujeres enfrentan m\u00e1s obst\u00e1culos para acceder a una vivienda adecuada debido a \u201cla falta de acceso a cr\u00e9ditos, reclamos de herencias, carencias culturales\u201d, entre otros motivos.<\/p>\n\n\n\n<p>En ese sentido, la Cartilla de Derechos se\u00f1ala que todas las mujeres tienen&nbsp;<strong>derecho a contar con una vivienda adecuada<\/strong>&nbsp;que puedan costear.<\/p>\n\n\n\n<blockquote class=\"wp-block-quote is-layout-flow wp-block-quote-is-layout-flow\">\n<p>\u201cLas mujeres tenemos derecho a un techo digno que podamos costear, que sea adecuado a nuestras necesidades, que cuente con acceso a servicios, escuelas y empleos; tambi\u00e9n tenemos derecho a tener seguridad de la tenencia de nuestra vivienda sin la amenaza del desalojo o la expulsi\u00f3n de nuestros hogares o tierras\u201d<\/p>\n<\/blockquote>\n\n\n\n<p>Adem\u00e1s, el nuevo documento recuerda que la Constituci\u00f3n establece que las mujeres deben tener&nbsp;<strong>acceso a cr\u00e9ditos para la construcci\u00f3n y adquisici\u00f3n&nbsp;<\/strong>de vivienda.<\/p>\n\n\n\n<p>\u201cNuestra Constituci\u00f3n reconoce las condiciones de vida de los pueblos y comunidades ind\u00edgenas, sus espacios para la convivencia y recreaci\u00f3n mediante acciones que garanticen el acceso al financiamiento para la construcci\u00f3n y mejoramiento de vivienda, as\u00ed como la ampliaci\u00f3n de la cobertura de los servicios sociales b\u00e1sicos en armon\u00eda con su entorno natural y cultural, sus conocimientos y tecnolog\u00edas tradicionales\u201d.<a href=\"https:\/\/centrourbano.com\/revista\/author\/rebeca-romero\/\" rel=\"nofollow noopener\" target=\"_blank\"><\/a><\/p>\n","protected":false},"excerpt":{"rendered":"<p>Por: Rebeca Romero Adem\u00e1s del Programa de Vivienda, la Cartilla de Derechos establece la vivienda como un derecho para las mujeres En el marco del D\u00eda Internacional de la Mujer, Claudia Sheinbaum, presidenta de M\u00e9xico, anunci\u00f3 10 acciones para impulsar la&nbsp;equidad de g\u00e9nero&nbsp;en el pa\u00eds, dentro de las cuales se incluye el&nbsp;acceso a la vivienda. [&hellip;]<\/p>\n","protected":false},"author":1,"featured_media":17143,"comment_status":"open","ping_status":"closed","sticky":false,"template":"","format":"standard","meta":{"site-sidebar-layout":"default","site-content-layout":"","ast-site-content-layout":"default","site-content-style":"default","site-sidebar-style":"default","ast-global-header-display":"","ast-banner-title-visibility":"","ast-main-header-display":"","ast-hfb-above-header-display":"","ast-hfb-below-header-display":"","ast-hfb-mobile-header-display":"","site-post-title":"","ast-breadcrumbs-content":"","ast-featured-img":"","footer-sml-layout":"","ast-disable-related-posts":"","theme-transparent-header-meta":"","adv-header-id-meta":"","stick-header-meta":"","header-above-stick-meta":"","header-main-stick-meta":"","header-below-stick-meta":"","astra-migrate-meta-layouts":"set","ast-page-background-enabled":"default","ast-page-background-meta":{"desktop":{"background-color":"var(--ast-global-color-4)","background-image":"","background-repeat":"repeat","background-position":"center center","background-size":"auto","background-attachment":"scroll","background-type":"","background-media":"","overlay-type":"","overlay-color":"","overlay-opacity":"","overlay-gradient":""},"tablet":{"background-color":"","background-image":"","background-repeat":"repeat","background-position":"center center","background-size":"auto","background-attachment":"scroll","background-type":"","background-media":"","overlay-type":"","overlay-color":"","overlay-opacity":"","overlay-gradient":""},"mobile":{"background-color":"","background-image":"","background-repeat":"repeat","background-position":"center center","background-size":"auto","background-attachment":"scroll","background-type":"","background-media":"","overlay-type":"","overlay-color":"","overlay-opacity":"","overlay-gradient":""}},"ast-content-background-meta":{"desktop":{"background-color":"var(--ast-global-color-5)","background-image":"","background-repeat":"repeat","background-position":"center center","background-size":"auto","background-attachment":"scroll","background-type":"","background-media":"","overlay-type":"","overlay-color":"","overlay-opacity":"","overlay-gradient":""},"tablet":{"background-color":"var(--ast-global-color-5)","background-image":"","background-repeat":"repeat","background-position":"center center","background-size":"auto","background-attachment":"scroll","background-type":"","background-media":"","overlay-type":"","overlay-color":"","overlay-opacity":"","overlay-gradient":""},"mobile":{"background-color":"var(--ast-global-color-5)","background-image":"","background-repeat":"repeat","background-position":"center center","background-size":"auto","background-attachment":"scroll","background-type":"","background-media":"","overlay-type":"","overlay-color":"","overlay-opacity":"","overlay-gradient":""}},"footnotes":""},"categories":[4],"tags":[938,1505,177],"class_list":["post-17142","post","type-post","status-publish","format-standard","has-post-thumbnail","hentry","category-noticias","tag-mujeres","tag-programa-de-vivienda","tag-vivienda"],"_links":{"self":[{"href":"https:\/\/hombresymujeresdelacasa.com\/home\/wp-json\/wp\/v2\/posts\/17142","targetHints":{"allow":["GET"]}}],"collection":[{"href":"https:\/\/hombresymujeresdelacasa.com\/home\/wp-json\/wp\/v2\/posts"}],"about":[{"href":"https:\/\/hombresymujeresdelacasa.com\/home\/wp-json\/wp\/v2\/types\/post"}],"author":[{"embeddable":true,"href":"https:\/\/hombresymujeresdelacasa.com\/home\/wp-json\/wp\/v2\/users\/1"}],"replies":[{"embeddable":true,"href":"https:\/\/hombresymujeresdelacasa.com\/home\/wp-json\/wp\/v2\/comments?post=17142"}],"version-history":[{"count":1,"href":"https:\/\/hombresymujeresdelacasa.com\/home\/wp-json\/wp\/v2\/posts\/17142\/revisions"}],"predecessor-version":[{"id":17144,"href":"https:\/\/hombresymujeresdelacasa.com\/home\/wp-json\/wp\/v2\/posts\/17142\/revisions\/17144"}],"wp:featuredmedia":[{"embeddable":true,"href":"https:\/\/hombresymujeresdelacasa.com\/home\/wp-json\/wp\/v2\/media\/17143"}],"wp:attachment":[{"href":"https:\/\/hombresymujeresdelacasa.com\/home\/wp-json\/wp\/v2\/media?parent=17142"}],"wp:term":[{"taxonomy":"category","embeddable":true,"href":"https:\/\/hombresymujeresdelacasa.com\/home\/wp-json\/wp\/v2\/categories?post=17142"},{"taxonomy":"post_tag","embeddable":true,"href":"https:\/\/hombresymujeresdelacasa.com\/home\/wp-json\/wp\/v2\/tags?post=17142"}],"curies":[{"name":"wp","href":"https:\/\/api.w.org\/{rel}","templated":true}]}}