{"id":17079,"date":"2025-03-03T17:05:11","date_gmt":"2025-03-03T23:05:11","guid":{"rendered":"https:\/\/hombresymujeresdelacasa.com\/home\/?p=17079"},"modified":"2025-03-03T17:05:13","modified_gmt":"2025-03-03T23:05:13","slug":"pvb-arranca-construccion-de-13000-viviendas-en-colima","status":"publish","type":"post","link":"https:\/\/hombresymujeresdelacasa.com\/home\/pvb-arranca-construccion-de-13000-viviendas-en-colima\/","title":{"rendered":"PVB: Arranca construcci\u00f3n de 13,000 viviendas en Colima"},"content":{"rendered":"\n<p><em>Del total de viviendas proyectadas para Colima, 7,250 ser\u00e1n construidas por el Infonavit, y las 6,000 por la Conavi<\/em><\/p>\n\n\n\n<p>Este fin de semana, la&nbsp;<strong>Secretar\u00eda de Desarrollo Agrario, Territorial y Urbano<\/strong>&nbsp;(<strong>Sedatu<\/strong>), la&nbsp;<strong>Comisi\u00f3n Nacional de Vivienda<\/strong>&nbsp;(<strong>Conavi<\/strong>) y el&nbsp;<strong>Instituto del Fondo Nacional de la Vivienda para los Trabajadores<\/strong>&nbsp;(<strong>Infonavit<\/strong>) colocaron la primera piedra de las obras del&nbsp;<strong>Programa de Vivienda para el Bienestar<\/strong>&nbsp;(<strong>PVB<\/strong>) en el estado de Colima.<\/p>\n\n\n\n<p>De esta manera, arranc\u00f3 la construcci\u00f3n de&nbsp;<strong>13,250 viviendas nuevas<\/strong>, de las cuales 7,250 se construir\u00e1n por el&nbsp;<strong>Infonavit<\/strong>&nbsp;y 6,000 por la&nbsp;<strong>Conavi<\/strong>; adem\u00e1s de que el&nbsp;<strong>Instituto Nacional del Suelo Sustentable<\/strong>&nbsp;(<strong>Insus<\/strong>) proyecta la entrega de 1,000 escrituras en la entidad.<\/p>\n\n\n\n<p>\u201cQuiero reafirmar algunos puntos muy importantes, el&nbsp;<strong>Programa de Vivienda para el Bienestar<\/strong>&nbsp;y el mill\u00f3n de viviendas nuevas, al que muy pronto se va a sumar una meta importante del&nbsp;<strong>Fovissste<\/strong>, es hist\u00f3rico por tener una visi\u00f3n integral y un enfoque a las personas que m\u00e1s lo necesitan, y eso es lo m\u00e1s importante porque nunca hab\u00eda habido un programa de este tipo, y estamos muy orgullosos de estar en esta coordinaci\u00f3n\u201d, dijo&nbsp;<strong>Edna Vega Rangel, titular de la Sedatu<\/strong>.<\/p>\n\n\n\n<p>Asimismo, la funcionaria explic\u00f3 que las viviendas se construir\u00e1n en un predio donado por el municipio de&nbsp;<strong>Manzanillo<\/strong>, ubicado en la zona urbana y que cuenta con todos los servicios b\u00e1sicos; adem\u00e1s de que las unidades donde estar\u00e1n las casas tendr\u00e1n al menos&nbsp;<strong>40% de espacios abiertos<\/strong>.<\/p>\n\n\n\n<p>\u201cUna de las condiciones que pusimos es que no se tiren \u00e1rboles, que se cuiden estos espacios comunes, la idea es que sean espacios libres, abiertos y no solo eso, sino que se construya equipamiento y esa es condici\u00f3n indispensable\u201d, se\u00f1al\u00f3.<\/p>\n\n\n\n<p>En su mensaje,&nbsp;<strong>Rodrigo Ch\u00e1vez Contreras, director general de la Conavi<\/strong>, report\u00f3 que en&nbsp;<strong>Colima<\/strong>&nbsp;se tiene suelo garantizado para realizar las viviendas para personas no derechohabientes en este 2025.<\/p>\n\n\n\n<p>De igual manera, inform\u00f3 que se iniciar\u00e1 con 700 viviendas en&nbsp;<strong>Coquimatl\u00e1n<\/strong>, 100 m\u00e1s en&nbsp;<strong>Ticom\u00e1n<\/strong>&nbsp;y 111 en&nbsp;<strong>Manzanillo<\/strong>; y parte de estas viviendas ser\u00e1n en sistema de renta para j\u00f3venes que estudian y trabajan.<\/p>\n\n\n\n<p>Por su parte,&nbsp;<strong>Octavio Romero Oropeza, director general del Infonavit<\/strong>, anunci\u00f3 que las 7,250 viviendas proyectadas se edificar\u00e1n mediante la nueva constructora que entrar\u00e1 en funciones el 1 de abril de este a\u00f1o.<\/p>\n\n\n\n<p>Y agreg\u00f3 que estas viviendas ser\u00e1n para las y los derechohabientes que perciben de uno a dos salarios m\u00ednimos; adem\u00e1s, enfatiz\u00f3 que en el estado hay 10,000 derechohabientes que pueden acceder a cr\u00e9ditos para ampliar o mejorar sus hogares.<\/p>\n\n\n\n<p>Finalmente,&nbsp;<strong>Indira Vizca\u00edno Silva, gobernadora de Colima<\/strong>, agradeci\u00f3 al Gobierno de M\u00e9xico las acciones emprendidas para beneficiar a las familias m\u00e1s vulnerables del estado.<\/p>\n\n\n\n<p>Adicionalmente, coment\u00f3 que, seg\u00fan datos del Inegi, cada vivienda en Colima tiene en promedio 3.2 habitantes; \u201ceso quiere decir que\u00a0<strong>44,200 personas<\/strong>\u00a0podr\u00e1n acceder a una vivienda propia y se dar\u00e1 hogar a casi el 6% del total de la poblaci\u00f3n de nuestro estado. Adem\u00e1s, se est\u00e1n encontrando predios como este con cercan\u00eda a las escuelas, a las zonas comerciales y al resto de la infraestructura\u201d, dijo.<\/p>\n\n\n\n<figure class=\"wp-block-image aligncenter size-full\"><img fetchpriority=\"high\" decoding=\"async\" width=\"768\" height=\"511\" src=\"https:\/\/hombresymujeresdelacasa.com\/home\/wp-content\/uploads\/2025\/03\/image.png\" alt=\"\" class=\"wp-image-17080\" srcset=\"https:\/\/hombresymujeresdelacasa.com\/home\/wp-content\/uploads\/2025\/03\/image.png 768w, https:\/\/hombresymujeresdelacasa.com\/home\/wp-content\/uploads\/2025\/03\/image-300x200.png 300w\" sizes=\"(max-width: 768px) 100vw, 768px\" \/><\/figure>\n\n\n\n<p><a href=\"https:\/\/centrourbano.com\/revista\/author\/editorial\/\" rel=\"nofollow noopener\" target=\"_blank\"><\/a><\/p>\n","protected":false},"excerpt":{"rendered":"<p>Del total de viviendas proyectadas para Colima, 7,250 ser\u00e1n construidas por el Infonavit, y las 6,000 por la Conavi Este fin de semana, la&nbsp;Secretar\u00eda de Desarrollo Agrario, Territorial y Urbano&nbsp;(Sedatu), la&nbsp;Comisi\u00f3n Nacional de Vivienda&nbsp;(Conavi) y el&nbsp;Instituto del Fondo Nacional de la Vivienda para los Trabajadores&nbsp;(Infonavit) colocaron la primera piedra de las obras del&nbsp;Programa de Vivienda [&hellip;]<\/p>\n","protected":false},"author":1,"featured_media":17081,"comment_status":"open","ping_status":"closed","sticky":false,"template":"","format":"standard","meta":{"site-sidebar-layout":"default","site-content-layout":"","ast-site-content-layout":"default","site-content-style":"default","site-sidebar-style":"default","ast-global-header-display":"","ast-banner-title-visibility":"","ast-main-header-display":"","ast-hfb-above-header-display":"","ast-hfb-below-header-display":"","ast-hfb-mobile-header-display":"","site-post-title":"","ast-breadcrumbs-content":"","ast-featured-img":"","footer-sml-layout":"","ast-disable-related-posts":"","theme-transparent-header-meta":"","adv-header-id-meta":"","stick-header-meta":"","header-above-stick-meta":"","header-main-stick-meta":"","header-below-stick-meta":"","astra-migrate-meta-layouts":"set","ast-page-background-enabled":"default","ast-page-background-meta":{"desktop":{"background-color":"var(--ast-global-color-4)","background-image":"","background-repeat":"repeat","background-position":"center center","background-size":"auto","background-attachment":"scroll","background-type":"","background-media":"","overlay-type":"","overlay-color":"","overlay-opacity":"","overlay-gradient":""},"tablet":{"background-color":"","background-image":"","background-repeat":"repeat","background-position":"center center","background-size":"auto","background-attachment":"scroll","background-type":"","background-media":"","overlay-type":"","overlay-color":"","overlay-opacity":"","overlay-gradient":""},"mobile":{"background-color":"","background-image":"","background-repeat":"repeat","background-position":"center center","background-size":"auto","background-attachment":"scroll","background-type":"","background-media":"","overlay-type":"","overlay-color":"","overlay-opacity":"","overlay-gradient":""}},"ast-content-background-meta":{"desktop":{"background-color":"var(--ast-global-color-5)","background-image":"","background-repeat":"repeat","background-position":"center center","background-size":"auto","background-attachment":"scroll","background-type":"","background-media":"","overlay-type":"","overlay-color":"","overlay-opacity":"","overlay-gradient":""},"tablet":{"background-color":"var(--ast-global-color-5)","background-image":"","background-repeat":"repeat","background-position":"center center","background-size":"auto","background-attachment":"scroll","background-type":"","background-media":"","overlay-type":"","overlay-color":"","overlay-opacity":"","overlay-gradient":""},"mobile":{"background-color":"var(--ast-global-color-5)","background-image":"","background-repeat":"repeat","background-position":"center center","background-size":"auto","background-attachment":"scroll","background-type":"","background-media":"","overlay-type":"","overlay-color":"","overlay-opacity":"","overlay-gradient":""}},"footnotes":""},"categories":[4],"tags":[49,86,102,154,177],"class_list":["post-17079","post","type-post","status-publish","format-standard","has-post-thumbnail","hentry","category-noticias","tag-conavi","tag-fovissste","tag-infonavit","tag-sedatu","tag-vivienda"],"_links":{"self":[{"href":"https:\/\/hombresymujeresdelacasa.com\/home\/wp-json\/wp\/v2\/posts\/17079","targetHints":{"allow":["GET"]}}],"collection":[{"href":"https:\/\/hombresymujeresdelacasa.com\/home\/wp-json\/wp\/v2\/posts"}],"about":[{"href":"https:\/\/hombresymujeresdelacasa.com\/home\/wp-json\/wp\/v2\/types\/post"}],"author":[{"embeddable":true,"href":"https:\/\/hombresymujeresdelacasa.com\/home\/wp-json\/wp\/v2\/users\/1"}],"replies":[{"embeddable":true,"href":"https:\/\/hombresymujeresdelacasa.com\/home\/wp-json\/wp\/v2\/comments?post=17079"}],"version-history":[{"count":1,"href":"https:\/\/hombresymujeresdelacasa.com\/home\/wp-json\/wp\/v2\/posts\/17079\/revisions"}],"predecessor-version":[{"id":17082,"href":"https:\/\/hombresymujeresdelacasa.com\/home\/wp-json\/wp\/v2\/posts\/17079\/revisions\/17082"}],"wp:featuredmedia":[{"embeddable":true,"href":"https:\/\/hombresymujeresdelacasa.com\/home\/wp-json\/wp\/v2\/media\/17081"}],"wp:attachment":[{"href":"https:\/\/hombresymujeresdelacasa.com\/home\/wp-json\/wp\/v2\/media?parent=17079"}],"wp:term":[{"taxonomy":"category","embeddable":true,"href":"https:\/\/hombresymujeresdelacasa.com\/home\/wp-json\/wp\/v2\/categories?post=17079"},{"taxonomy":"post_tag","embeddable":true,"href":"https:\/\/hombresymujeresdelacasa.com\/home\/wp-json\/wp\/v2\/tags?post=17079"}],"curies":[{"name":"wp","href":"https:\/\/api.w.org\/{rel}","templated":true}]}}