{"id":17063,"date":"2025-02-28T13:56:40","date_gmt":"2025-02-28T19:56:40","guid":{"rendered":"https:\/\/hombresymujeresdelacasa.com\/home\/?p=17063"},"modified":"2025-02-28T13:56:42","modified_gmt":"2025-02-28T19:56:42","slug":"pvb-anuncian-inicio-de-construccion-de-160-mil-viviendas-en-el-1s2025","status":"publish","type":"post","link":"https:\/\/hombresymujeresdelacasa.com\/home\/pvb-anuncian-inicio-de-construccion-de-160-mil-viviendas-en-el-1s2025\/","title":{"rendered":"PVB: Anuncian inicio de construcci\u00f3n de 160 mil viviendas en el 1S2025"},"content":{"rendered":"\n<p>Por: Fernanda Hern\u00e1ndez <\/p>\n\n\n\n<p><em>La titular de la Sedatu destac\u00f3 que ya se cuenta con una reserva territorial de 338 predios para construir m\u00e1s de 400,000 viviendas<\/em><\/p>\n\n\n\n<p>De acuerdo con&nbsp;<strong>Edna Vega Rangel, titular de la Secretar\u00eda de Desarrollo Agrario, Territorial y Urbano<\/strong>&nbsp;(<strong>Sedatu<\/strong>), durante el primer semestre del presente a\u00f1o iniciar\u00e1 la construcci\u00f3n de un total de&nbsp;<strong>160,336 viviendas del Programa de Vivienda para el Bienestar (PVB<\/strong>).<\/p>\n\n\n\n<p>Al participar en la&nbsp;<a href=\"https:\/\/x.com\/Claudiashein\/status\/1895467404416999833\" target=\"_blank\" rel=\"noreferrer noopener nofollow\">conferencia de prensa matutina<\/a>, encabezada por la presidenta Claudia Sheinbaum Pardo, la funcionaria detall\u00f3 que el arranque de las obras se ha dado de manera escalonada, pues este mes de febrero, la&nbsp;<strong>Comisi\u00f3n Nacional de Vivienda (Conavi<\/strong>) inici\u00f3 la construcci\u00f3n de 21,375 viviendas, en marzo iniciar\u00e1n 21,258, y en abril otras 43,923, para dar un total de 86,556 viviendas.<\/p>\n\n\n\n<p>Por su parte, el&nbsp;<strong>Instituto del Fondo Nacional de la Vivienda para los Trabajadores (Infonavit<\/strong>) arrancar\u00e1 la construcci\u00f3n de 13,500 viviendas en abril, otras 52,980 en mayo, y 7,300 m\u00e1s en junio; es decir, un total de 73,780 viviendas.<\/p>\n\n\n\n<p>Asimismo, al presentar los avances del&nbsp;<strong>PVB<\/strong>, Vega destac\u00f3 que, hasta ahora, ya se han firmado&nbsp;<strong>convenios de colaboraci\u00f3n con 24 estados<\/strong>&nbsp;de la Rep\u00fablica para implementar el Programa.<\/p>\n\n\n\n<p>\u201cYa con 24 entidades suscribimos convenios de colaboraci\u00f3n que justamente consiste en esta suma de esfuerzos para todas las&nbsp;<strong>facilidades administrativas<\/strong>, operativas que se requieren respecto a tr\u00e1mites y el cumplimiento de la normatividad, la reducci\u00f3n de los tiempos en estos tr\u00e1mites y las condonaciones y disminuciones fiscales\u201d, dijo.<\/p>\n\n\n\n<p>Y agreg\u00f3 que en marzo se celebrar\u00e1 la firma de convenios con ocho entidades m\u00e1s: Baja California, Chihuahua, Coahuila, Estado de M\u00e9xico, Guerrero, Hidalgo, Zacatecas y Veracruz.<\/p>\n\n\n\n<p>De igual manera, la funcionaria de&nbsp;<strong>Sedatu<\/strong>&nbsp;indic\u00f3 que se han recibido&nbsp;<strong>585 predios<\/strong>&nbsp;por parte de los estados, sin embargo, \u00fanicamente&nbsp;<strong>338 son viables para la construcci\u00f3n de vivienda<\/strong>, y tienen capacidad para albergar m\u00e1s de 400,000 unidades. Y, de estos, 142 se asignaron a la&nbsp;<strong>Conavi<\/strong>, 110 al&nbsp;<strong>Infonavit<\/strong>, 24 ser\u00e1n compartidos y 62 est\u00e1n por ser asignados.<\/p>\n\n\n\n<p>Por su parte,&nbsp;<strong>Rodrigo Ch\u00e1vez Contreras, director general de la Conavi<\/strong>, inform\u00f3 que, para la construcci\u00f3n de las 86,556 viviendas contempladas para este a\u00f1o, ya se cuenta con una reserva territorial de 130 predios en 30 entidades.<\/p>\n\n\n\n<p>De igual manera, reiter\u00f3 que el 20% de estas viviendas se destinar\u00e1n a la&nbsp;<strong>renta para j\u00f3venes que estudian y\/o trabajan<\/strong>. Y mencion\u00f3 que para ser beneficiario de este programa, los requisitos ser\u00e1n los siguientes:<\/p>\n\n\n\n<ul class=\"wp-block-list\">\n<li>Ser mayor de 18 a\u00f1os<\/li>\n\n\n\n<li>No ser propietario de una vivienda<\/li>\n\n\n\n<li>No ser derechohabiente del Infonavit o Fovissste<\/li>\n\n\n\n<li>Comprobante de domicilio<\/li>\n\n\n\n<li>Tener un ingreso de hasta dos salarios m\u00ednimos<\/li>\n<\/ul>\n\n\n\n<p>En tanto,\u00a0<a href=\"https:\/\/centrourbano.com\/revista\/vivienda\/infonavit-empresa-constructora\/\" target=\"_blank\" rel=\"noreferrer noopener nofollow\"><strong>Octavio Romero Oropeza, titular del Infonavit<\/strong><\/a>, dio a conocer que la empresa constructora filial deber\u00e1 iniciar operaciones en el mes de abril para arrancar la construcci\u00f3n de las 73,780 viviendas contempladas para este a\u00f1o.<\/p>\n","protected":false},"excerpt":{"rendered":"<p>Por: Fernanda Hern\u00e1ndez La titular de la Sedatu destac\u00f3 que ya se cuenta con una reserva territorial de 338 predios para construir m\u00e1s de 400,000 viviendas De acuerdo con&nbsp;Edna Vega Rangel, titular de la Secretar\u00eda de Desarrollo Agrario, Territorial y Urbano&nbsp;(Sedatu), durante el primer semestre del presente a\u00f1o iniciar\u00e1 la construcci\u00f3n de un total de&nbsp;160,336 [&hellip;]<\/p>\n","protected":false},"author":1,"featured_media":17064,"comment_status":"open","ping_status":"closed","sticky":false,"template":"","format":"standard","meta":{"site-sidebar-layout":"default","site-content-layout":"","ast-site-content-layout":"default","site-content-style":"default","site-sidebar-style":"default","ast-global-header-display":"","ast-banner-title-visibility":"","ast-main-header-display":"","ast-hfb-above-header-display":"","ast-hfb-below-header-display":"","ast-hfb-mobile-header-display":"","site-post-title":"","ast-breadcrumbs-content":"","ast-featured-img":"","footer-sml-layout":"","ast-disable-related-posts":"","theme-transparent-header-meta":"","adv-header-id-meta":"","stick-header-meta":"","header-above-stick-meta":"","header-main-stick-meta":"","header-below-stick-meta":"","astra-migrate-meta-layouts":"set","ast-page-background-enabled":"default","ast-page-background-meta":{"desktop":{"background-color":"var(--ast-global-color-4)","background-image":"","background-repeat":"repeat","background-position":"center center","background-size":"auto","background-attachment":"scroll","background-type":"","background-media":"","overlay-type":"","overlay-color":"","overlay-opacity":"","overlay-gradient":""},"tablet":{"background-color":"","background-image":"","background-repeat":"repeat","background-position":"center center","background-size":"auto","background-attachment":"scroll","background-type":"","background-media":"","overlay-type":"","overlay-color":"","overlay-opacity":"","overlay-gradient":""},"mobile":{"background-color":"","background-image":"","background-repeat":"repeat","background-position":"center center","background-size":"auto","background-attachment":"scroll","background-type":"","background-media":"","overlay-type":"","overlay-color":"","overlay-opacity":"","overlay-gradient":""}},"ast-content-background-meta":{"desktop":{"background-color":"var(--ast-global-color-5)","background-image":"","background-repeat":"repeat","background-position":"center center","background-size":"auto","background-attachment":"scroll","background-type":"","background-media":"","overlay-type":"","overlay-color":"","overlay-opacity":"","overlay-gradient":""},"tablet":{"background-color":"var(--ast-global-color-5)","background-image":"","background-repeat":"repeat","background-position":"center center","background-size":"auto","background-attachment":"scroll","background-type":"","background-media":"","overlay-type":"","overlay-color":"","overlay-opacity":"","overlay-gradient":""},"mobile":{"background-color":"var(--ast-global-color-5)","background-image":"","background-repeat":"repeat","background-position":"center center","background-size":"auto","background-attachment":"scroll","background-type":"","background-media":"","overlay-type":"","overlay-color":"","overlay-opacity":"","overlay-gradient":""}},"footnotes":""},"categories":[4],"tags":[49,102,154,177],"class_list":["post-17063","post","type-post","status-publish","format-standard","has-post-thumbnail","hentry","category-noticias","tag-conavi","tag-infonavit","tag-sedatu","tag-vivienda"],"_links":{"self":[{"href":"https:\/\/hombresymujeresdelacasa.com\/home\/wp-json\/wp\/v2\/posts\/17063","targetHints":{"allow":["GET"]}}],"collection":[{"href":"https:\/\/hombresymujeresdelacasa.com\/home\/wp-json\/wp\/v2\/posts"}],"about":[{"href":"https:\/\/hombresymujeresdelacasa.com\/home\/wp-json\/wp\/v2\/types\/post"}],"author":[{"embeddable":true,"href":"https:\/\/hombresymujeresdelacasa.com\/home\/wp-json\/wp\/v2\/users\/1"}],"replies":[{"embeddable":true,"href":"https:\/\/hombresymujeresdelacasa.com\/home\/wp-json\/wp\/v2\/comments?post=17063"}],"version-history":[{"count":1,"href":"https:\/\/hombresymujeresdelacasa.com\/home\/wp-json\/wp\/v2\/posts\/17063\/revisions"}],"predecessor-version":[{"id":17065,"href":"https:\/\/hombresymujeresdelacasa.com\/home\/wp-json\/wp\/v2\/posts\/17063\/revisions\/17065"}],"wp:featuredmedia":[{"embeddable":true,"href":"https:\/\/hombresymujeresdelacasa.com\/home\/wp-json\/wp\/v2\/media\/17064"}],"wp:attachment":[{"href":"https:\/\/hombresymujeresdelacasa.com\/home\/wp-json\/wp\/v2\/media?parent=17063"}],"wp:term":[{"taxonomy":"category","embeddable":true,"href":"https:\/\/hombresymujeresdelacasa.com\/home\/wp-json\/wp\/v2\/categories?post=17063"},{"taxonomy":"post_tag","embeddable":true,"href":"https:\/\/hombresymujeresdelacasa.com\/home\/wp-json\/wp\/v2\/tags?post=17063"}],"curies":[{"name":"wp","href":"https:\/\/api.w.org\/{rel}","templated":true}]}}