{"id":17051,"date":"2025-02-27T15:15:08","date_gmt":"2025-02-27T21:15:08","guid":{"rendered":"https:\/\/hombresymujeresdelacasa.com\/home\/?p=17051"},"modified":"2025-02-27T15:15:11","modified_gmt":"2025-02-27T21:15:11","slug":"impulsan-diputados-incorporacion-de-ecotecnologias-en-viviendas","status":"publish","type":"post","link":"https:\/\/hombresymujeresdelacasa.com\/home\/impulsan-diputados-incorporacion-de-ecotecnologias-en-viviendas\/","title":{"rendered":"Impulsan Diputados incorporaci\u00f3n de ecotecnolog\u00edas en viviendas"},"content":{"rendered":"\n<p>Por: Fernanda Hern\u00e1ndez <\/p>\n\n\n\n<p><em>El diputado Alejandro Carvajal mencion\u00f3 que la propuesta de incluir ecotecnolog\u00edas encaja bien con el Programa de Vivienda para el Bienestar<\/em><\/p>\n\n\n\n<p>La&nbsp;<strong>Comisi\u00f3n de Vivienda de la C\u00e1mara de Diputados<\/strong>&nbsp;aprob\u00f3, por unanimidad, el dictamen que reforma la fracci\u00f3n V del art\u00edculo 6 y el p\u00e1rrafo segundo del art\u00edculo 71 de la&nbsp;<strong>Ley de Vivienda<\/strong>, a fin de de establecer la&nbsp;<strong>incorporaci\u00f3n de ecotecnolog\u00edas en la construcci\u00f3n de viviendas<\/strong>.<\/p>\n\n\n\n<p>Al respecto, la&nbsp;<strong>diputada Maribel Mart\u00ednez Ruiz, presidenta de dicha Comisi\u00f3n<\/strong>, indic\u00f3 que la propuesta busca preservar un medio ambiente sano y vivienda adecuada.<\/p>\n\n\n\n<p>Asimismo, explic\u00f3 que con estas modificaciones no se pretende que la pol\u00edtica de vivienda establezca la obligaci\u00f3n de implementar ecotecnolog\u00edas, sino&nbsp;<strong>promover su implementaci\u00f3n<\/strong>, pues la obligaci\u00f3n podr\u00eda traducirse en aumentos considerables de costos que encarezcan las viviendas.<\/p>\n\n\n\n<p>Y agreg\u00f3 que la Comisi\u00f3n tiene plena confianza en el&nbsp;<strong><a href=\"https:\/\/centrourbano.com\/revista\/vivienda\/arrancan-programa-vivienda-bienestar\/\" target=\"_blank\" rel=\"noreferrer noopener nofollow\">Programa de Vivienda para el Bienestar<\/a>,<\/strong>&nbsp;impulsado por el Gobierno Federal; y asegur\u00f3 que este tipo de iniciativas abonan a la construcci\u00f3n adecuada del mill\u00f3n de viviendas que el programa tiene como meta sexenal.<\/p>\n\n\n\n<p>Por su parte, el&nbsp;<strong>diputado Jos\u00e9 Antonio L\u00f3pez Ruiz<\/strong>&nbsp;precis\u00f3 que la propuesta responde a la urgencia de proteger los derechos fundamentales de a&nbsp;<strong>medio ambiente sano<\/strong>&nbsp;y a una&nbsp;<strong>vivienda adecuada<\/strong>, consagrados en la Constituci\u00f3n y en diversos instrumentos internacionales de derechos humanos.<\/p>\n\n\n\n<p>De igual manera, afirm\u00f3 que las&nbsp;<strong>ecotecnolog\u00edas<\/strong>&nbsp;promueven una relaci\u00f3n arm\u00f3nica con el medio ambiente, permiten el aprovechamiento de recursos naturales y reducen la dependencia de energ\u00edas y recursos no renovables.<\/p>\n\n\n\n<p>En su intervenci\u00f3n, el&nbsp;<strong>diputado Alejandro Carvajal Hidalgo<\/strong>&nbsp;mencion\u00f3 que este a\u00f1o se pondr\u00e1 en marcha uno de los proyectos m\u00e1s grandes de vivienda social, y la propuesta de&nbsp;<strong>incluir ecotecnolog\u00edas<\/strong>&nbsp;encaja muy bien, sobre todo porque se requieren viviendas modernas, con la calidad y la tecnolog\u00eda adecuada para su sustentabilidad.<\/p>\n\n\n\n<p>Finalmente, el&nbsp;<strong>diputado \u00d3scar Bautista Villegas<\/strong>&nbsp;indic\u00f3 que las viviendas que se construir\u00e1n mediante el&nbsp;<strong>Instituto del Fondo Nacional de la Vivienda para los Trabajadores<\/strong>&nbsp;(<strong>Infonavit<\/strong>) y la&nbsp;<strong>Comisi\u00f3n Nacional de Vivienda<\/strong>&nbsp;(<strong>Conavi<\/strong>) permitir\u00e1n a la gente tener un patrimonio, por lo que es importante que la propuesta de incluir ecotecnolog\u00edas quede plasmada en la Constituci\u00f3n, a fin de que quienes construyan la tomen en cuenta.<\/p>\n","protected":false},"excerpt":{"rendered":"<p>Por: Fernanda Hern\u00e1ndez El diputado Alejandro Carvajal mencion\u00f3 que la propuesta de incluir ecotecnolog\u00edas encaja bien con el Programa de Vivienda para el Bienestar La&nbsp;Comisi\u00f3n de Vivienda de la C\u00e1mara de Diputados&nbsp;aprob\u00f3, por unanimidad, el dictamen que reforma la fracci\u00f3n V del art\u00edculo 6 y el p\u00e1rrafo segundo del art\u00edculo 71 de la&nbsp;Ley de Vivienda, [&hellip;]<\/p>\n","protected":false},"author":1,"featured_media":17052,"comment_status":"open","ping_status":"closed","sticky":false,"template":"","format":"standard","meta":{"site-sidebar-layout":"default","site-content-layout":"","ast-site-content-layout":"default","site-content-style":"default","site-sidebar-style":"default","ast-global-header-display":"","ast-banner-title-visibility":"","ast-main-header-display":"","ast-hfb-above-header-display":"","ast-hfb-below-header-display":"","ast-hfb-mobile-header-display":"","site-post-title":"","ast-breadcrumbs-content":"","ast-featured-img":"","footer-sml-layout":"","ast-disable-related-posts":"","theme-transparent-header-meta":"","adv-header-id-meta":"","stick-header-meta":"","header-above-stick-meta":"","header-main-stick-meta":"","header-below-stick-meta":"","astra-migrate-meta-layouts":"set","ast-page-background-enabled":"default","ast-page-background-meta":{"desktop":{"background-color":"var(--ast-global-color-4)","background-image":"","background-repeat":"repeat","background-position":"center center","background-size":"auto","background-attachment":"scroll","background-type":"","background-media":"","overlay-type":"","overlay-color":"","overlay-opacity":"","overlay-gradient":""},"tablet":{"background-color":"","background-image":"","background-repeat":"repeat","background-position":"center center","background-size":"auto","background-attachment":"scroll","background-type":"","background-media":"","overlay-type":"","overlay-color":"","overlay-opacity":"","overlay-gradient":""},"mobile":{"background-color":"","background-image":"","background-repeat":"repeat","background-position":"center center","background-size":"auto","background-attachment":"scroll","background-type":"","background-media":"","overlay-type":"","overlay-color":"","overlay-opacity":"","overlay-gradient":""}},"ast-content-background-meta":{"desktop":{"background-color":"var(--ast-global-color-5)","background-image":"","background-repeat":"repeat","background-position":"center center","background-size":"auto","background-attachment":"scroll","background-type":"","background-media":"","overlay-type":"","overlay-color":"","overlay-opacity":"","overlay-gradient":""},"tablet":{"background-color":"var(--ast-global-color-5)","background-image":"","background-repeat":"repeat","background-position":"center center","background-size":"auto","background-attachment":"scroll","background-type":"","background-media":"","overlay-type":"","overlay-color":"","overlay-opacity":"","overlay-gradient":""},"mobile":{"background-color":"var(--ast-global-color-5)","background-image":"","background-repeat":"repeat","background-position":"center center","background-size":"auto","background-attachment":"scroll","background-type":"","background-media":"","overlay-type":"","overlay-color":"","overlay-opacity":"","overlay-gradient":""}},"footnotes":""},"categories":[4],"tags":[49,65,102,484,177],"class_list":["post-17051","post","type-post","status-publish","format-standard","has-post-thumbnail","hentry","category-noticias","tag-conavi","tag-diputados","tag-infonavit","tag-ley-de-vivienda","tag-vivienda"],"_links":{"self":[{"href":"https:\/\/hombresymujeresdelacasa.com\/home\/wp-json\/wp\/v2\/posts\/17051","targetHints":{"allow":["GET"]}}],"collection":[{"href":"https:\/\/hombresymujeresdelacasa.com\/home\/wp-json\/wp\/v2\/posts"}],"about":[{"href":"https:\/\/hombresymujeresdelacasa.com\/home\/wp-json\/wp\/v2\/types\/post"}],"author":[{"embeddable":true,"href":"https:\/\/hombresymujeresdelacasa.com\/home\/wp-json\/wp\/v2\/users\/1"}],"replies":[{"embeddable":true,"href":"https:\/\/hombresymujeresdelacasa.com\/home\/wp-json\/wp\/v2\/comments?post=17051"}],"version-history":[{"count":1,"href":"https:\/\/hombresymujeresdelacasa.com\/home\/wp-json\/wp\/v2\/posts\/17051\/revisions"}],"predecessor-version":[{"id":17053,"href":"https:\/\/hombresymujeresdelacasa.com\/home\/wp-json\/wp\/v2\/posts\/17051\/revisions\/17053"}],"wp:featuredmedia":[{"embeddable":true,"href":"https:\/\/hombresymujeresdelacasa.com\/home\/wp-json\/wp\/v2\/media\/17052"}],"wp:attachment":[{"href":"https:\/\/hombresymujeresdelacasa.com\/home\/wp-json\/wp\/v2\/media?parent=17051"}],"wp:term":[{"taxonomy":"category","embeddable":true,"href":"https:\/\/hombresymujeresdelacasa.com\/home\/wp-json\/wp\/v2\/categories?post=17051"},{"taxonomy":"post_tag","embeddable":true,"href":"https:\/\/hombresymujeresdelacasa.com\/home\/wp-json\/wp\/v2\/tags?post=17051"}],"curies":[{"name":"wp","href":"https:\/\/api.w.org\/{rel}","templated":true}]}}