{"id":17041,"date":"2025-02-27T12:43:44","date_gmt":"2025-02-27T18:43:44","guid":{"rendered":"https:\/\/hombresymujeresdelacasa.com\/home\/?p=17041"},"modified":"2025-02-27T12:43:50","modified_gmt":"2025-02-27T18:43:50","slug":"fovissste-tambien-regresa-a-la-construccion-de-vivienda","status":"publish","type":"post","link":"https:\/\/hombresymujeresdelacasa.com\/home\/fovissste-tambien-regresa-a-la-construccion-de-vivienda\/","title":{"rendered":"Fovissste tambi\u00e9n regresa a la construcci\u00f3n de vivienda"},"content":{"rendered":"\n<p>Por: Rebeca Romero <\/p>\n\n\n\n<p><em>A trav\u00e9s de la reforma al Issste, el Fovissste podr\u00e1 construir y arrendar vivienda con un enfoque social&nbsp;<\/em><\/p>\n\n\n\n<p>El pasado 7 de febrero, Claudia Sheinbaum Pardo, presidenta de M\u00e9xico, present\u00f3 una iniciativa para&nbsp;<strong>reformar cinco art\u00edculos de la Ley del&nbsp;<a href=\"https:\/\/www.gob.mx\/issste\" target=\"_blank\" rel=\"noreferrer noopener nofollow\">ISSSTE<\/a><\/strong>. A trav\u00e9s de estos cambios, el Fovissste podr\u00eda<strong>&nbsp;retomar la construcci\u00f3n<\/strong>&nbsp;de vivienda.<\/p>\n\n\n\n<blockquote class=\"wp-block-quote is-layout-flow wp-block-quote-is-layout-flow\">\n<p>\u201cSe pretende reformar la ley para recuperar una atribuci\u00f3n que ya hab\u00eda tenido el Fovissste y que, en el periodo neoliberal, se perdi\u00f3. En 2007 dej\u00f3 de construir\u201d, indic\u00f3 Sheinbaum.<\/p>\n<\/blockquote>\n\n\n\n<p>En entrevista,&nbsp;<a href=\"https:\/\/centrourbano.com\/revista\/centro-urbano-home\/%e2%96%b6%ef%b8%8f-video-arranque-del-programa-de-vivienda-para-el-bienestar\/\" target=\"_blank\" rel=\"noreferrer noopener nofollow\">Jabnely Maldonado<\/a>, vocal ejecutiva del Fovissste, explic\u00f3 que esta reforma tambi\u00e9n permitir\u00eda la&nbsp;<strong>creaci\u00f3n de un programa de arrendamiento social<\/strong>, enfocado en atender a los trabajadores con menores ingresos.<\/p>\n\n\n\n<blockquote class=\"wp-block-quote is-layout-flow wp-block-quote-is-layout-flow\">\n<p>\u201cEl planteamiento es que, a trav\u00e9s de esta reforma, el Fovissste pueda adquirir, rehabilitar, construir y, por supuesto, arrendar vivienda para los trabajadores al servicio del Estado con menores ingresos\u201d, detall\u00f3.<\/p>\n<\/blockquote>\n\n\n\n<p>La Vocal explic\u00f3 que, una vez que la reforma atraviese el proceso legislativo para su aprobaci\u00f3n, el Fondo establecer\u00e1 una meta de viviendas construidas,&nbsp;<strong>adicionales al mill\u00f3n<\/strong>&nbsp;de inmuebles contemplados en el&nbsp;<strong>Programa de Vivienda<\/strong>&nbsp;para el Bienestar (PVB).<\/p>\n\n\n\n<blockquote class=\"wp-block-quote is-layout-flow wp-block-quote-is-layout-flow\">\n<p>\u201cLo que se establezca como metas para el Fovissste ser\u00e1 adicional al mill\u00f3n de viviendas. Adem\u00e1s, estamos trabajando internamente para determinar cu\u00e1ntos recursos del Fondo se pueden destinar para cumplir esa meta una vez que se apruebe la reforma\u201d, indic\u00f3.<\/p>\n<\/blockquote>\n\n\n\n<p>Por otro lado, Maldonado destac\u00f3 que el programa de arrendamiento social busca garantizar una vivienda adecuada a todos los derechohabientes del Fondo,&nbsp;<strong>especialmente durante su jubilaci\u00f3n.<\/strong>&nbsp;Explic\u00f3 que, con el tiempo, la pensi\u00f3n de los trabajadores representa un ingreso insuficiente para acceder a un cr\u00e9dito o rentar una vivienda.<\/p>\n\n\n\n<blockquote class=\"wp-block-quote is-layout-flow wp-block-quote-is-layout-flow\">\n<p>\u201cTenemos una demanda potencial, principalmente entre las personas pensionadas, cuyo sueldo se reduce al jubilarse. Debido a esta disminuci\u00f3n de ingresos, ya no les es posible encontrar una vivienda adecuada con su cr\u00e9dito hipotecario en el Fovissste. Por ello, ser\u00eda muy interesante crear un programa de arrendamiento para pensionados\u201d, afirm\u00f3.<\/p>\n<\/blockquote>\n\n\n\n<p>Finalmente, Maldonado explic\u00f3 que, en caso de aprobarse la reforma y al integrarse al PVB, el Fovissste ajustar\u00e1 sus costos de producci\u00f3n conforme a los par\u00e1metros establecidos por la Secretar\u00eda de Desarrollo Agrario, Territorial y Urbano (Sedatu), con lo que buscar\u00e1n garantizar<strong>&nbsp;transparencia y estabilidad<\/strong>&nbsp;<strong>en los costos<\/strong>&nbsp;de las viviendas.<\/p>\n\n\n\n<blockquote class=\"wp-block-quote is-layout-flow wp-block-quote-is-layout-flow\">\n<p><strong>\u201c<\/strong>Se est\u00e1 trabajando en las mesas de la Sedatu que coordina la doctora Edna Vega Rangel, donde se establecen los costos param\u00e9tricos del metro cuadrado de construcci\u00f3n. Esto permitir\u00e1 que, en la Ciudad de M\u00e9xico, el costo de construcci\u00f3n del Fovissste sea el mismo que el del Infonavit o la Conavi, una vez aprobada la reforma. Esto nos dar\u00e1 mayor transparencia y optimizaci\u00f3n tanto en costos como en recursos\u201d, afirm\u00f3.<\/p>\n<\/blockquote>\n","protected":false},"excerpt":{"rendered":"<p>Por: Rebeca Romero A trav\u00e9s de la reforma al Issste, el Fovissste podr\u00e1 construir y arrendar vivienda con un enfoque social&nbsp; El pasado 7 de febrero, Claudia Sheinbaum Pardo, presidenta de M\u00e9xico, present\u00f3 una iniciativa para&nbsp;reformar cinco art\u00edculos de la Ley del&nbsp;ISSSTE. A trav\u00e9s de estos cambios, el Fovissste podr\u00eda&nbsp;retomar la construcci\u00f3n&nbsp;de vivienda. \u201cSe pretende [&hellip;]<\/p>\n","protected":false},"author":1,"featured_media":17042,"comment_status":"open","ping_status":"closed","sticky":false,"template":"","format":"standard","meta":{"site-sidebar-layout":"default","site-content-layout":"","ast-site-content-layout":"default","site-content-style":"default","site-sidebar-style":"default","ast-global-header-display":"","ast-banner-title-visibility":"","ast-main-header-display":"","ast-hfb-above-header-display":"","ast-hfb-below-header-display":"","ast-hfb-mobile-header-display":"","site-post-title":"","ast-breadcrumbs-content":"","ast-featured-img":"","footer-sml-layout":"","ast-disable-related-posts":"","theme-transparent-header-meta":"","adv-header-id-meta":"","stick-header-meta":"","header-above-stick-meta":"","header-main-stick-meta":"","header-below-stick-meta":"","astra-migrate-meta-layouts":"set","ast-page-background-enabled":"default","ast-page-background-meta":{"desktop":{"background-color":"var(--ast-global-color-4)","background-image":"","background-repeat":"repeat","background-position":"center center","background-size":"auto","background-attachment":"scroll","background-type":"","background-media":"","overlay-type":"","overlay-color":"","overlay-opacity":"","overlay-gradient":""},"tablet":{"background-color":"","background-image":"","background-repeat":"repeat","background-position":"center center","background-size":"auto","background-attachment":"scroll","background-type":"","background-media":"","overlay-type":"","overlay-color":"","overlay-opacity":"","overlay-gradient":""},"mobile":{"background-color":"","background-image":"","background-repeat":"repeat","background-position":"center center","background-size":"auto","background-attachment":"scroll","background-type":"","background-media":"","overlay-type":"","overlay-color":"","overlay-opacity":"","overlay-gradient":""}},"ast-content-background-meta":{"desktop":{"background-color":"var(--ast-global-color-5)","background-image":"","background-repeat":"repeat","background-position":"center center","background-size":"auto","background-attachment":"scroll","background-type":"","background-media":"","overlay-type":"","overlay-color":"","overlay-opacity":"","overlay-gradient":""},"tablet":{"background-color":"var(--ast-global-color-5)","background-image":"","background-repeat":"repeat","background-position":"center center","background-size":"auto","background-attachment":"scroll","background-type":"","background-media":"","overlay-type":"","overlay-color":"","overlay-opacity":"","overlay-gradient":""},"mobile":{"background-color":"var(--ast-global-color-5)","background-image":"","background-repeat":"repeat","background-position":"center center","background-size":"auto","background-attachment":"scroll","background-type":"","background-media":"","overlay-type":"","overlay-color":"","overlay-opacity":"","overlay-gradient":""}},"footnotes":""},"categories":[4],"tags":[86,154,177],"class_list":["post-17041","post","type-post","status-publish","format-standard","has-post-thumbnail","hentry","category-noticias","tag-fovissste","tag-sedatu","tag-vivienda"],"_links":{"self":[{"href":"https:\/\/hombresymujeresdelacasa.com\/home\/wp-json\/wp\/v2\/posts\/17041","targetHints":{"allow":["GET"]}}],"collection":[{"href":"https:\/\/hombresymujeresdelacasa.com\/home\/wp-json\/wp\/v2\/posts"}],"about":[{"href":"https:\/\/hombresymujeresdelacasa.com\/home\/wp-json\/wp\/v2\/types\/post"}],"author":[{"embeddable":true,"href":"https:\/\/hombresymujeresdelacasa.com\/home\/wp-json\/wp\/v2\/users\/1"}],"replies":[{"embeddable":true,"href":"https:\/\/hombresymujeresdelacasa.com\/home\/wp-json\/wp\/v2\/comments?post=17041"}],"version-history":[{"count":1,"href":"https:\/\/hombresymujeresdelacasa.com\/home\/wp-json\/wp\/v2\/posts\/17041\/revisions"}],"predecessor-version":[{"id":17043,"href":"https:\/\/hombresymujeresdelacasa.com\/home\/wp-json\/wp\/v2\/posts\/17041\/revisions\/17043"}],"wp:featuredmedia":[{"embeddable":true,"href":"https:\/\/hombresymujeresdelacasa.com\/home\/wp-json\/wp\/v2\/media\/17042"}],"wp:attachment":[{"href":"https:\/\/hombresymujeresdelacasa.com\/home\/wp-json\/wp\/v2\/media?parent=17041"}],"wp:term":[{"taxonomy":"category","embeddable":true,"href":"https:\/\/hombresymujeresdelacasa.com\/home\/wp-json\/wp\/v2\/categories?post=17041"},{"taxonomy":"post_tag","embeddable":true,"href":"https:\/\/hombresymujeresdelacasa.com\/home\/wp-json\/wp\/v2\/tags?post=17041"}],"curies":[{"name":"wp","href":"https:\/\/api.w.org\/{rel}","templated":true}]}}