{"id":17034,"date":"2025-02-25T13:15:57","date_gmt":"2025-02-25T19:15:57","guid":{"rendered":"https:\/\/hombresymujeresdelacasa.com\/home\/?p=17034"},"modified":"2025-02-25T13:16:01","modified_gmt":"2025-02-25T19:16:01","slug":"arrancan-obras-del-programa-de-vivienda-para-el-bienestar","status":"publish","type":"post","link":"https:\/\/hombresymujeresdelacasa.com\/home\/arrancan-obras-del-programa-de-vivienda-para-el-bienestar\/","title":{"rendered":"Arrancan obras del Programa de Vivienda para el Bienestar"},"content":{"rendered":"\n<p>Por: Rebeca Romero<\/p>\n\n\n\n<p><em>\u201cNos alegra colocar la primera piedra para construir vivienda adecuada para las familias sonorenses\u201d, dijo la titular de la Sedatu<\/em><\/p>\n\n\n\n<p>Este domingo 23 de febrero, la&nbsp;<strong>Secretar\u00eda de Desarrollo Agrario, Territorial y Urbano&nbsp;<\/strong>(<strong>Sedatu<\/strong>), la&nbsp;<strong>Comisi\u00f3n Nacional de Vivienda<\/strong>&nbsp;(<strong>Conavi<\/strong>) y el&nbsp;<strong>Instituto del Fondo Nacional de la Vivienda para los Trabajadores<\/strong>&nbsp;(<strong>Infonavit<\/strong>) colocaron la primera piedra de las obras del&nbsp;<strong>Programa de Vivienda para el Bienestar<\/strong>&nbsp;(<strong>PVB<\/strong>).<\/p>\n\n\n\n<p>De esta manera, arranc\u00f3 la construcci\u00f3n de las&nbsp;<strong>primeras viviendas del PVB<\/strong>&nbsp;en la localidad de&nbsp;<strong>Ciudad Obreg\u00f3n, Sonora<\/strong>, en un predio donado por el municipio de Cajeme que se ubica dentro de la zona urbana, por lo que cuenta con todos los servicios b\u00e1sicos.<\/p>\n\n\n\n<p>Durante el evento,&nbsp;<strong>Edna Vega Rangel, titular de la Sedatu<\/strong>, record\u00f3 que, a trav\u00e9s del&nbsp;<strong>PVB<\/strong>, se proyecta la construcci\u00f3n de&nbsp;<a href=\"https:\/\/centrourbano.com\/revista\/vivienda\/obras-pvb-arrancaran-sonora-sedatu\/\" target=\"_blank\" rel=\"noreferrer noopener nofollow\"><strong>33,000 viviendas<\/strong>&nbsp;<\/a>durante este sexenio en Sonora, de las cuales 13,000 se desarrollar\u00e1n mediante el Infonavit y 20,000 a trav\u00e9s de la Conavi; adem\u00e1s de que 3,446 viviendas se tienen estimadas para el primer cuatrimestre de este a\u00f1o.<\/p>\n\n\n\n<p>\u201cNos alegra colocar la primera piedra para construir vivienda adecuada para las familias sonorenses. El&nbsp;<strong>PVB<\/strong>&nbsp;es un programa prioritario y la meta que tenemos este a\u00f1o a nivel nacional de construir 500,000 viviendas mediante la&nbsp;<strong>Conavi<\/strong>; es posible que se ampl\u00ede.<\/p>\n\n\n\n<p>\u201cAdem\u00e1s, junto al&nbsp;<strong>Infonavit<\/strong>&nbsp;y&nbsp;<strong>Fovissste<\/strong>, sumamos acciones en beneficio de m\u00e1s familias mexicanas, como el tema escrituraci\u00f3n masiva y la recuperaci\u00f3n de vivienda abandonada, porque este es el sexenio de la vivienda social\u201d, dijo.<\/p>\n\n\n\n<p>Por su parte,&nbsp;<strong>Rodrigo Ch\u00e1vez Contreras, titular de la Conavi<\/strong>, se\u00f1al\u00f3 que, en el predio donde arrancan las obras de vivienda en el estado, se construir\u00e1n 324 departamentos, de los cuales 60 ser\u00e1n para j\u00f3venes estudiantes.<\/p>\n\n\n\n<p>Lo anterior, agreg\u00f3, debido a que el&nbsp;<strong>PVB<\/strong>&nbsp;prioriza a la&nbsp;<strong>poblaci\u00f3n m\u00e1s vulnerable<\/strong>, como lo son tambi\u00e9n las madres solteras, poblaci\u00f3n ind\u00edgena, adultos mayores y las personas con discapacidad.<\/p>\n\n\n\n<p><strong>Jos\u00e9 Iracheta Carroll, director general del Instituto Nacional del Suelo Sustentable<\/strong>&nbsp;(<strong>Insus<\/strong>), inform\u00f3 que el PVB tambi\u00e9n contempla una meta sexenal de otorgar 30,<strong>000 escrituraciones<\/strong>&nbsp;en el estado, de las cuales 2,500 se realizar\u00e1n en este 2025.<\/p>\n\n\n\n<p>Asimismo, record\u00f3 que el gobierno de Sonora es el \u00fanico estado que ha permitido tener una ventanilla notarial para tr\u00e1mites en el&nbsp;<strong>Registro P\u00fablico de la Propiedad<\/strong>.<\/p>\n\n\n\n<p>En su mensaje,&nbsp;<strong>Jabnely Maldonado Meza, vocal ejecutiva del Fondo de la Vivienda del ISSSTE<\/strong>&nbsp;(<strong>Fovissste<\/strong>), mencion\u00f3 que el organismo beneficiar\u00e1 a m\u00e1s de 8,000 trabajadores al servicio del Estado con liquidaciones de cr\u00e9ditos.<\/p>\n\n\n\n<p>\u201cNunca m\u00e1s la vivienda vista como mercanc\u00eda, la&nbsp;<strong>vivienda adecuada<\/strong>&nbsp;y todos los que estamos aqu\u00ed vamos a trabajar codo a codo para garantizarlo\u201d, dijo.<\/p>\n\n\n\n<p>Finalmente,&nbsp;<strong>Alfonso Durazo Monta\u00f1o, gobernador de Sonora<\/strong>, destac\u00f3 que, mediante el trabajo coordinado, se tienen 11 predios que suman alrededor de 100 hect\u00e1reas en en varios municipios de la entidad.<\/p>\n\n\n\n<p>\u201cVamos a cumplir, nos vamos a aplicar; el tema de vivienda para este gobierno es de las grandes prioridades y vamos a sacarle todo el provecho, porque cada acci\u00f3n representa una&nbsp;<strong>vivienda adecuada<\/strong>&nbsp;para una familia sonorense\u201d, indic\u00f3.<\/p>\n","protected":false},"excerpt":{"rendered":"<p>Por: Rebeca Romero \u201cNos alegra colocar la primera piedra para construir vivienda adecuada para las familias sonorenses\u201d, dijo la titular de la Sedatu Este domingo 23 de febrero, la&nbsp;Secretar\u00eda de Desarrollo Agrario, Territorial y Urbano&nbsp;(Sedatu), la&nbsp;Comisi\u00f3n Nacional de Vivienda&nbsp;(Conavi) y el&nbsp;Instituto del Fondo Nacional de la Vivienda para los Trabajadores&nbsp;(Infonavit) colocaron la primera piedra de [&hellip;]<\/p>\n","protected":false},"author":1,"featured_media":17035,"comment_status":"open","ping_status":"closed","sticky":false,"template":"","format":"standard","meta":{"site-sidebar-layout":"default","site-content-layout":"","ast-site-content-layout":"default","site-content-style":"default","site-sidebar-style":"default","ast-global-header-display":"","ast-banner-title-visibility":"","ast-main-header-display":"","ast-hfb-above-header-display":"","ast-hfb-below-header-display":"","ast-hfb-mobile-header-display":"","site-post-title":"","ast-breadcrumbs-content":"","ast-featured-img":"","footer-sml-layout":"","ast-disable-related-posts":"","theme-transparent-header-meta":"","adv-header-id-meta":"","stick-header-meta":"","header-above-stick-meta":"","header-main-stick-meta":"","header-below-stick-meta":"","astra-migrate-meta-layouts":"set","ast-page-background-enabled":"default","ast-page-background-meta":{"desktop":{"background-color":"var(--ast-global-color-4)","background-image":"","background-repeat":"repeat","background-position":"center center","background-size":"auto","background-attachment":"scroll","background-type":"","background-media":"","overlay-type":"","overlay-color":"","overlay-opacity":"","overlay-gradient":""},"tablet":{"background-color":"","background-image":"","background-repeat":"repeat","background-position":"center center","background-size":"auto","background-attachment":"scroll","background-type":"","background-media":"","overlay-type":"","overlay-color":"","overlay-opacity":"","overlay-gradient":""},"mobile":{"background-color":"","background-image":"","background-repeat":"repeat","background-position":"center center","background-size":"auto","background-attachment":"scroll","background-type":"","background-media":"","overlay-type":"","overlay-color":"","overlay-opacity":"","overlay-gradient":""}},"ast-content-background-meta":{"desktop":{"background-color":"var(--ast-global-color-5)","background-image":"","background-repeat":"repeat","background-position":"center center","background-size":"auto","background-attachment":"scroll","background-type":"","background-media":"","overlay-type":"","overlay-color":"","overlay-opacity":"","overlay-gradient":""},"tablet":{"background-color":"var(--ast-global-color-5)","background-image":"","background-repeat":"repeat","background-position":"center center","background-size":"auto","background-attachment":"scroll","background-type":"","background-media":"","overlay-type":"","overlay-color":"","overlay-opacity":"","overlay-gradient":""},"mobile":{"background-color":"var(--ast-global-color-5)","background-image":"","background-repeat":"repeat","background-position":"center center","background-size":"auto","background-attachment":"scroll","background-type":"","background-media":"","overlay-type":"","overlay-color":"","overlay-opacity":"","overlay-gradient":""}},"footnotes":""},"categories":[4],"tags":[49,86,1505,154,177],"class_list":["post-17034","post","type-post","status-publish","format-standard","has-post-thumbnail","hentry","category-noticias","tag-conavi","tag-fovissste","tag-programa-de-vivienda","tag-sedatu","tag-vivienda"],"_links":{"self":[{"href":"https:\/\/hombresymujeresdelacasa.com\/home\/wp-json\/wp\/v2\/posts\/17034","targetHints":{"allow":["GET"]}}],"collection":[{"href":"https:\/\/hombresymujeresdelacasa.com\/home\/wp-json\/wp\/v2\/posts"}],"about":[{"href":"https:\/\/hombresymujeresdelacasa.com\/home\/wp-json\/wp\/v2\/types\/post"}],"author":[{"embeddable":true,"href":"https:\/\/hombresymujeresdelacasa.com\/home\/wp-json\/wp\/v2\/users\/1"}],"replies":[{"embeddable":true,"href":"https:\/\/hombresymujeresdelacasa.com\/home\/wp-json\/wp\/v2\/comments?post=17034"}],"version-history":[{"count":1,"href":"https:\/\/hombresymujeresdelacasa.com\/home\/wp-json\/wp\/v2\/posts\/17034\/revisions"}],"predecessor-version":[{"id":17036,"href":"https:\/\/hombresymujeresdelacasa.com\/home\/wp-json\/wp\/v2\/posts\/17034\/revisions\/17036"}],"wp:featuredmedia":[{"embeddable":true,"href":"https:\/\/hombresymujeresdelacasa.com\/home\/wp-json\/wp\/v2\/media\/17035"}],"wp:attachment":[{"href":"https:\/\/hombresymujeresdelacasa.com\/home\/wp-json\/wp\/v2\/media?parent=17034"}],"wp:term":[{"taxonomy":"category","embeddable":true,"href":"https:\/\/hombresymujeresdelacasa.com\/home\/wp-json\/wp\/v2\/categories?post=17034"},{"taxonomy":"post_tag","embeddable":true,"href":"https:\/\/hombresymujeresdelacasa.com\/home\/wp-json\/wp\/v2\/tags?post=17034"}],"curies":[{"name":"wp","href":"https:\/\/api.w.org\/{rel}","templated":true}]}}