{"id":17018,"date":"2025-02-24T10:10:58","date_gmt":"2025-02-24T16:10:58","guid":{"rendered":"https:\/\/hombresymujeresdelacasa.com\/home\/?p=17018"},"modified":"2025-02-24T10:11:03","modified_gmt":"2025-02-24T16:11:03","slug":"empresarios-y-sindicatos-mantienen-oposicion-a-la-reforma-del-infonavit","status":"publish","type":"post","link":"https:\/\/hombresymujeresdelacasa.com\/home\/empresarios-y-sindicatos-mantienen-oposicion-a-la-reforma-del-infonavit\/","title":{"rendered":"Empresarios y sindicatos mantienen oposici\u00f3n a la reforma del Infonavit"},"content":{"rendered":"\n<p>Por: Rebeca Romero<\/p>\n\n\n\n<p><em>Las organizaciones empresariales y de trabajadores resaltaron que los legisladores no consideraron sus propuestas para la reforma al Infonavit<\/em><\/p>\n\n\n\n<p>En un posicionamiento conjunto, diversas\u00a0organizaciones sindicales y empresariales\u00a0<strong>lamentaron que el Senado<\/strong>\u00a0de la Rep\u00fablica\u00a0<strong>aprobara, sin cambios, la reforma a la Ley<\/strong>\u00a0del Infonavit.<\/p>\n\n\n\n<p>A trav\u00e9s de un comunicado, representantes de las organizaciones, recordaron que&nbsp;<strong>realizaron propuestas&nbsp;<\/strong>para fortalecer la reforma; sin embargo, estas&nbsp;<strong>no fueron contempladas<\/strong>.<\/p>\n\n\n\n<blockquote class=\"wp-block-quote is-layout-flow wp-block-quote-is-layout-flow\">\n<p>\u201cRepresentantes de organizaciones empresariales y de sindicatos de trabajadores lamentamos que el Senado de la Rep\u00fablica haya aprobado, sin modificaciones, la reforma a la Ley del Infonavit, no incluyendo las propuestas presentadas para fortalecer la gobernanza del Instituto y garantizar mecanismos efectivos de supervisi\u00f3n y rendici\u00f3n de cuentas\u201d, se puede leer en el documento.<\/p>\n<\/blockquote>\n\n\n\n<p>En ese sentido, las organizaciones se\u00f1alaron que la reforma \u201cafecta la representaci\u00f3n de los sectores productivos y vulnera la certeza en el manejo de los recursos de los trabajadores\u201d. Por ello, los sectores empresarial y de trabajadores buscaban que no se cambiara la estructura del Infonavit, sino que se fortaleciera.<\/p>\n\n\n\n<blockquote class=\"wp-block-quote is-layout-flow wp-block-quote-is-layout-flow\">\n<p>\u201cLas direcciones sectoriales debieron permanecer tal y como operan actualmente. Dichas instancias son esenciales para proveer asistencia t\u00e9cnica y operativa a los representantes de trabajadores y empresarios, facilitando una participaci\u00f3n informada y efectiva en la toma de decisiones. Su desaparici\u00f3n deja sin herramientas a los sectores para evaluar y mejorar la operaci\u00f3n del Infonavit\u201d, indicaron.<\/p>\n<\/blockquote>\n\n\n\n<p>Entre sus principales preocupaciones, empresarios y sindicatos se pronunciaron en contra de la creaci\u00f3n de una empresa constructora filial, ya que, en su opini\u00f3n y de acuerdo con la reforma aprobada, esta no cuenta con la vigilancia suficiente para asegurar el ahorro de los trabajadores.<\/p>\n\n\n\n<blockquote class=\"wp-block-quote is-layout-flow wp-block-quote-is-layout-flow\">\n<p>\u201cLa creaci\u00f3n de una empresa constructora filial del INFONAVIT,&nbsp;sin mecanismos claros de supervisi\u00f3n y transparencia, abre la puerta a posibles conflictos de inter\u00e9s y al uso discrecional de los fondos destinados a los trabajadores, desviando el objetivo central del Instituto, que es garantizar el acceso a cr\u00e9ditos de vivienda en condiciones justas y accesibles\u201d, apuntaron.<\/p>\n<\/blockquote>\n\n\n\n<p>Finalmente, las organizaciones sindicales&nbsp;y&nbsp;empresariales&nbsp;reiteraron su&nbsp;<strong>compromiso con la defensa al Infonavit,<\/strong>&nbsp;con el objetivo de cuidar el ahorro de los trabajadores.<\/p>\n\n\n\n<blockquote class=\"wp-block-quote is-layout-flow wp-block-quote-is-layout-flow\">\n<p>\u201cReiteramos nuestro compromiso con la defensa del ahorro de los trabajadores y con una estructura de supervisi\u00f3n efectiva en el uso de los recursos del INFONAVIT. Seguiremos exigiendo transparencia, rendici\u00f3n de cuentas y el fortalecimiento de los \u00f3rganos de representaci\u00f3n para evitar decisiones unilaterales que perjudiquen a los trabajadores, y, sobre todo, nos mantenemos abiertos al di\u00e1logo efectivo en beneficio de los derechohabientes\u201d, se\u00f1alaron.<\/p>\n<\/blockquote>\n\n\n\n<p>Cabe recordar que, antes de la aprobaci\u00f3n de la reforma al Infonavit por el Senado,&nbsp;<strong>empresarios y sindicatos manifestaron su rechazo<\/strong>&nbsp;y su uni\u00f3n a trav\u00e9s de una conferencia de prensa, donde indicaron que, de ser necesario, acudir\u00edan a&nbsp;<a href=\"https:\/\/centrourbano.com\/revista\/vivienda\/empresarios-sindicatos-proteger-infonavit\/\" target=\"_blank\" rel=\"noreferrer noopener nofollow\">instancias internacionales<\/a>&nbsp;para evitar su aprobaci\u00f3n.<\/p>\n\n\n\n<p>No obstante, d\u00edas despu\u00e9s, el Pleno del Senado aprob\u00f3 la reforma sin cambios. Hoy, el Ejecutivo Federal public\u00f3 en el&nbsp;<strong>Diario Oficial de la Federaci\u00f3n&nbsp;<\/strong>(DOF)&nbsp;<strong>la reforma a la Ley del Infonavit.<\/strong><\/p>\n\n\n\n<h2 class=\"wp-block-heading\">Participaron en el pronunciamiento<\/h2>\n\n\n\n<p>Sindicato Nacional de Trabajadores Operadores de Libros y Establecimientos de Diversi\u00f3n, Hoteles, Restaurantes, Comunicaciones, y Servicios en Entidades Locales y Federales (SINTOLED)<a href=\"https:\/\/centrourbano.com\/revista\/author\/rebeca-romero\/\" rel=\"nofollow noopener\" target=\"_blank\"><\/a><\/p>\n\n\n\n<p>Asociaci\u00f3n Sindical de Pilotos Aviadores de M\u00e9xico (ASPA)<\/p>\n\n\n\n<p>Asociaci\u00f3n Sindical de Sobrecargos de Aviaci\u00f3n de M\u00e9xico (ASSA)<\/p>\n\n\n\n<p>Confederaci\u00f3n de Agrupaciones Sindicales Mexicanas (CONASIM)<\/p>\n\n\n\n<p>Confederaci\u00f3n de Obreros, Campesinos y Empleados de M\u00e9xico (COCEM)<\/p>\n\n\n\n<p>Confederaci\u00f3n de Trabajadores y Campesinos (CTC)<\/p>\n\n\n\n<p>Confederaci\u00f3n Patronal de la Rep\u00fablica Mexicana (COPARMEX)<\/p>\n\n\n\n<p>Confederaci\u00f3n Regional Obrera Mexicana (CROM)<\/p>\n\n\n\n<p>Consejo Nacional Laboral (CONLABOR)<\/p>\n\n\n\n<p>Sindicato de Telefonistas de la Rep\u00fablica Mexicana (STRM)<\/p>\n\n\n\n<p>Sindicato de Trabajadores Ferrocarrileros de la Rep\u00fablica Mexicana (STFRM)<\/p>\n\n\n\n<p>Sindicato Nacional de Trabajadores del Sistema de Transporte Colectivo (SNTSTC)<\/p>\n","protected":false},"excerpt":{"rendered":"<p>Por: Rebeca Romero Las organizaciones empresariales y de trabajadores resaltaron que los legisladores no consideraron sus propuestas para la reforma al Infonavit En un posicionamiento conjunto, diversas\u00a0organizaciones sindicales y empresariales\u00a0lamentaron que el Senado\u00a0de la Rep\u00fablica\u00a0aprobara, sin cambios, la reforma a la Ley\u00a0del Infonavit. A trav\u00e9s de un comunicado, representantes de las organizaciones, recordaron que&nbsp;realizaron propuestas&nbsp;para [&hellip;]<\/p>\n","protected":false},"author":1,"featured_media":17020,"comment_status":"open","ping_status":"closed","sticky":false,"template":"","format":"standard","meta":{"site-sidebar-layout":"default","site-content-layout":"","ast-site-content-layout":"default","site-content-style":"default","site-sidebar-style":"default","ast-global-header-display":"","ast-banner-title-visibility":"","ast-main-header-display":"","ast-hfb-above-header-display":"","ast-hfb-below-header-display":"","ast-hfb-mobile-header-display":"","site-post-title":"","ast-breadcrumbs-content":"","ast-featured-img":"","footer-sml-layout":"","ast-disable-related-posts":"","theme-transparent-header-meta":"","adv-header-id-meta":"","stick-header-meta":"","header-above-stick-meta":"","header-main-stick-meta":"","header-below-stick-meta":"","astra-migrate-meta-layouts":"set","ast-page-background-enabled":"default","ast-page-background-meta":{"desktop":{"background-color":"var(--ast-global-color-4)","background-image":"","background-repeat":"repeat","background-position":"center center","background-size":"auto","background-attachment":"scroll","background-type":"","background-media":"","overlay-type":"","overlay-color":"","overlay-opacity":"","overlay-gradient":""},"tablet":{"background-color":"","background-image":"","background-repeat":"repeat","background-position":"center center","background-size":"auto","background-attachment":"scroll","background-type":"","background-media":"","overlay-type":"","overlay-color":"","overlay-opacity":"","overlay-gradient":""},"mobile":{"background-color":"","background-image":"","background-repeat":"repeat","background-position":"center center","background-size":"auto","background-attachment":"scroll","background-type":"","background-media":"","overlay-type":"","overlay-color":"","overlay-opacity":"","overlay-gradient":""}},"ast-content-background-meta":{"desktop":{"background-color":"var(--ast-global-color-5)","background-image":"","background-repeat":"repeat","background-position":"center center","background-size":"auto","background-attachment":"scroll","background-type":"","background-media":"","overlay-type":"","overlay-color":"","overlay-opacity":"","overlay-gradient":""},"tablet":{"background-color":"var(--ast-global-color-5)","background-image":"","background-repeat":"repeat","background-position":"center center","background-size":"auto","background-attachment":"scroll","background-type":"","background-media":"","overlay-type":"","overlay-color":"","overlay-opacity":"","overlay-gradient":""},"mobile":{"background-color":"var(--ast-global-color-5)","background-image":"","background-repeat":"repeat","background-position":"center center","background-size":"auto","background-attachment":"scroll","background-type":"","background-media":"","overlay-type":"","overlay-color":"","overlay-opacity":"","overlay-gradient":""}},"footnotes":""},"categories":[4],"tags":[102,1239,6597,177],"class_list":["post-17018","post","type-post","status-publish","format-standard","has-post-thumbnail","hentry","category-noticias","tag-infonavit","tag-ley-del-infonavit","tag-reforma-a-la-ley-del-infonavit","tag-vivienda"],"_links":{"self":[{"href":"https:\/\/hombresymujeresdelacasa.com\/home\/wp-json\/wp\/v2\/posts\/17018","targetHints":{"allow":["GET"]}}],"collection":[{"href":"https:\/\/hombresymujeresdelacasa.com\/home\/wp-json\/wp\/v2\/posts"}],"about":[{"href":"https:\/\/hombresymujeresdelacasa.com\/home\/wp-json\/wp\/v2\/types\/post"}],"author":[{"embeddable":true,"href":"https:\/\/hombresymujeresdelacasa.com\/home\/wp-json\/wp\/v2\/users\/1"}],"replies":[{"embeddable":true,"href":"https:\/\/hombresymujeresdelacasa.com\/home\/wp-json\/wp\/v2\/comments?post=17018"}],"version-history":[{"count":1,"href":"https:\/\/hombresymujeresdelacasa.com\/home\/wp-json\/wp\/v2\/posts\/17018\/revisions"}],"predecessor-version":[{"id":17021,"href":"https:\/\/hombresymujeresdelacasa.com\/home\/wp-json\/wp\/v2\/posts\/17018\/revisions\/17021"}],"wp:featuredmedia":[{"embeddable":true,"href":"https:\/\/hombresymujeresdelacasa.com\/home\/wp-json\/wp\/v2\/media\/17020"}],"wp:attachment":[{"href":"https:\/\/hombresymujeresdelacasa.com\/home\/wp-json\/wp\/v2\/media?parent=17018"}],"wp:term":[{"taxonomy":"category","embeddable":true,"href":"https:\/\/hombresymujeresdelacasa.com\/home\/wp-json\/wp\/v2\/categories?post=17018"},{"taxonomy":"post_tag","embeddable":true,"href":"https:\/\/hombresymujeresdelacasa.com\/home\/wp-json\/wp\/v2\/tags?post=17018"}],"curies":[{"name":"wp","href":"https:\/\/api.w.org\/{rel}","templated":true}]}}