{"id":17010,"date":"2025-02-21T15:54:42","date_gmt":"2025-02-21T21:54:42","guid":{"rendered":"https:\/\/hombresymujeresdelacasa.com\/home\/?p=17010"},"modified":"2025-02-21T15:54:46","modified_gmt":"2025-02-21T21:54:46","slug":"reforma-al-infonavit-es-oficial-ejecutivo-publica-decreto-en-el-dof","status":"publish","type":"post","link":"https:\/\/hombresymujeresdelacasa.com\/home\/reforma-al-infonavit-es-oficial-ejecutivo-publica-decreto-en-el-dof\/","title":{"rendered":"Reforma al Infonavit es oficial; Ejecutivo publica decreto en el DOF"},"content":{"rendered":"\n<p>Por: Edgar Rosas<\/p>\n\n\n\n<p><em>La publicaci\u00f3n en el DOF marca el inicio de la nueva etapa del Infonavit, en la que destaca el regreso del Instituto como desarrollador de vivienda<\/em><\/p>\n\n\n\n<p>La&nbsp;<strong>reforma a la Ley del Infonavit<\/strong>&nbsp;ya es oficial. Este viernes 21 de febrero, el&nbsp;<strong>Ejecutivo Federal<\/strong>&nbsp;public\u00f3 en el&nbsp;<strong>Diario Oficial de la Federaci\u00f3n<\/strong>&nbsp;(DOF), el decreto por el que se modifican diversas disposiciones tanto de la legislaci\u00f3n que rige a \u00e9ste, el organismo de vivienda m\u00e1s importante de M\u00e9xico, como de la&nbsp;<strong>Ley del Trabajo<\/strong>.<\/p>\n\n\n\n<p>Con esto, se oficializa el inicio de la\u00a0<strong>nueva etapa del Instituto<\/strong>, etapa que estar\u00e1 caracterizada por el\u00a0<strong>regreso del Infonavit<\/strong>\u00a0como ente\u00a0<strong>constructor de vivienda;\u00a0<\/strong>as\u00ed como la incursi\u00f3n del Instituto para desarrollar y ofrecer a su derechohabiencia, esquemas de\u00a0<strong>arrendamiento social<\/strong>\u00a0con opci\u00f3n a compra.<\/p>\n\n\n\n<p>Es importante recordar que dentro de las&nbsp;<strong>modificaciones clave<\/strong>&nbsp;que incluye esta reforma se encuentra la decisi\u00f3n de facultar a la&nbsp;<strong>Auditor\u00eda Superior de la Federaci\u00f3n<\/strong>&nbsp;(ASF) para que&nbsp;<strong>fiscalice<\/strong>&nbsp;al organismo; adem\u00e1s que la&nbsp;<strong>Secretar\u00eda de Hacienda y Cr\u00e9dito P\u00fablico<\/strong>&nbsp;(SHCP) y la&nbsp;<strong>Comisi\u00f3n Nacional Bancaria y de Valores<\/strong>&nbsp;(CNBV) participar\u00e1n para&nbsp;<strong>vigilar<\/strong>&nbsp;la aplicaci\u00f3n de buenas pr\u00e1cticas tanto en el manejo de los recursos por parte del Infonavit, como en la parte crediticia.<\/p>\n\n\n\n<p>Adem\u00e1s, con la reforma se impulsa un cambio en la&nbsp;<strong>estructura corporativa<\/strong>&nbsp;del Instituto. El cambio m\u00e1s destacado es la&nbsp;<strong>eliminaci\u00f3n<\/strong>&nbsp;de las&nbsp;<strong>Direcciones Sectoriales Laboral y Empresarial<\/strong>; adem\u00e1s de cambios en la conformaci\u00f3n de la&nbsp;<strong>Asamblea General<\/strong>, el&nbsp;<strong>Consejo de Administraci\u00f3n<\/strong>, el&nbsp;<strong>Comit\u00e9 de Vigilancia<\/strong>,&nbsp;<strong>Transparencia<\/strong>&nbsp;y&nbsp;<strong>Auditor\u00eda<\/strong>.<\/p>\n\n\n\n<p>Asimismo, con la publicaci\u00f3n de los cambios en el DOF, ahora, el Director General podr\u00e1 participar en la Asamblea General y en el Consejo de Administraci\u00f3n, en donde no s\u00f3lo tendr\u00e1 derecho a voto sino a veto.<\/p>\n\n\n\n<h2 class=\"wp-block-heading\">El camino de la reforma al Infonavit<\/h2>\n\n\n\n<p>Este&nbsp;<strong>proceso de reforma al Infonavit<\/strong>&nbsp;inici\u00f3 en la \u00faltima parte del sexenio anterior, con modificaciones a la&nbsp;<strong>Constituci\u00f3n<\/strong>&nbsp;para abrir el camino y regresar al Infonavit la facultad de construir vivienda.<\/p>\n\n\n\n<p>Concretados estos cambios, en&nbsp;<strong>diciembre de 2024<\/strong>, la Presidenta Sheinbaum mand\u00f3 la iniciativa correspondiente al Senado de la Rep\u00fablica para continuar con el proceso; en esta ocasi\u00f3n, para&nbsp;<strong>modificar la Ley del Infonavit<\/strong>&nbsp;y dar paso a concretar los cambios deseados.<\/p>\n\n\n\n<p>El pasado 4 de febrero, la&nbsp;<strong>C\u00e1mara de Diputados<\/strong>&nbsp;aprob\u00f3 el dictamen enviado en primera instancia por el Senado. En la c\u00e1mara baja, los legisladores hicieron algunas modificaciones que fueron regresadas al Senado, para as\u00ed, el 14 de febrero, terminar el camino legislativo de la reforma con la aprobaci\u00f3n del dictamen por parte del pleno de la c\u00e1mara alta.<\/p>\n\n\n\n<h2 class=\"wp-block-heading\">\u00bfQu\u00e9 sigue para el Infonavit?<\/h2>\n\n\n\n<p>Tras la publicaci\u00f3n del dictamen de reforma en el DOF empieza la\u00a0<strong>cuenta regresiva<\/strong>\u00a0para concretar los cambios realizados\u00a0a la leyes correspondientes; y con ello, el Instituto\u00a0<strong>comience a operar<\/strong>\u00a0sus nuevas funciones.<\/p>\n\n\n\n<p>Por ejemplo, dentro de los transitorios, se destaca que el Director General \u00abdeber\u00e1 realizar los actos necesarios para la\u00a0<strong>constituci\u00f3n de la empresa filial<\/strong>, a la que se refiere el art\u00edculo 3o., fracci\u00f3n V, de la Ley del Instituto del Fondo Nacional de la Vivienda para los Trabajadores, dentro de los 30 naturales siguientes a la entrada en vigor del presente Decreto\u00bb.<\/p>\n\n\n\n<p>En cuanto al tema de&nbsp;<strong>arrendamiento social<\/strong>, se destaca que la Asamblea General y el Consejo de Administraci\u00f3n del Infonavit tendr\u00e1n un plazo de 180 d\u00edas para expedir las pol\u00edticas y reglas que establecer\u00e1n las bases del nuevo esquema.<\/p>\n\n\n\n<p>En lo que respecta al&nbsp;<strong>gobierno corporativo<\/strong>, en los siguientes 30 d\u00edas naturales, los sectores laboral y empresarial deber\u00e1n designar a&nbsp;<strong>los integrantes de la Asamblea General<\/strong>; pero tambi\u00e9n, en los siguientes 30 d\u00edas, estos sectores podr\u00e1n renovar a sus representantes en los dem\u00e1s \u00f3rganos internos del Infonavit, permitiendo que el Ejecutivo Federal nombre a sus propios representantes.<a href=\"https:\/\/centrourbano.com\/revista\/author\/edgar-rosas\/\" rel=\"nofollow noopener\" target=\"_blank\"><\/a><\/p>\n","protected":false},"excerpt":{"rendered":"<p>Por: Edgar Rosas La publicaci\u00f3n en el DOF marca el inicio de la nueva etapa del Infonavit, en la que destaca el regreso del Instituto como desarrollador de vivienda La&nbsp;reforma a la Ley del Infonavit&nbsp;ya es oficial. Este viernes 21 de febrero, el&nbsp;Ejecutivo Federal&nbsp;public\u00f3 en el&nbsp;Diario Oficial de la Federaci\u00f3n&nbsp;(DOF), el decreto por el que [&hellip;]<\/p>\n","protected":false},"author":1,"featured_media":17011,"comment_status":"open","ping_status":"closed","sticky":false,"template":"","format":"standard","meta":{"site-sidebar-layout":"default","site-content-layout":"","ast-site-content-layout":"default","site-content-style":"default","site-sidebar-style":"default","ast-global-header-display":"","ast-banner-title-visibility":"","ast-main-header-display":"","ast-hfb-above-header-display":"","ast-hfb-below-header-display":"","ast-hfb-mobile-header-display":"","site-post-title":"","ast-breadcrumbs-content":"","ast-featured-img":"","footer-sml-layout":"","ast-disable-related-posts":"","theme-transparent-header-meta":"","adv-header-id-meta":"","stick-header-meta":"","header-above-stick-meta":"","header-main-stick-meta":"","header-below-stick-meta":"","astra-migrate-meta-layouts":"set","ast-page-background-enabled":"default","ast-page-background-meta":{"desktop":{"background-color":"var(--ast-global-color-4)","background-image":"","background-repeat":"repeat","background-position":"center center","background-size":"auto","background-attachment":"scroll","background-type":"","background-media":"","overlay-type":"","overlay-color":"","overlay-opacity":"","overlay-gradient":""},"tablet":{"background-color":"","background-image":"","background-repeat":"repeat","background-position":"center center","background-size":"auto","background-attachment":"scroll","background-type":"","background-media":"","overlay-type":"","overlay-color":"","overlay-opacity":"","overlay-gradient":""},"mobile":{"background-color":"","background-image":"","background-repeat":"repeat","background-position":"center center","background-size":"auto","background-attachment":"scroll","background-type":"","background-media":"","overlay-type":"","overlay-color":"","overlay-opacity":"","overlay-gradient":""}},"ast-content-background-meta":{"desktop":{"background-color":"var(--ast-global-color-5)","background-image":"","background-repeat":"repeat","background-position":"center center","background-size":"auto","background-attachment":"scroll","background-type":"","background-media":"","overlay-type":"","overlay-color":"","overlay-opacity":"","overlay-gradient":""},"tablet":{"background-color":"var(--ast-global-color-5)","background-image":"","background-repeat":"repeat","background-position":"center center","background-size":"auto","background-attachment":"scroll","background-type":"","background-media":"","overlay-type":"","overlay-color":"","overlay-opacity":"","overlay-gradient":""},"mobile":{"background-color":"var(--ast-global-color-5)","background-image":"","background-repeat":"repeat","background-position":"center center","background-size":"auto","background-attachment":"scroll","background-type":"","background-media":"","overlay-type":"","overlay-color":"","overlay-opacity":"","overlay-gradient":""}},"footnotes":""},"categories":[4],"tags":[],"class_list":["post-17010","post","type-post","status-publish","format-standard","has-post-thumbnail","hentry","category-noticias"],"_links":{"self":[{"href":"https:\/\/hombresymujeresdelacasa.com\/home\/wp-json\/wp\/v2\/posts\/17010","targetHints":{"allow":["GET"]}}],"collection":[{"href":"https:\/\/hombresymujeresdelacasa.com\/home\/wp-json\/wp\/v2\/posts"}],"about":[{"href":"https:\/\/hombresymujeresdelacasa.com\/home\/wp-json\/wp\/v2\/types\/post"}],"author":[{"embeddable":true,"href":"https:\/\/hombresymujeresdelacasa.com\/home\/wp-json\/wp\/v2\/users\/1"}],"replies":[{"embeddable":true,"href":"https:\/\/hombresymujeresdelacasa.com\/home\/wp-json\/wp\/v2\/comments?post=17010"}],"version-history":[{"count":1,"href":"https:\/\/hombresymujeresdelacasa.com\/home\/wp-json\/wp\/v2\/posts\/17010\/revisions"}],"predecessor-version":[{"id":17012,"href":"https:\/\/hombresymujeresdelacasa.com\/home\/wp-json\/wp\/v2\/posts\/17010\/revisions\/17012"}],"wp:featuredmedia":[{"embeddable":true,"href":"https:\/\/hombresymujeresdelacasa.com\/home\/wp-json\/wp\/v2\/media\/17011"}],"wp:attachment":[{"href":"https:\/\/hombresymujeresdelacasa.com\/home\/wp-json\/wp\/v2\/media?parent=17010"}],"wp:term":[{"taxonomy":"category","embeddable":true,"href":"https:\/\/hombresymujeresdelacasa.com\/home\/wp-json\/wp\/v2\/categories?post=17010"},{"taxonomy":"post_tag","embeddable":true,"href":"https:\/\/hombresymujeresdelacasa.com\/home\/wp-json\/wp\/v2\/tags?post=17010"}],"curies":[{"name":"wp","href":"https:\/\/api.w.org\/{rel}","templated":true}]}}