{"id":17007,"date":"2025-02-21T15:18:56","date_gmt":"2025-02-21T21:18:56","guid":{"rendered":"https:\/\/hombresymujeresdelacasa.com\/home\/?p=17007"},"modified":"2025-02-21T15:18:59","modified_gmt":"2025-02-21T21:18:59","slug":"carlos-ramirez-capo-nuevo-presidente-nacional-de-canadevi","status":"publish","type":"post","link":"https:\/\/hombresymujeresdelacasa.com\/home\/carlos-ramirez-capo-nuevo-presidente-nacional-de-canadevi\/","title":{"rendered":"Carlos Ram\u00edrez Cap\u00f3, nuevo presidente nacional de Canadevi"},"content":{"rendered":"\n<p>Por: Fernanda Hern\u00e1ndez<\/p>\n\n\n\n<p><em>\u201cEs un honor y una gran responsabilidad asumir la presidencia de Canadevi en este momento importante en la vida social de nuestro pa\u00eds\u201d, declar\u00f3 Ram\u00edrez<\/em><\/p>\n\n\n\n<p>En el marco de la&nbsp;<strong>Asamblea General Ordinaria de la C\u00e1mara Nacional de la Industria de Desarrollo y Promoci\u00f3n de Vivienda<\/strong>&nbsp;(<strong>Canadevi<\/strong>),&nbsp;<strong>Carlos Eduardo Ram\u00edrez Cap\u00f3<\/strong>&nbsp;asumi\u00f3 la presidencia nacional del organismo para el periodo 2025-2027, con cerca del 90% de preferencia de sus afiliados.<\/p>\n\n\n\n<p>\u201cEs un honor y una gran responsabilidad asumir la&nbsp;<strong>presidencia de Canadevi<\/strong>&nbsp;en este momento importante en la vida social de nuestro pa\u00eds, en un proyecto de vivienda \u00fanico en la historia de nuestro sector.<\/p>\n\n\n\n<p>\u201cReconozco el enorme potencial que tenemos como industria para contribuir al bienestar de las familias mexicanas y al desarrollo econ\u00f3mico del pa\u00eds. Mi compromiso es trabajar en estrecha colaboraci\u00f3n con nuestros afiliados, las autoridades y todos los actores relevantes para impulsar un&nbsp;<strong>sector vivienda<\/strong>&nbsp;fuerte, din\u00e1mico y socialmente responsable\u201d, declar\u00f3.<\/p>\n\n\n\n<p>Asimismo, como parte de su plan de trabajo, refrend\u00f3 el compromiso de la&nbsp;<strong>Canadevi<\/strong>&nbsp;de coadyuvar con el Gobierno de M\u00e9xico en el&nbsp;<strong>Programa de Vivienda para el Bienestar<\/strong>, que tiene el objetivo de construir 1 mill\u00f3n de casas en el sexenio para reducir el d\u00e9ficit de vivienda social en el pa\u00eds.<\/p>\n\n\n\n<p>De esta manera, la&nbsp;<strong>C\u00e1mara<\/strong>&nbsp;trabajar\u00e1 de manera coordinada con los&nbsp;<strong>Organismos Nacionales de Vivienda<\/strong>&nbsp;y aportar\u00e1 la experiencia y capacidad de los desarrolladores para potenciar los objetivos del Programa garantizar soluciones habitacionales asequibles y de calidad para las familias mexicanas.<\/p>\n\n\n\n<p>\u201cBajo la presidencia del&nbsp;<strong>Ing. Carlos Eduardo Ram\u00edrez Cap\u00f3<\/strong>,&nbsp;<strong>Canadevi<\/strong>&nbsp;seguir\u00e1 trabajando de manera coordinada con autoridades, organismos nacionales e internacionales, entidades financieras y la cadena de valor, con el firme prop\u00f3sito de contribuir al crecimiento sostenible del sector y al bienestar de millones de mexicanos\u201d, indic\u00f3 la C\u00e1mara en un comunicado.<\/p>\n\n\n\n<p><strong>Ram\u00edrez Cap\u00f3<\/strong>&nbsp;es ingeniero constructor y cuenta con una destacada trayectoria empresarial, adem\u00e1s de que ha desempe\u00f1ado diversos cargos en la&nbsp;<strong>Canadevi<\/strong>, como secretario(2005-2006), vicepresidente (2007) y presidente (2013-2015) de la&nbsp;<strong>delegaci\u00f3n Veracruz<\/strong>; as\u00ed como vicepresidente (2016-2018) y secretario (2019-2021) a nivel<strong>&nbsp;nacional<\/strong>.<\/p>\n\n\n\n<p>Adem\u00e1s, cabe mencionar que asumi\u00f3 la presidencia nacional en relevo de&nbsp;<strong>Luis Alberto Moreno G\u00f3mez Monroy,<\/strong>&nbsp;quien lider\u00f3 la C\u00e1mara desde 2022.<a href=\"https:\/\/centrourbano.com\/revista\/author\/fernanda-hernandez\/\" rel=\"nofollow noopener\" target=\"_blank\"><\/a><\/p>\n","protected":false},"excerpt":{"rendered":"<p>Por: Fernanda Hern\u00e1ndez \u201cEs un honor y una gran responsabilidad asumir la presidencia de Canadevi en este momento importante en la vida social de nuestro pa\u00eds\u201d, declar\u00f3 Ram\u00edrez En el marco de la&nbsp;Asamblea General Ordinaria de la C\u00e1mara Nacional de la Industria de Desarrollo y Promoci\u00f3n de Vivienda&nbsp;(Canadevi),&nbsp;Carlos Eduardo Ram\u00edrez Cap\u00f3&nbsp;asumi\u00f3 la presidencia nacional del [&hellip;]<\/p>\n","protected":false},"author":1,"featured_media":17008,"comment_status":"open","ping_status":"closed","sticky":false,"template":"","format":"standard","meta":{"site-sidebar-layout":"default","site-content-layout":"","ast-site-content-layout":"default","site-content-style":"default","site-sidebar-style":"default","ast-global-header-display":"","ast-banner-title-visibility":"","ast-main-header-display":"","ast-hfb-above-header-display":"","ast-hfb-below-header-display":"","ast-hfb-mobile-header-display":"","site-post-title":"","ast-breadcrumbs-content":"","ast-featured-img":"","footer-sml-layout":"","ast-disable-related-posts":"","theme-transparent-header-meta":"","adv-header-id-meta":"","stick-header-meta":"","header-above-stick-meta":"","header-main-stick-meta":"","header-below-stick-meta":"","astra-migrate-meta-layouts":"set","ast-page-background-enabled":"default","ast-page-background-meta":{"desktop":{"background-color":"var(--ast-global-color-4)","background-image":"","background-repeat":"repeat","background-position":"center center","background-size":"auto","background-attachment":"scroll","background-type":"","background-media":"","overlay-type":"","overlay-color":"","overlay-opacity":"","overlay-gradient":""},"tablet":{"background-color":"","background-image":"","background-repeat":"repeat","background-position":"center center","background-size":"auto","background-attachment":"scroll","background-type":"","background-media":"","overlay-type":"","overlay-color":"","overlay-opacity":"","overlay-gradient":""},"mobile":{"background-color":"","background-image":"","background-repeat":"repeat","background-position":"center center","background-size":"auto","background-attachment":"scroll","background-type":"","background-media":"","overlay-type":"","overlay-color":"","overlay-opacity":"","overlay-gradient":""}},"ast-content-background-meta":{"desktop":{"background-color":"var(--ast-global-color-5)","background-image":"","background-repeat":"repeat","background-position":"center center","background-size":"auto","background-attachment":"scroll","background-type":"","background-media":"","overlay-type":"","overlay-color":"","overlay-opacity":"","overlay-gradient":""},"tablet":{"background-color":"var(--ast-global-color-5)","background-image":"","background-repeat":"repeat","background-position":"center center","background-size":"auto","background-attachment":"scroll","background-type":"","background-media":"","overlay-type":"","overlay-color":"","overlay-opacity":"","overlay-gradient":""},"mobile":{"background-color":"var(--ast-global-color-5)","background-image":"","background-repeat":"repeat","background-position":"center center","background-size":"auto","background-attachment":"scroll","background-type":"","background-media":"","overlay-type":"","overlay-color":"","overlay-opacity":"","overlay-gradient":""}},"footnotes":""},"categories":[4],"tags":[34,6596,177],"class_list":["post-17007","post","type-post","status-publish","format-standard","has-post-thumbnail","hentry","category-noticias","tag-canadevi","tag-carlos-ramirez-capo-2","tag-vivienda"],"_links":{"self":[{"href":"https:\/\/hombresymujeresdelacasa.com\/home\/wp-json\/wp\/v2\/posts\/17007","targetHints":{"allow":["GET"]}}],"collection":[{"href":"https:\/\/hombresymujeresdelacasa.com\/home\/wp-json\/wp\/v2\/posts"}],"about":[{"href":"https:\/\/hombresymujeresdelacasa.com\/home\/wp-json\/wp\/v2\/types\/post"}],"author":[{"embeddable":true,"href":"https:\/\/hombresymujeresdelacasa.com\/home\/wp-json\/wp\/v2\/users\/1"}],"replies":[{"embeddable":true,"href":"https:\/\/hombresymujeresdelacasa.com\/home\/wp-json\/wp\/v2\/comments?post=17007"}],"version-history":[{"count":1,"href":"https:\/\/hombresymujeresdelacasa.com\/home\/wp-json\/wp\/v2\/posts\/17007\/revisions"}],"predecessor-version":[{"id":17009,"href":"https:\/\/hombresymujeresdelacasa.com\/home\/wp-json\/wp\/v2\/posts\/17007\/revisions\/17009"}],"wp:featuredmedia":[{"embeddable":true,"href":"https:\/\/hombresymujeresdelacasa.com\/home\/wp-json\/wp\/v2\/media\/17008"}],"wp:attachment":[{"href":"https:\/\/hombresymujeresdelacasa.com\/home\/wp-json\/wp\/v2\/media?parent=17007"}],"wp:term":[{"taxonomy":"category","embeddable":true,"href":"https:\/\/hombresymujeresdelacasa.com\/home\/wp-json\/wp\/v2\/categories?post=17007"},{"taxonomy":"post_tag","embeddable":true,"href":"https:\/\/hombresymujeresdelacasa.com\/home\/wp-json\/wp\/v2\/tags?post=17007"}],"curies":[{"name":"wp","href":"https:\/\/api.w.org\/{rel}","templated":true}]}}