{"id":17004,"date":"2025-02-21T14:38:29","date_gmt":"2025-02-21T20:38:29","guid":{"rendered":"https:\/\/hombresymujeresdelacasa.com\/home\/?p=17004"},"modified":"2025-02-21T15:15:20","modified_gmt":"2025-02-21T21:15:20","slug":"fovissste-impulsara-acceso-a-la-vivienda-en-oaxaca-2","status":"publish","type":"post","link":"https:\/\/hombresymujeresdelacasa.com\/home\/fovissste-impulsara-acceso-a-la-vivienda-en-oaxaca-2\/","title":{"rendered":"Fovissste impulsar\u00e1 acceso a la vivienda en Oaxaca"},"content":{"rendered":"\n<p>Por: Fernanda Hern\u00e1ndez<\/p>\n\n\n\n<p><em>La vocal ejecutiva del Fovissste destac\u00f3 que en Oaxaca se ubican 114,748 derechohabientes, en su mayor\u00eda maestras y maestros<\/em><\/p>\n\n\n\n<p><strong>Jabnely Maldonado Meza, vocal ejecutiva del Fondo de la Vivienda del ISSSTE<\/strong>\u00a0(<strong>Fovissste<\/strong>), particip\u00f3 en la firma del convenio entre la\u00a0<strong>Secretar\u00eda de Desarrollo Agrario, Territorial y Urbano\u00a0<\/strong>(<strong>Sedatu<\/strong>) y el\u00a0<strong>Gobierno de Oaxaca<\/strong>\u00a0para la implementaci\u00f3n del Programa de Vivienda para el Bienestar (PVB) en la entidad.<\/p>\n\n\n\n<p>De esta manera, el&nbsp;<strong>Fovissste<\/strong>&nbsp;se sum\u00f3 a los esfuerzos de la actual administraci\u00f3n para garantizar el acceso a una vivienda adecuada para sus derechohabientes en Oaxaca.<\/p>\n\n\n\n<p>Al respecto,&nbsp;<strong>Maldonado<\/strong>&nbsp;destac\u00f3 que en la entidad se ubican&nbsp;<strong>114,748 personas derechohabientes<\/strong>, en su mayor\u00eda maestras y maestros, quienes pueden acceder a un financiamiento promedio de hasta 1 mill\u00f3n 125,000 pesos.<\/p>\n\n\n\n<p>En ese sentido, asegur\u00f3 que el&nbsp;<strong>Fovissste<\/strong>&nbsp;mantendr\u00e1 un di\u00e1logo estrecho con las representaciones de las y los maestros, a trav\u00e9s de mesas de trabajo con la Coordinadora Nacional de Trabajadores de la Educaci\u00f3n (CNTE) y el Sindicato Nacional de Trabajadores de la Educaci\u00f3n (SNTE).<\/p>\n\n\n\n<p>Asimismo, detall\u00f3 que el Fondo cuenta con m\u00e1s de 875,000 cr\u00e9ditos vigentes, de los cuales&nbsp;<strong>17,043 se otorgaron en el estado de Oaxaca<\/strong>.<\/p>\n\n\n\n<p>\u201cTan solo en el sexenio del expresidente Andr\u00e9s Manuel se colocaron 7,257 cr\u00e9ditos; el a\u00f1o pasado se lograron liquidar 1,040 gracias al apoyo de condonaciones y quitas en el 36% de estos\u201d, inform\u00f3.<\/p>\n\n\n\n<p>De igual manera, la funcionaria mencion\u00f3 que el&nbsp;<strong>Fovissste<\/strong>&nbsp;se encuentra en un proceso de transformaci\u00f3n, a fin de colocarse a la altura de las demandas de la derechohabiencia, as\u00ed como recuperar el enfoque social y de estrechar la relaci\u00f3n.<\/p>\n\n\n\n<p>Por ello, record\u00f3 que el pasado 7 de febrero, la presidenta Claudia Sheinbaum Pardo envi\u00f3 la iniciativa de&nbsp;<strong>reforma de la Ley General del ISSSTE<\/strong>, con la que se busca que el&nbsp;<strong>Fovissste<\/strong>&nbsp;recobre su atribuci\u00f3n de adquirir, construir, rehabilitar y arrendar vivienda popular para las y los trabajadores con menores ingresos.<\/p>\n\n\n\n<p>Adem\u00e1s, dio a conocer que se lleva a cabo la simplificaci\u00f3n de tr\u00e1mites a todos los programas de apoyo y al esquema de financiamiento&nbsp;<strong>T\u00fa Construyes<\/strong>, el cual brindar\u00e1 la posibilidad de autoproducir vivienda en propiedad social, como en ejidos y tierras comunales.<\/p>\n\n\n\n<p>\u201cEsto va a ser a trav\u00e9s de&nbsp;<strong>asistencia t\u00e9cnica<\/strong>, ya no se va a contratar \u2212por parte del acreditado\u2212 la empresa constructora, la empresa supervisora, quitamos la fianza, el seguro de calidad, muchos requisitos para que sea un camino mucho m\u00e1s transitable y que sea mucho m\u00e1s sencillo conseguir y construir la vivienda con este cr\u00e9dito. (\u2026) Solamente se dar\u00e1 una ministraci\u00f3n y van a tener este acompa\u00f1amiento para que sea mucho m\u00e1s sencillo\u201d, concluy\u00f3.<\/p>\n","protected":false},"excerpt":{"rendered":"<p>Por: Fernanda Hern\u00e1ndez La vocal ejecutiva del Fovissste destac\u00f3 que en Oaxaca se ubican 114,748 derechohabientes, en su mayor\u00eda maestras y maestros Jabnely Maldonado Meza, vocal ejecutiva del Fondo de la Vivienda del ISSSTE\u00a0(Fovissste), particip\u00f3 en la firma del convenio entre la\u00a0Secretar\u00eda de Desarrollo Agrario, Territorial y Urbano\u00a0(Sedatu) y el\u00a0Gobierno de Oaxaca\u00a0para la implementaci\u00f3n del [&hellip;]<\/p>\n","protected":false},"author":1,"featured_media":17005,"comment_status":"open","ping_status":"closed","sticky":false,"template":"","format":"standard","meta":{"site-sidebar-layout":"default","site-content-layout":"","ast-site-content-layout":"default","site-content-style":"default","site-sidebar-style":"default","ast-global-header-display":"","ast-banner-title-visibility":"","ast-main-header-display":"","ast-hfb-above-header-display":"","ast-hfb-below-header-display":"","ast-hfb-mobile-header-display":"","site-post-title":"","ast-breadcrumbs-content":"","ast-featured-img":"","footer-sml-layout":"","ast-disable-related-posts":"","theme-transparent-header-meta":"","adv-header-id-meta":"","stick-header-meta":"","header-above-stick-meta":"","header-main-stick-meta":"","header-below-stick-meta":"","astra-migrate-meta-layouts":"set","ast-page-background-enabled":"default","ast-page-background-meta":{"desktop":{"background-color":"var(--ast-global-color-4)","background-image":"","background-repeat":"repeat","background-position":"center center","background-size":"auto","background-attachment":"scroll","background-type":"","background-media":"","overlay-type":"","overlay-color":"","overlay-opacity":"","overlay-gradient":""},"tablet":{"background-color":"","background-image":"","background-repeat":"repeat","background-position":"center center","background-size":"auto","background-attachment":"scroll","background-type":"","background-media":"","overlay-type":"","overlay-color":"","overlay-opacity":"","overlay-gradient":""},"mobile":{"background-color":"","background-image":"","background-repeat":"repeat","background-position":"center center","background-size":"auto","background-attachment":"scroll","background-type":"","background-media":"","overlay-type":"","overlay-color":"","overlay-opacity":"","overlay-gradient":""}},"ast-content-background-meta":{"desktop":{"background-color":"var(--ast-global-color-5)","background-image":"","background-repeat":"repeat","background-position":"center center","background-size":"auto","background-attachment":"scroll","background-type":"","background-media":"","overlay-type":"","overlay-color":"","overlay-opacity":"","overlay-gradient":""},"tablet":{"background-color":"var(--ast-global-color-5)","background-image":"","background-repeat":"repeat","background-position":"center center","background-size":"auto","background-attachment":"scroll","background-type":"","background-media":"","overlay-type":"","overlay-color":"","overlay-opacity":"","overlay-gradient":""},"mobile":{"background-color":"var(--ast-global-color-5)","background-image":"","background-repeat":"repeat","background-position":"center center","background-size":"auto","background-attachment":"scroll","background-type":"","background-media":"","overlay-type":"","overlay-color":"","overlay-opacity":"","overlay-gradient":""}},"footnotes":""},"categories":[4],"tags":[86,229,154,177],"class_list":["post-17004","post","type-post","status-publish","format-standard","has-post-thumbnail","hentry","category-noticias","tag-fovissste","tag-oaxaca","tag-sedatu","tag-vivienda"],"_links":{"self":[{"href":"https:\/\/hombresymujeresdelacasa.com\/home\/wp-json\/wp\/v2\/posts\/17004","targetHints":{"allow":["GET"]}}],"collection":[{"href":"https:\/\/hombresymujeresdelacasa.com\/home\/wp-json\/wp\/v2\/posts"}],"about":[{"href":"https:\/\/hombresymujeresdelacasa.com\/home\/wp-json\/wp\/v2\/types\/post"}],"author":[{"embeddable":true,"href":"https:\/\/hombresymujeresdelacasa.com\/home\/wp-json\/wp\/v2\/users\/1"}],"replies":[{"embeddable":true,"href":"https:\/\/hombresymujeresdelacasa.com\/home\/wp-json\/wp\/v2\/comments?post=17004"}],"version-history":[{"count":1,"href":"https:\/\/hombresymujeresdelacasa.com\/home\/wp-json\/wp\/v2\/posts\/17004\/revisions"}],"predecessor-version":[{"id":17006,"href":"https:\/\/hombresymujeresdelacasa.com\/home\/wp-json\/wp\/v2\/posts\/17004\/revisions\/17006"}],"wp:featuredmedia":[{"embeddable":true,"href":"https:\/\/hombresymujeresdelacasa.com\/home\/wp-json\/wp\/v2\/media\/17005"}],"wp:attachment":[{"href":"https:\/\/hombresymujeresdelacasa.com\/home\/wp-json\/wp\/v2\/media?parent=17004"}],"wp:term":[{"taxonomy":"category","embeddable":true,"href":"https:\/\/hombresymujeresdelacasa.com\/home\/wp-json\/wp\/v2\/categories?post=17004"},{"taxonomy":"post_tag","embeddable":true,"href":"https:\/\/hombresymujeresdelacasa.com\/home\/wp-json\/wp\/v2\/tags?post=17004"}],"curies":[{"name":"wp","href":"https:\/\/api.w.org\/{rel}","templated":true}]}}