{"id":16996,"date":"2025-02-20T18:09:55","date_gmt":"2025-02-21T00:09:55","guid":{"rendered":"https:\/\/hombresymujeresdelacasa.com\/home\/?p=16996"},"modified":"2025-02-20T18:12:29","modified_gmt":"2025-02-21T00:12:29","slug":"oaxaca-se-suma-al-pvb-se-construiran-66-mil-viviendas","status":"publish","type":"post","link":"https:\/\/hombresymujeresdelacasa.com\/home\/oaxaca-se-suma-al-pvb-se-construiran-66-mil-viviendas\/","title":{"rendered":"Oaxaca se suma al PVB: se construir\u00e1n 66 mil viviendas"},"content":{"rendered":"\n<p>Por: Fernanda Hern\u00e1ndez <\/p>\n\n\n\n<p><em>La titular de Sedatu anunci\u00f3 que el 26 de febrero arrancar\u00e1n las obras de las 12,000 viviendas que se tienen de meta para este a\u00f1o en Oaxaca<\/em><\/p>\n\n\n\n<p>La&nbsp;<strong>Secretar\u00eda de Desarrollo Agrario, Territorial y Urbano<\/strong>&nbsp;(<a href=\"https:\/\/x.com\/SEDATU_mx\/status\/1892340963974271387\" target=\"_blank\" rel=\"noreferrer noopener nofollow\"><strong>Sedatu<\/strong><\/a>) y el&nbsp;<strong>gobierno de Oaxaca<\/strong>&nbsp;firmaron un convenio de colaboraci\u00f3n para implementar el&nbsp;<strong>Programa de Vivienda para el Bienestar<\/strong>&nbsp;(<strong>PVB<\/strong>) en la entidad.<\/p>\n\n\n\n<p>Durante el evento,&nbsp;<strong>Edna Vega Rangel, titular de la Sedatu<\/strong>, destac\u00f3 que, para este sexenio, se proyecta realizar&nbsp;<strong>66,000 acciones de vivienda<\/strong>&nbsp;en beneficio de las familias oaxaque\u00f1as m\u00e1s vulnerables.<\/p>\n\n\n\n<p>Adem\u00e1s, explic\u00f3 que, de dicho total, 26,000 viviendas nuevas ser\u00e1n para personas derechohabientes del&nbsp;<strong>Instituto del Fondo Nacional de la Vivienda para los Trabajadores<\/strong>&nbsp;(<strong>Infonavit<\/strong>), y 40,000 para no derechohabientes a trav\u00e9s de la&nbsp;<strong>Comisi\u00f3n Nacional de Vivienda<\/strong>&nbsp;(<strong>Conavi<\/strong>).<\/p>\n\n\n\n<p>Adem\u00e1s de que se defini\u00f3 que el pr\u00f3ximo&nbsp;<strong>26 de febrero<\/strong>&nbsp;arrancar\u00e1n las obras de las primeras 12,000 viviendas que se tienen de meta para este a\u00f1o en Oaxaca.<\/p>\n\n\n\n<p>\u201cMi deseo es enfatizar en esta reuni\u00f3n la importancia de trabajar de forma unida para cumplir con las metas establecidas y garantizar a las familias de Oaxaca&nbsp;<strong>viviendas adecuadas, asequibles y en zonas seguras<\/strong>; por instrucciones de la presidenta Claudia Sheinbaum, debemos arrancar ya con la construcci\u00f3n\u201d, dijo Vega Rangel.<\/p>\n\n\n\n<p>En su intervenci\u00f3n,&nbsp;<strong>Octavio Romero Oropeza, director general del Infonavit<\/strong>, inform\u00f3 de los avances en cuanto a las reservas territoriales en diversos municipios oaxaque\u00f1os, as\u00ed como de los proyectos arquitect\u00f3nicos con los que ya se cuenta.<\/p>\n\n\n\n<p>Por su parte,&nbsp;<strong>Rodrigo Ch\u00e1vez Contreras, director de la Conavi<\/strong>, celebr\u00f3 que exista consenso y uni\u00f3n entre los \u00f3rdenes de gobierno para agilizar los procesos que permitan beneficiar a las familias oaxaque\u00f1as que no tienen acceso al cr\u00e9dito de vivienda; adem\u00e1s de unir esfuerzos con gobiernos locales para arrancar las obras la pr\u00f3xima semana.<\/p>\n\n\n\n<p><strong>Jos\u00e9 Iracheta Carroll, director general del Instituto Nacional del Suelo Sustentable (Insus<\/strong>), asegur\u00f3 que existen condiciones para arrancar las acciones de vivienda en el estado y rebasar la meta planteada para que m\u00e1s familias cuenten con certeza jur\u00eddica de su patrimonio.<\/p>\n\n\n\n<p>En tanto,&nbsp;<strong>Jabnely Maldonado Meza, vocal ejecutiva del Fondo de la Vivienda del ISSSTE<\/strong>&nbsp;(<strong>Fovissste<\/strong>), enfatiz\u00f3 que en Oaxaca existe una demanda potencial de 114,748 personas derechohabientes, principalmente maestras y maestros, quienes en promedio pueden obtener un financiamiento de hasta 1 mill\u00f3n 125,000 pesos; sin embargo, reconoci\u00f3 que en el estado la oferta de vivienda es escasa.<\/p>\n\n\n\n<p>Finalmente,&nbsp;<strong>Salom\u00f3n Jara Cruz, gobernador de Oaxaca<\/strong>, coment\u00f3 que la firma de este convenio se garantizar\u00e1 el trabajo conjunto para que las viviendas sean adecuadas y seguras, y con ello se impulse la econom\u00eda del estado y las oportunidades para las familias, principalmente las m\u00e1s vulnerables.<\/p>\n\n\n\n<p>\u201cTenemos una deuda hist\u00f3rica con las comunidades, con la gente m\u00e1s humilde, una situaci\u00f3n que prevalece en las zonas del sur del pa\u00eds, por eso es muy importante esta firma porque nos une un mismo objetivo que es revertir esta condici\u00f3n\u201d, expres\u00f3.<\/p>\n\n\n\n<p><\/p>\n","protected":false},"excerpt":{"rendered":"<p>Por: Fernanda Hern\u00e1ndez La titular de Sedatu anunci\u00f3 que el 26 de febrero arrancar\u00e1n las obras de las 12,000 viviendas que se tienen de meta para este a\u00f1o en Oaxaca La&nbsp;Secretar\u00eda de Desarrollo Agrario, Territorial y Urbano&nbsp;(Sedatu) y el&nbsp;gobierno de Oaxaca&nbsp;firmaron un convenio de colaboraci\u00f3n para implementar el&nbsp;Programa de Vivienda para el Bienestar&nbsp;(PVB) en la [&hellip;]<\/p>\n","protected":false},"author":1,"featured_media":16999,"comment_status":"open","ping_status":"closed","sticky":false,"template":"","format":"standard","meta":{"site-sidebar-layout":"default","site-content-layout":"","ast-site-content-layout":"default","site-content-style":"default","site-sidebar-style":"default","ast-global-header-display":"","ast-banner-title-visibility":"","ast-main-header-display":"","ast-hfb-above-header-display":"","ast-hfb-below-header-display":"","ast-hfb-mobile-header-display":"","site-post-title":"","ast-breadcrumbs-content":"","ast-featured-img":"","footer-sml-layout":"","ast-disable-related-posts":"","theme-transparent-header-meta":"","adv-header-id-meta":"","stick-header-meta":"","header-above-stick-meta":"","header-main-stick-meta":"","header-below-stick-meta":"","astra-migrate-meta-layouts":"set","ast-page-background-enabled":"default","ast-page-background-meta":{"desktop":{"background-color":"var(--ast-global-color-4)","background-image":"","background-repeat":"repeat","background-position":"center center","background-size":"auto","background-attachment":"scroll","background-type":"","background-media":"","overlay-type":"","overlay-color":"","overlay-opacity":"","overlay-gradient":""},"tablet":{"background-color":"","background-image":"","background-repeat":"repeat","background-position":"center center","background-size":"auto","background-attachment":"scroll","background-type":"","background-media":"","overlay-type":"","overlay-color":"","overlay-opacity":"","overlay-gradient":""},"mobile":{"background-color":"","background-image":"","background-repeat":"repeat","background-position":"center center","background-size":"auto","background-attachment":"scroll","background-type":"","background-media":"","overlay-type":"","overlay-color":"","overlay-opacity":"","overlay-gradient":""}},"ast-content-background-meta":{"desktop":{"background-color":"var(--ast-global-color-5)","background-image":"","background-repeat":"repeat","background-position":"center center","background-size":"auto","background-attachment":"scroll","background-type":"","background-media":"","overlay-type":"","overlay-color":"","overlay-opacity":"","overlay-gradient":""},"tablet":{"background-color":"var(--ast-global-color-5)","background-image":"","background-repeat":"repeat","background-position":"center center","background-size":"auto","background-attachment":"scroll","background-type":"","background-media":"","overlay-type":"","overlay-color":"","overlay-opacity":"","overlay-gradient":""},"mobile":{"background-color":"var(--ast-global-color-5)","background-image":"","background-repeat":"repeat","background-position":"center center","background-size":"auto","background-attachment":"scroll","background-type":"","background-media":"","overlay-type":"","overlay-color":"","overlay-opacity":"","overlay-gradient":""}},"footnotes":""},"categories":[4],"tags":[49,229,154,177],"class_list":["post-16996","post","type-post","status-publish","format-standard","has-post-thumbnail","hentry","category-noticias","tag-conavi","tag-oaxaca","tag-sedatu","tag-vivienda"],"_links":{"self":[{"href":"https:\/\/hombresymujeresdelacasa.com\/home\/wp-json\/wp\/v2\/posts\/16996","targetHints":{"allow":["GET"]}}],"collection":[{"href":"https:\/\/hombresymujeresdelacasa.com\/home\/wp-json\/wp\/v2\/posts"}],"about":[{"href":"https:\/\/hombresymujeresdelacasa.com\/home\/wp-json\/wp\/v2\/types\/post"}],"author":[{"embeddable":true,"href":"https:\/\/hombresymujeresdelacasa.com\/home\/wp-json\/wp\/v2\/users\/1"}],"replies":[{"embeddable":true,"href":"https:\/\/hombresymujeresdelacasa.com\/home\/wp-json\/wp\/v2\/comments?post=16996"}],"version-history":[{"count":2,"href":"https:\/\/hombresymujeresdelacasa.com\/home\/wp-json\/wp\/v2\/posts\/16996\/revisions"}],"predecessor-version":[{"id":17000,"href":"https:\/\/hombresymujeresdelacasa.com\/home\/wp-json\/wp\/v2\/posts\/16996\/revisions\/17000"}],"wp:featuredmedia":[{"embeddable":true,"href":"https:\/\/hombresymujeresdelacasa.com\/home\/wp-json\/wp\/v2\/media\/16999"}],"wp:attachment":[{"href":"https:\/\/hombresymujeresdelacasa.com\/home\/wp-json\/wp\/v2\/media?parent=16996"}],"wp:term":[{"taxonomy":"category","embeddable":true,"href":"https:\/\/hombresymujeresdelacasa.com\/home\/wp-json\/wp\/v2\/categories?post=16996"},{"taxonomy":"post_tag","embeddable":true,"href":"https:\/\/hombresymujeresdelacasa.com\/home\/wp-json\/wp\/v2\/tags?post=16996"}],"curies":[{"name":"wp","href":"https:\/\/api.w.org\/{rel}","templated":true}]}}