{"id":16992,"date":"2025-02-20T14:39:18","date_gmt":"2025-02-20T20:39:18","guid":{"rendered":"https:\/\/hombresymujeresdelacasa.com\/home\/?p=16992"},"modified":"2025-02-20T14:39:21","modified_gmt":"2025-02-20T20:39:21","slug":"mercado-de-vivienda-de-veracruz-con-oportunidad-de-crecimiento-expertos","status":"publish","type":"post","link":"https:\/\/hombresymujeresdelacasa.com\/home\/mercado-de-vivienda-de-veracruz-con-oportunidad-de-crecimiento-expertos\/","title":{"rendered":"Mercado de vivienda de Veracruz con oportunidad de crecimiento: Expertos"},"content":{"rendered":"\n<p>Por: Fernanda Hern\u00e1ndez <\/p>\n\n\n\n<p><em>\u201cEstimamos que Veracruz podr\u00eda crecer su oferta de vivienda en renta en l\u00ednea en un 50% m\u00ednimo, y a\u00fan as\u00ed mantener un nivel de demanda sano\u201d<\/em><\/p>\n\n\n\n<p>De acuerdo con expertos, el estado de&nbsp;<strong>Veracruz<\/strong>&nbsp;cuenta con diversas caracter\u00edsticas que lo hacen atractivo para el&nbsp;<strong>desarrollo inmobiliario<\/strong>, pues el precio medio de la vivienda en venta es 37% menor a un estado comparable, y los inversionistas ven buenas posibilidades de crecimiento para este mercado.<\/p>\n\n\n\n<p>Cabe mencionar que, seg\u00fan datos de&nbsp;<strong>Sociedad Hipotecaria Federal<\/strong>&nbsp;(<strong>SHF<\/strong>), los&nbsp;<strong>precios de vivienda<\/strong>&nbsp;en Veracruz aumentaron 8.4% en 2024 en zonas tur\u00edsticas y residenciales.<\/p>\n\n\n\n<p>Adem\u00e1s, la&nbsp;<strong>Asociaci\u00f3n Mexicana de Profesionales Inmobiliarios<\/strong>&nbsp;(<strong>AMPI<\/strong>)&nbsp;<strong>de Veracruz<\/strong>&nbsp;indic\u00f3 que la&nbsp;<strong>vivienda vertical<\/strong>&nbsp;en la capital del estado sigue la tendencia al alza en l\u00ednea con Boca del R\u00edo y Alvarado, otras localidades con fuerte inter\u00e9s de parte de los inversionistas y compradores.<\/p>\n\n\n\n<p>\u201cAl no ser un destino usual para inversionistas extranjeros, hay una buena oportunidad para que los inversionistas mexicanos encuentren precios razonables para desarrollos tur\u00edsticos e industriales con destino mar\u00edtimo al tener el puerto m\u00e1s relevante de la costa oriente de M\u00e9xico\u201d, se\u00f1al\u00f3&nbsp;<strong>Juan Camilo Reyes, l\u00edder de expansi\u00f3n y nuevos negocios de Inmuebles24<\/strong>.<\/p>\n\n\n\n<p>Asimismo, el especialista destac\u00f3 que Veracruz concentra la&nbsp;<strong>variaci\u00f3n de precios<\/strong>&nbsp;m\u00e1s significativa dentro de las grandes \u00e1reas metropolitanas del estado con 17% de variaci\u00f3n anual. El d\u00e9ficit de unidades en renta residencial es especialmente notorio cuando se compara con otros estados de la Rep\u00fablica.<\/p>\n\n\n\n<p>\u201cEstimamos que Veracruz podr\u00eda crecer su&nbsp;<strong>oferta de vivienda para la renta en l\u00ednea<\/strong>&nbsp;en un 50% m\u00ednimo, y aun as\u00ed mantener un nivel de demanda sano. En el portal hemos registrado 45,000 visitas de usuarios buscando vivienda para la renta por mes y 150,000, aproximadamente, en venta. Esto representa un nivel de demanda sano y similar al de estados con un mercado inmobiliario m\u00e1s desarrollado\u201d, coment\u00f3 Reyes.<\/p>\n\n\n\n<p>De igual manera, comparti\u00f3 el&nbsp;<strong>precio promedio de la vivienda<\/strong>, tanto en renta como en venta, en las principales ciudades de la entidad:<\/p>\n\n\n\n<figure class=\"wp-block-image aligncenter size-full\"><img fetchpriority=\"high\" decoding=\"async\" width=\"768\" height=\"335\" src=\"https:\/\/hombresymujeresdelacasa.com\/home\/wp-content\/uploads\/2025\/02\/image-6.png\" alt=\"\" class=\"wp-image-16993\" srcset=\"https:\/\/hombresymujeresdelacasa.com\/home\/wp-content\/uploads\/2025\/02\/image-6.png 768w, https:\/\/hombresymujeresdelacasa.com\/home\/wp-content\/uploads\/2025\/02\/image-6-300x131.png 300w\" sizes=\"(max-width: 768px) 100vw, 768px\" \/><\/figure>\n","protected":false},"excerpt":{"rendered":"<p>Por: Fernanda Hern\u00e1ndez \u201cEstimamos que Veracruz podr\u00eda crecer su oferta de vivienda en renta en l\u00ednea en un 50% m\u00ednimo, y a\u00fan as\u00ed mantener un nivel de demanda sano\u201d De acuerdo con expertos, el estado de&nbsp;Veracruz&nbsp;cuenta con diversas caracter\u00edsticas que lo hacen atractivo para el&nbsp;desarrollo inmobiliario, pues el precio medio de la vivienda en venta [&hellip;]<\/p>\n","protected":false},"author":1,"featured_media":16994,"comment_status":"open","ping_status":"closed","sticky":false,"template":"","format":"standard","meta":{"site-sidebar-layout":"default","site-content-layout":"","ast-site-content-layout":"default","site-content-style":"default","site-sidebar-style":"default","ast-global-header-display":"","ast-banner-title-visibility":"","ast-main-header-display":"","ast-hfb-above-header-display":"","ast-hfb-below-header-display":"","ast-hfb-mobile-header-display":"","site-post-title":"","ast-breadcrumbs-content":"","ast-featured-img":"","footer-sml-layout":"","ast-disable-related-posts":"","theme-transparent-header-meta":"","adv-header-id-meta":"","stick-header-meta":"","header-above-stick-meta":"","header-main-stick-meta":"","header-below-stick-meta":"","astra-migrate-meta-layouts":"set","ast-page-background-enabled":"default","ast-page-background-meta":{"desktop":{"background-color":"var(--ast-global-color-4)","background-image":"","background-repeat":"repeat","background-position":"center center","background-size":"auto","background-attachment":"scroll","background-type":"","background-media":"","overlay-type":"","overlay-color":"","overlay-opacity":"","overlay-gradient":""},"tablet":{"background-color":"","background-image":"","background-repeat":"repeat","background-position":"center center","background-size":"auto","background-attachment":"scroll","background-type":"","background-media":"","overlay-type":"","overlay-color":"","overlay-opacity":"","overlay-gradient":""},"mobile":{"background-color":"","background-image":"","background-repeat":"repeat","background-position":"center center","background-size":"auto","background-attachment":"scroll","background-type":"","background-media":"","overlay-type":"","overlay-color":"","overlay-opacity":"","overlay-gradient":""}},"ast-content-background-meta":{"desktop":{"background-color":"var(--ast-global-color-5)","background-image":"","background-repeat":"repeat","background-position":"center center","background-size":"auto","background-attachment":"scroll","background-type":"","background-media":"","overlay-type":"","overlay-color":"","overlay-opacity":"","overlay-gradient":""},"tablet":{"background-color":"var(--ast-global-color-5)","background-image":"","background-repeat":"repeat","background-position":"center center","background-size":"auto","background-attachment":"scroll","background-type":"","background-media":"","overlay-type":"","overlay-color":"","overlay-opacity":"","overlay-gradient":""},"mobile":{"background-color":"var(--ast-global-color-5)","background-image":"","background-repeat":"repeat","background-position":"center center","background-size":"auto","background-attachment":"scroll","background-type":"","background-media":"","overlay-type":"","overlay-color":"","overlay-opacity":"","overlay-gradient":""}},"footnotes":""},"categories":[4],"tags":[14,155,599,177],"class_list":["post-16992","post","type-post","status-publish","format-standard","has-post-thumbnail","hentry","category-noticias","tag-ampi","tag-shf","tag-veracruz","tag-vivienda"],"_links":{"self":[{"href":"https:\/\/hombresymujeresdelacasa.com\/home\/wp-json\/wp\/v2\/posts\/16992","targetHints":{"allow":["GET"]}}],"collection":[{"href":"https:\/\/hombresymujeresdelacasa.com\/home\/wp-json\/wp\/v2\/posts"}],"about":[{"href":"https:\/\/hombresymujeresdelacasa.com\/home\/wp-json\/wp\/v2\/types\/post"}],"author":[{"embeddable":true,"href":"https:\/\/hombresymujeresdelacasa.com\/home\/wp-json\/wp\/v2\/users\/1"}],"replies":[{"embeddable":true,"href":"https:\/\/hombresymujeresdelacasa.com\/home\/wp-json\/wp\/v2\/comments?post=16992"}],"version-history":[{"count":1,"href":"https:\/\/hombresymujeresdelacasa.com\/home\/wp-json\/wp\/v2\/posts\/16992\/revisions"}],"predecessor-version":[{"id":16995,"href":"https:\/\/hombresymujeresdelacasa.com\/home\/wp-json\/wp\/v2\/posts\/16992\/revisions\/16995"}],"wp:featuredmedia":[{"embeddable":true,"href":"https:\/\/hombresymujeresdelacasa.com\/home\/wp-json\/wp\/v2\/media\/16994"}],"wp:attachment":[{"href":"https:\/\/hombresymujeresdelacasa.com\/home\/wp-json\/wp\/v2\/media?parent=16992"}],"wp:term":[{"taxonomy":"category","embeddable":true,"href":"https:\/\/hombresymujeresdelacasa.com\/home\/wp-json\/wp\/v2\/categories?post=16992"},{"taxonomy":"post_tag","embeddable":true,"href":"https:\/\/hombresymujeresdelacasa.com\/home\/wp-json\/wp\/v2\/tags?post=16992"}],"curies":[{"name":"wp","href":"https:\/\/api.w.org\/{rel}","templated":true}]}}