{"id":16950,"date":"2025-02-14T17:50:23","date_gmt":"2025-02-14T23:50:23","guid":{"rendered":"https:\/\/hombresymujeresdelacasa.com\/home\/?p=16950"},"modified":"2025-02-14T17:50:28","modified_gmt":"2025-02-14T23:50:28","slug":"aprobada-la-reforma-al-infonavit-ahora-que-sigue","status":"publish","type":"post","link":"https:\/\/hombresymujeresdelacasa.com\/home\/aprobada-la-reforma-al-infonavit-ahora-que-sigue\/","title":{"rendered":"Aprobada la reforma al Infonavit, \u00bfahora qu\u00e9 sigue?"},"content":{"rendered":"\n<p>Por: Rebeca Romero <\/p>\n\n\n\n<p><em>La reforma al Infonavit establece que la empresa filial de construcci\u00f3n debe quedar establecida en 30 d\u00edas<\/em><\/p>\n\n\n\n<p>La reforma a la Ley del&nbsp;<a href=\"https:\/\/portalmx.infonavit.org.mx\/wps\/portal\/infonavitmx\/mx2\/derechohabientes\/!ut\/p\/z1\/hY-9DoJAEISfxYKWXX6Ew-4iiQoJgQbwGgMGDxLgCJzy-l6UxkR0ut35ZjcDDHJgffFoeCEb0Retms_MuTgHxOPeNiKSEopJ5EVm6FhmQF3I_gFM2bgiiirPXsjqBWcBPM-3jZCgGRsRYpImhn_yXdyivQA_ngTAeCvKdx_alxbhwMbqVo3VqN9Hta6lHKadhhrO86xzIXhb6VfRafgtUotJQv5JwtDl2MRdRia6eQLjCZYX\/dz\/d5\/L2dBISEvZ0FBIS9nQSEh\/\" target=\"_blank\" rel=\"noreferrer noopener nofollow\">Infonavit<\/a>&nbsp;aprobada por el Pleno del Senado contempla diversos cambios que entrar\u00e1n en vigor al d\u00eda siguiente de la publicaci\u00f3n del decreto en el Diario Oficial de la Federaci\u00f3n.<\/p>\n\n\n\n<h2 class=\"wp-block-heading\">Gobernanza y Auditor\u00eda<\/h2>\n\n\n\n<p>La reforma al Infonavit establece que, en los 30 d\u00edas naturales siguientes a la entrada en vigor del decreto, los sectores laboral y empresarial deber\u00e1n designar a&nbsp;<strong>los integrantes de la Asamblea General<\/strong>. En los siguientes 30 d\u00edas, estos sectores podr\u00e1n renovar a sus representantes en los dem\u00e1s \u00f3rganos internos del Infonavit, permitiendo que el Ejecutivo Federal nombre a sus propios representantes.<\/p>\n\n\n\n<p>En cuanto a la vigilancia del Instituto, la reforma dispone que la Secretar\u00eda de Hacienda y Cr\u00e9dito P\u00fablico, auxiliada por la Comisi\u00f3n Nacional Bancaria y de Valores, contar\u00e1 con un plazo de 90 d\u00edas h\u00e1biles para emitir las&nbsp;<strong>nuevas disposiciones en materia de cr\u00e9dito<\/strong>. Posteriormente, estos organismos dispondr\u00e1n de 90 d\u00edas adicionales para proponer a la Asamblea General las pol\u00edticas de organizaci\u00f3n de la contabilidad y auditor\u00eda interna.<\/p>\n\n\n\n<h2 class=\"wp-block-heading\">Construcci\u00f3n de vivienda y arrendamiento social<\/h2>\n\n\n\n<p>El decreto establece que Octavio Romero Oropeza, director general del Infonavit, deber\u00e1 \u201crealizar los actos necesarios para la constituci\u00f3n de la&nbsp;<strong><a href=\"https:\/\/centrourbano.com\/revista\/vivienda\/ley-del-infonavit-empresa-filial\/\" target=\"_blank\" rel=\"noreferrer noopener nofollow\">empresa filial<\/a>&nbsp;de construcci\u00f3n<\/strong>\u201d, proceso para el cual contar\u00e1 con&nbsp;<strong>30 d\u00edas naturales<\/strong>&nbsp;tras la entrada en vigor del decreto.<\/p>\n\n\n\n<p>Asimismo, esta empresa estar\u00e1&nbsp;<strong>sujeta a la vigilancia y auditor\u00eda&nbsp;<\/strong>de Romero Oropeza, as\u00ed como de los miembros del Consejo de Administraci\u00f3n, el Comit\u00e9 de Auditor\u00eda y el Comit\u00e9 de \u00c9tica. Adem\u00e1s, contar\u00e1 con un C\u00f3digo de \u00c9tica, un Estatuto Org\u00e1nico y normativa interna que definir\u00e1n su estructura organizacional y operativa.<\/p>\n\n\n\n<p>Por otro lado, la reforma&nbsp;<strong>cancela todos los proyectos de cr\u00e9ditos colectivos<\/strong>&nbsp;otorgados a trav\u00e9s de la L\u00ednea III que el Consejo de Administraci\u00f3n haya aprobado&nbsp;<strong>antes del 1 de julio de 2023<\/strong>. No obstante, quienes hayan presentado estos proyectos podr\u00e1n volver a someterlos a consideraci\u00f3n para su actualizaci\u00f3n o aprobaci\u00f3n.<\/p>\n\n\n\n<p>En caso de que trabajadores hayan obtenido cr\u00e9ditos para adquirir alguna de estas viviendas, el&nbsp;<strong>Infonavit les devolver\u00e1 el monto correspondiente a su Subcuenta de Vivienda<\/strong>, permiti\u00e9ndoles solicitar un nuevo cr\u00e9dito.<\/p>\n\n\n\n<p>Adem\u00e1s, las empresas responsables de los proyectos cancelados dispondr\u00e1n de&nbsp;<strong>30 d\u00edas<\/strong>&nbsp;h\u00e1biles, a partir de la entrada en vigor del decreto, para&nbsp;<strong>reembolsar al Instituto el dinero<\/strong>, los intereses y otros pagos recibidos de los trabajadores por dichos cr\u00e9ditos.<\/p>\n\n\n\n<p>Respecto al programa de arrendamiento social, la Asamblea General y el Consejo de Administraci\u00f3n del Infonavit tendr\u00e1n un plazo de 180 d\u00edas para expedir las pol\u00edticas y reglas que establecer\u00e1n las bases del nuevo esquema.<\/p>\n\n\n\n<h2 class=\"wp-block-heading\">Infonavit y el manejo del dinero<\/h2>\n\n\n\n<p>Por otro lado, la reforma contempla que el Infonavit contin\u00fae aplicando los presupuestos de ingresos y egresos, as\u00ed como los gastos de administraci\u00f3n aprobados para el ejercicio 2024. No obstante, la&nbsp;<strong>Asamblea General deber\u00e1 aprobar un nuevo presupuesto operativo<\/strong>&nbsp;y de vigilancia para el ejercicio 2025.<\/p>\n\n\n\n<p>El Consejo de Administraci\u00f3n del Infonavit tendr\u00e1 180 d\u00edas para desarrollar el&nbsp;<strong>programa de extinci\u00f3n de grav\u00e1menes y cancelaci\u00f3n de hipotecas&nbsp;<\/strong>para aquellos trabajadores que hayan liquidado su cr\u00e9dito. Adem\u00e1s, deber\u00e1 asignar los recursos necesarios para llevar a cabo este proceso y entregar los documentos oficiales a los beneficiarios. Por su parte, Romero Oropeza deber\u00e1 coordinarse con las autoridades locales y municipales para establecer los convenios necesarios para la implementaci\u00f3n de esta medida.<a href=\"https:\/\/centrourbano.com\/revista\/author\/rebeca-romero\/\" rel=\"nofollow noopener\" target=\"_blank\"><\/a><\/p>\n","protected":false},"excerpt":{"rendered":"<p>Por: Rebeca Romero La reforma al Infonavit establece que la empresa filial de construcci\u00f3n debe quedar establecida en 30 d\u00edas La reforma a la Ley del&nbsp;Infonavit&nbsp;aprobada por el Pleno del Senado contempla diversos cambios que entrar\u00e1n en vigor al d\u00eda siguiente de la publicaci\u00f3n del decreto en el Diario Oficial de la Federaci\u00f3n. Gobernanza y [&hellip;]<\/p>\n","protected":false},"author":1,"featured_media":16951,"comment_status":"open","ping_status":"closed","sticky":false,"template":"","format":"standard","meta":{"site-sidebar-layout":"default","site-content-layout":"","ast-site-content-layout":"default","site-content-style":"default","site-sidebar-style":"default","ast-global-header-display":"","ast-banner-title-visibility":"","ast-main-header-display":"","ast-hfb-above-header-display":"","ast-hfb-below-header-display":"","ast-hfb-mobile-header-display":"","site-post-title":"","ast-breadcrumbs-content":"","ast-featured-img":"","footer-sml-layout":"","ast-disable-related-posts":"","theme-transparent-header-meta":"","adv-header-id-meta":"","stick-header-meta":"","header-above-stick-meta":"","header-main-stick-meta":"","header-below-stick-meta":"","astra-migrate-meta-layouts":"set","ast-page-background-enabled":"default","ast-page-background-meta":{"desktop":{"background-color":"var(--ast-global-color-4)","background-image":"","background-repeat":"repeat","background-position":"center center","background-size":"auto","background-attachment":"scroll","background-type":"","background-media":"","overlay-type":"","overlay-color":"","overlay-opacity":"","overlay-gradient":""},"tablet":{"background-color":"","background-image":"","background-repeat":"repeat","background-position":"center center","background-size":"auto","background-attachment":"scroll","background-type":"","background-media":"","overlay-type":"","overlay-color":"","overlay-opacity":"","overlay-gradient":""},"mobile":{"background-color":"","background-image":"","background-repeat":"repeat","background-position":"center center","background-size":"auto","background-attachment":"scroll","background-type":"","background-media":"","overlay-type":"","overlay-color":"","overlay-opacity":"","overlay-gradient":""}},"ast-content-background-meta":{"desktop":{"background-color":"var(--ast-global-color-5)","background-image":"","background-repeat":"repeat","background-position":"center center","background-size":"auto","background-attachment":"scroll","background-type":"","background-media":"","overlay-type":"","overlay-color":"","overlay-opacity":"","overlay-gradient":""},"tablet":{"background-color":"var(--ast-global-color-5)","background-image":"","background-repeat":"repeat","background-position":"center center","background-size":"auto","background-attachment":"scroll","background-type":"","background-media":"","overlay-type":"","overlay-color":"","overlay-opacity":"","overlay-gradient":""},"mobile":{"background-color":"var(--ast-global-color-5)","background-image":"","background-repeat":"repeat","background-position":"center center","background-size":"auto","background-attachment":"scroll","background-type":"","background-media":"","overlay-type":"","overlay-color":"","overlay-opacity":"","overlay-gradient":""}},"footnotes":""},"categories":[4],"tags":[102,2055],"class_list":["post-16950","post","type-post","status-publish","format-standard","has-post-thumbnail","hentry","category-noticias","tag-infonavit","tag-reforma"],"_links":{"self":[{"href":"https:\/\/hombresymujeresdelacasa.com\/home\/wp-json\/wp\/v2\/posts\/16950","targetHints":{"allow":["GET"]}}],"collection":[{"href":"https:\/\/hombresymujeresdelacasa.com\/home\/wp-json\/wp\/v2\/posts"}],"about":[{"href":"https:\/\/hombresymujeresdelacasa.com\/home\/wp-json\/wp\/v2\/types\/post"}],"author":[{"embeddable":true,"href":"https:\/\/hombresymujeresdelacasa.com\/home\/wp-json\/wp\/v2\/users\/1"}],"replies":[{"embeddable":true,"href":"https:\/\/hombresymujeresdelacasa.com\/home\/wp-json\/wp\/v2\/comments?post=16950"}],"version-history":[{"count":1,"href":"https:\/\/hombresymujeresdelacasa.com\/home\/wp-json\/wp\/v2\/posts\/16950\/revisions"}],"predecessor-version":[{"id":16952,"href":"https:\/\/hombresymujeresdelacasa.com\/home\/wp-json\/wp\/v2\/posts\/16950\/revisions\/16952"}],"wp:featuredmedia":[{"embeddable":true,"href":"https:\/\/hombresymujeresdelacasa.com\/home\/wp-json\/wp\/v2\/media\/16951"}],"wp:attachment":[{"href":"https:\/\/hombresymujeresdelacasa.com\/home\/wp-json\/wp\/v2\/media?parent=16950"}],"wp:term":[{"taxonomy":"category","embeddable":true,"href":"https:\/\/hombresymujeresdelacasa.com\/home\/wp-json\/wp\/v2\/categories?post=16950"},{"taxonomy":"post_tag","embeddable":true,"href":"https:\/\/hombresymujeresdelacasa.com\/home\/wp-json\/wp\/v2\/tags?post=16950"}],"curies":[{"name":"wp","href":"https:\/\/api.w.org\/{rel}","templated":true}]}}