{"id":16929,"date":"2025-02-13T16:49:05","date_gmt":"2025-02-13T22:49:05","guid":{"rendered":"https:\/\/hombresymujeresdelacasa.com\/home\/?p=16929"},"modified":"2025-02-13T16:49:09","modified_gmt":"2025-02-13T22:49:09","slug":"reforma-al-infonavit-no-tocara-el-ahorro-de-los-trabajadores-cuellar","status":"publish","type":"post","link":"https:\/\/hombresymujeresdelacasa.com\/home\/reforma-al-infonavit-no-tocara-el-ahorro-de-los-trabajadores-cuellar\/","title":{"rendered":"Reforma al Infonavit no tocar\u00e1 el ahorro de los trabajadores: Cu\u00e9llar"},"content":{"rendered":"\n<p>Por: Rebeca Romero <\/p>\n\n\n\n<p><em>Ram\u00edrez Cu\u00e9llar resalt\u00f3 que la reforma al Infonavit le proveer\u00e1 al Instituto diversos \u00f3rganos que resguardar\u00e1n el ahorro de los trabajadores<\/em><\/p>\n\n\n\n<p>El d\u00eda de ayer, las Comisiones Unidas de Vivienda y Estudios Legislativos del<a href=\"https:\/\/www.senado.gob.mx\/\" target=\"_blank\" rel=\"noreferrer noopener nofollow\">&nbsp;Senado<\/a>&nbsp;de la Rep\u00fablica aprobaron, en lo general y en lo particular, la reforma a la Ley del Infonavit. Hoy, el Pleno discute su aprobaci\u00f3n final. No obstante, contin\u00faa la controversia sobre diversos puntos de la reforma, entre ellos la pregunta:&nbsp;<strong>\u00bfel ahorro de los trabajadores est\u00e1 en riesgo?<\/strong><\/p>\n\n\n\n<p>En conferencia de prensa, el senador Alfonso Ram\u00edrez Cu\u00e9llar, vicecoordinador de Morena, afirm\u00f3 que el dinero manejado por el Infonavit y proveniente del&nbsp;<strong>ahorro de los trabajadores formales est\u00e1 seguro y continuar\u00e1 generando rendimientos<\/strong>.<\/p>\n\n\n\n<blockquote class=\"wp-block-quote is-layout-flow wp-block-quote-is-layout-flow\">\n<p>\u201cTodos los ahorros de los trabajadores en las Subcuentas de Vivienda est\u00e1n total y absolutamente garantizados, su resguardo es seguro, porque ahora la vigilancia, control y fiscalizaci\u00f3n de lo que maneje el Infonavit tiene mayores candados\u201d, indic\u00f3.<\/p>\n<\/blockquote>\n\n\n\n<p>El legislador morenista afirm\u00f3 que la reforma brindar\u00e1 al Infonavit diversos \u00f3rganos como la Comisi\u00f3n Nacional Bancaria, Secretar\u00eda de Hacienda, Auditor\u00eda Superior de la Federaci\u00f3n, mediante las cuales se busca garantizar el ahorro de los trabajadores.<\/p>\n\n\n\n<blockquote class=\"wp-block-quote is-layout-flow wp-block-quote-is-layout-flow\">\n<p>\u201cNunca antes en la historia del Instituto hab\u00eda existido un sin n\u00famero de instituciones y de \u00f3rganos de control que garantizaran el resguardo del ahorro de los trabajadores\u201d, coment\u00f3.<\/p>\n<\/blockquote>\n\n\n\n<p>Ram\u00edrez Cu\u00e9llar se\u00f1al\u00f3 que miembros de la oposici\u00f3n han propiciado la desinformaci\u00f3n al afirmar que, con la reforma al Infonavit y la creaci\u00f3n de una empresa filial para la construcci\u00f3n, se pondr\u00e1n en riesgo los 2.4 billones de pesos que maneja el organismo.<\/p>\n\n\n\n<p>Explic\u00f3 que esta cifra representa el total del dinero acumulado, del cual solo una parte es de liquidez inmediata. Adem\u00e1s, detall\u00f3 que, de acuerdo con la ley actual del Infonavit, \u00fanicamente puede utilizarse el&nbsp;<strong>0.55 del total de ellos recursos para gastos de operaci\u00f3n<\/strong>,&nbsp;<strong>apartado seguir\u00e1 vigente<\/strong>&nbsp;en la nueva ley.<\/p>\n\n\n\n<blockquote class=\"wp-block-quote is-layout-flow wp-block-quote-is-layout-flow\">\n<p>\u201c800,000 mdp corresponden a los fondos de inversi\u00f3n, el cual es intocable y que ser\u00e1 una de las \u201ccolumnas vertebrales\u201d del funcionamiento del Instituto, m\u00e1s de un bill\u00f3n est\u00e1 depositado en cr\u00e9ditos, que se mantiene sin ninguna modificaci\u00f3n\u201d, explic\u00f3.<\/p>\n<\/blockquote>\n\n\n\n<p>Finalmente,&nbsp;<strong>Ram\u00edrez Cu\u00e9llar neg\u00f3<\/strong>&nbsp;que los nuevos esquemas de construcci\u00f3n y renta social del&nbsp;<a href=\"https:\/\/centrourbano.com\/revista\/?s=infonavit\" target=\"_blank\" rel=\"noreferrer noopener nofollow\">Infonavit<\/a>&nbsp;pondr\u00e1n&nbsp;<strong>en riesgo el ahorro de los derechohabientes<\/strong>.<\/p>\n\n\n\n<p>\u00abNo se toca absolutamente ning\u00fan ahorro de los trabajadores. Es falso lo que dicen algunos grupos parlamentarios que est\u00e1n en riesgo las Subcuentas de Vivienda, esto es una mentira porque no se toca el fondo de inversiones, ni m\u00e1s del bill\u00f3n de pesos en cr\u00e9ditos disponibles\u201d, concluy\u00f3.<a href=\"https:\/\/centrourbano.com\/revista\/author\/rebeca-romero\/\" rel=\"nofollow noopener\" target=\"_blank\"><\/a><\/p>\n","protected":false},"excerpt":{"rendered":"<p>Por: Rebeca Romero Ram\u00edrez Cu\u00e9llar resalt\u00f3 que la reforma al Infonavit le proveer\u00e1 al Instituto diversos \u00f3rganos que resguardar\u00e1n el ahorro de los trabajadores El d\u00eda de ayer, las Comisiones Unidas de Vivienda y Estudios Legislativos del&nbsp;Senado&nbsp;de la Rep\u00fablica aprobaron, en lo general y en lo particular, la reforma a la Ley del Infonavit. Hoy, [&hellip;]<\/p>\n","protected":false},"author":1,"featured_media":16930,"comment_status":"open","ping_status":"closed","sticky":false,"template":"","format":"standard","meta":{"site-sidebar-layout":"default","site-content-layout":"","ast-site-content-layout":"default","site-content-style":"default","site-sidebar-style":"default","ast-global-header-display":"","ast-banner-title-visibility":"","ast-main-header-display":"","ast-hfb-above-header-display":"","ast-hfb-below-header-display":"","ast-hfb-mobile-header-display":"","site-post-title":"","ast-breadcrumbs-content":"","ast-featured-img":"","footer-sml-layout":"","ast-disable-related-posts":"","theme-transparent-header-meta":"","adv-header-id-meta":"","stick-header-meta":"","header-above-stick-meta":"","header-main-stick-meta":"","header-below-stick-meta":"","astra-migrate-meta-layouts":"set","ast-page-background-enabled":"default","ast-page-background-meta":{"desktop":{"background-color":"var(--ast-global-color-4)","background-image":"","background-repeat":"repeat","background-position":"center center","background-size":"auto","background-attachment":"scroll","background-type":"","background-media":"","overlay-type":"","overlay-color":"","overlay-opacity":"","overlay-gradient":""},"tablet":{"background-color":"","background-image":"","background-repeat":"repeat","background-position":"center center","background-size":"auto","background-attachment":"scroll","background-type":"","background-media":"","overlay-type":"","overlay-color":"","overlay-opacity":"","overlay-gradient":""},"mobile":{"background-color":"","background-image":"","background-repeat":"repeat","background-position":"center center","background-size":"auto","background-attachment":"scroll","background-type":"","background-media":"","overlay-type":"","overlay-color":"","overlay-opacity":"","overlay-gradient":""}},"ast-content-background-meta":{"desktop":{"background-color":"var(--ast-global-color-5)","background-image":"","background-repeat":"repeat","background-position":"center center","background-size":"auto","background-attachment":"scroll","background-type":"","background-media":"","overlay-type":"","overlay-color":"","overlay-opacity":"","overlay-gradient":""},"tablet":{"background-color":"var(--ast-global-color-5)","background-image":"","background-repeat":"repeat","background-position":"center center","background-size":"auto","background-attachment":"scroll","background-type":"","background-media":"","overlay-type":"","overlay-color":"","overlay-opacity":"","overlay-gradient":""},"mobile":{"background-color":"var(--ast-global-color-5)","background-image":"","background-repeat":"repeat","background-position":"center center","background-size":"auto","background-attachment":"scroll","background-type":"","background-media":"","overlay-type":"","overlay-color":"","overlay-opacity":"","overlay-gradient":""}},"footnotes":""},"categories":[4],"tags":[102,3384,177],"class_list":["post-16929","post","type-post","status-publish","format-standard","has-post-thumbnail","hentry","category-noticias","tag-infonavit","tag-reforma-al-infonavit","tag-vivienda"],"_links":{"self":[{"href":"https:\/\/hombresymujeresdelacasa.com\/home\/wp-json\/wp\/v2\/posts\/16929","targetHints":{"allow":["GET"]}}],"collection":[{"href":"https:\/\/hombresymujeresdelacasa.com\/home\/wp-json\/wp\/v2\/posts"}],"about":[{"href":"https:\/\/hombresymujeresdelacasa.com\/home\/wp-json\/wp\/v2\/types\/post"}],"author":[{"embeddable":true,"href":"https:\/\/hombresymujeresdelacasa.com\/home\/wp-json\/wp\/v2\/users\/1"}],"replies":[{"embeddable":true,"href":"https:\/\/hombresymujeresdelacasa.com\/home\/wp-json\/wp\/v2\/comments?post=16929"}],"version-history":[{"count":1,"href":"https:\/\/hombresymujeresdelacasa.com\/home\/wp-json\/wp\/v2\/posts\/16929\/revisions"}],"predecessor-version":[{"id":16931,"href":"https:\/\/hombresymujeresdelacasa.com\/home\/wp-json\/wp\/v2\/posts\/16929\/revisions\/16931"}],"wp:featuredmedia":[{"embeddable":true,"href":"https:\/\/hombresymujeresdelacasa.com\/home\/wp-json\/wp\/v2\/media\/16930"}],"wp:attachment":[{"href":"https:\/\/hombresymujeresdelacasa.com\/home\/wp-json\/wp\/v2\/media?parent=16929"}],"wp:term":[{"taxonomy":"category","embeddable":true,"href":"https:\/\/hombresymujeresdelacasa.com\/home\/wp-json\/wp\/v2\/categories?post=16929"},{"taxonomy":"post_tag","embeddable":true,"href":"https:\/\/hombresymujeresdelacasa.com\/home\/wp-json\/wp\/v2\/tags?post=16929"}],"curies":[{"name":"wp","href":"https:\/\/api.w.org\/{rel}","templated":true}]}}