{"id":16840,"date":"2025-02-05T17:57:32","date_gmt":"2025-02-05T23:57:32","guid":{"rendered":"https:\/\/hombresymujeresdelacasa.com\/home\/?p=16840"},"modified":"2025-02-05T17:57:37","modified_gmt":"2025-02-05T23:57:37","slug":"pvb-se-realizaran-26200-acciones-de-vivienda-en-durango","status":"publish","type":"post","link":"https:\/\/hombresymujeresdelacasa.com\/home\/pvb-se-realizaran-26200-acciones-de-vivienda-en-durango\/","title":{"rendered":"PVB: Se realizar\u00e1n 26,200 acciones de vivienda en Durango"},"content":{"rendered":"\n<p>Por: Fernanda Hern\u00e1ndez <\/p>\n\n\n\n<p><em>De las acciones proyectadas para Durango, 5,800 viviendas nuevas ser\u00e1n para derechohabientes del Infonavit y 5,400 a trav\u00e9s de la Conavi<\/em><\/p>\n\n\n\n<p>La&nbsp;<strong>Secretar\u00eda de Desarrollo Agrario, Territorial y Urbano<\/strong>&nbsp;(<strong>Sedatu<\/strong>) y el&nbsp;<strong>Gobierno de Durango<\/strong>&nbsp;firmaron un&nbsp;<a href=\"https:\/\/x.com\/EVillegasV\/status\/1885378112482931054\" target=\"_blank\" rel=\"noreferrer noopener nofollow\">convenio de colaboraci\u00f3n<\/a>&nbsp;para implementar el&nbsp;<strong>Programa de Vivienda para el Bienestar&nbsp;<\/strong>(<strong>PVB<\/strong>) en la entidad.<\/p>\n\n\n\n<p>De esta manera, durante el presente sexenio se proyecta realizar&nbsp;<strong>26,200 acciones<\/strong>&nbsp;en beneficio de la poblaci\u00f3n duranguense m\u00e1s vulnerable.<\/p>\n\n\n\n<p>De dicho total, 5,800 viviendas nuevas ser\u00e1n para personas derechohabientes del&nbsp;<strong>Instituto del Fondo Nacional de la Vivienda para los Trabajadores<\/strong>&nbsp;(<strong>Infonavit<\/strong>) y 5,400 para no derechohabientes a trav\u00e9s de la&nbsp;<strong>Comisi\u00f3n Nacional de Vivienda<\/strong>&nbsp;(<strong>Conavi<\/strong>).<\/p>\n\n\n\n<p>\u201cEste programa forma parte de una estrategia integral del gobierno para garantizar el bienestar de la poblaci\u00f3n y contribuir a reducir el d\u00e9ficit habitacional en la regi\u00f3n. Adem\u00e1s de la&nbsp;<strong>construcci\u00f3n de viviendas<\/strong>, el programa incluye la&nbsp;<strong>regularizaci\u00f3n de terrenos&nbsp;<\/strong>y la&nbsp;<strong>entrega de t\u00edtulos de propiedad<\/strong>, lo cual proporcionar\u00e1 mayor estabilidad y seguridad a las familias duranguenses\u201d, destac\u00f3&nbsp;<strong>V\u00edctor Hugo Hofmann Aguirre, subsecretario de Ordenamiento Territorial, Urbano y Vivienda de la Sedatu<\/strong>.<\/p>\n\n\n\n<p>Por su parte,&nbsp;<strong>Octavio Romero Oropeza, director general del Infonavit<\/strong>, inform\u00f3 que, de acuerdo con datos de la&nbsp;<strong>Encuesta Nacional de Vivienda 2020<\/strong>, en Durango se necesitan 104,000 viviendas, pero actualmente se producen solo 1,300 viviendas al a\u00f1o, que son comercializadas con cr\u00e9dito Infonavit o bancario.<\/p>\n\n\n\n<p>\u201cEn este estado, el&nbsp;<strong>Infonavit<\/strong>&nbsp;tiene registrado 110,000 derechohabientes que pueden acceder a un cr\u00e9dito para vivienda nueva. De ellos, 84,000 ganan dos salarios m\u00ednimos o menos\u201d, report\u00f3.<\/p>\n\n\n\n<p><strong>Jos\u00e9 Alfonso Iracheta Carroll, director general del Instituto Nacional del Suelo Sustentable<\/strong>&nbsp;(<strong>Insus<\/strong>), coment\u00f3 que este sexenio se entregar\u00e1n m\u00e1s de 15,000 escrituraciones en Durango.<\/p>\n\n\n\n<p>Adem\u00e1s, mencion\u00f3 que uno de los objetivos del&nbsp;<strong>PVB<\/strong>&nbsp;es ofrecer seguridad jur\u00eddica para que los beneficiarios puedan contar con propiedades legalmente reconocidas.<\/p>\n\n\n\n<p>Finalmente,&nbsp;<strong>Esteban Villegas Villareal, gobernador de Durango<\/strong>, destac\u00f3 la importancia de esta alianza entre gobiernos para fortalecer la infraestructura habitacional en el estado y mejorar la calidad de vida de miles de familias.<\/p>\n\n\n\n<p>\u201cLa implementaci\u00f3n del&nbsp;<strong>PVB<\/strong>&nbsp;se llevar\u00e1 a cabo en varias etapas, comenzando en las localidades m\u00e1s necesitadas, con un enfoque especial en aquellos municipios que carecen de los recursos necesarios para la construcci\u00f3n de viviendas adecuadas\u201d, dijo.<a href=\"https:\/\/centrourbano.com\/revista\/author\/fernanda-hernandez\/\" rel=\"nofollow noopener\" target=\"_blank\"><\/a><\/p>\n","protected":false},"excerpt":{"rendered":"<p>Por: Fernanda Hern\u00e1ndez De las acciones proyectadas para Durango, 5,800 viviendas nuevas ser\u00e1n para derechohabientes del Infonavit y 5,400 a trav\u00e9s de la Conavi La&nbsp;Secretar\u00eda de Desarrollo Agrario, Territorial y Urbano&nbsp;(Sedatu) y el&nbsp;Gobierno de Durango&nbsp;firmaron un&nbsp;convenio de colaboraci\u00f3n&nbsp;para implementar el&nbsp;Programa de Vivienda para el Bienestar&nbsp;(PVB) en la entidad. De esta manera, durante el presente sexenio [&hellip;]<\/p>\n","protected":false},"author":1,"featured_media":16841,"comment_status":"open","ping_status":"closed","sticky":false,"template":"","format":"standard","meta":{"site-sidebar-layout":"default","site-content-layout":"","ast-site-content-layout":"default","site-content-style":"default","site-sidebar-style":"default","ast-global-header-display":"","ast-banner-title-visibility":"","ast-main-header-display":"","ast-hfb-above-header-display":"","ast-hfb-below-header-display":"","ast-hfb-mobile-header-display":"","site-post-title":"","ast-breadcrumbs-content":"","ast-featured-img":"","footer-sml-layout":"","ast-disable-related-posts":"","theme-transparent-header-meta":"","adv-header-id-meta":"","stick-header-meta":"","header-above-stick-meta":"","header-main-stick-meta":"","header-below-stick-meta":"","astra-migrate-meta-layouts":"set","ast-page-background-enabled":"default","ast-page-background-meta":{"desktop":{"background-color":"var(--ast-global-color-4)","background-image":"","background-repeat":"repeat","background-position":"center center","background-size":"auto","background-attachment":"scroll","background-type":"","background-media":"","overlay-type":"","overlay-color":"","overlay-opacity":"","overlay-gradient":""},"tablet":{"background-color":"","background-image":"","background-repeat":"repeat","background-position":"center center","background-size":"auto","background-attachment":"scroll","background-type":"","background-media":"","overlay-type":"","overlay-color":"","overlay-opacity":"","overlay-gradient":""},"mobile":{"background-color":"","background-image":"","background-repeat":"repeat","background-position":"center center","background-size":"auto","background-attachment":"scroll","background-type":"","background-media":"","overlay-type":"","overlay-color":"","overlay-opacity":"","overlay-gradient":""}},"ast-content-background-meta":{"desktop":{"background-color":"var(--ast-global-color-5)","background-image":"","background-repeat":"repeat","background-position":"center center","background-size":"auto","background-attachment":"scroll","background-type":"","background-media":"","overlay-type":"","overlay-color":"","overlay-opacity":"","overlay-gradient":""},"tablet":{"background-color":"var(--ast-global-color-5)","background-image":"","background-repeat":"repeat","background-position":"center center","background-size":"auto","background-attachment":"scroll","background-type":"","background-media":"","overlay-type":"","overlay-color":"","overlay-opacity":"","overlay-gradient":""},"mobile":{"background-color":"var(--ast-global-color-5)","background-image":"","background-repeat":"repeat","background-position":"center center","background-size":"auto","background-attachment":"scroll","background-type":"","background-media":"","overlay-type":"","overlay-color":"","overlay-opacity":"","overlay-gradient":""}},"footnotes":""},"categories":[4],"tags":[49,69,176,177],"class_list":["post-16840","post","type-post","status-publish","format-standard","has-post-thumbnail","hentry","category-noticias","tag-conavi","tag-durango","tag-vinte","tag-vivienda"],"_links":{"self":[{"href":"https:\/\/hombresymujeresdelacasa.com\/home\/wp-json\/wp\/v2\/posts\/16840","targetHints":{"allow":["GET"]}}],"collection":[{"href":"https:\/\/hombresymujeresdelacasa.com\/home\/wp-json\/wp\/v2\/posts"}],"about":[{"href":"https:\/\/hombresymujeresdelacasa.com\/home\/wp-json\/wp\/v2\/types\/post"}],"author":[{"embeddable":true,"href":"https:\/\/hombresymujeresdelacasa.com\/home\/wp-json\/wp\/v2\/users\/1"}],"replies":[{"embeddable":true,"href":"https:\/\/hombresymujeresdelacasa.com\/home\/wp-json\/wp\/v2\/comments?post=16840"}],"version-history":[{"count":2,"href":"https:\/\/hombresymujeresdelacasa.com\/home\/wp-json\/wp\/v2\/posts\/16840\/revisions"}],"predecessor-version":[{"id":16843,"href":"https:\/\/hombresymujeresdelacasa.com\/home\/wp-json\/wp\/v2\/posts\/16840\/revisions\/16843"}],"wp:featuredmedia":[{"embeddable":true,"href":"https:\/\/hombresymujeresdelacasa.com\/home\/wp-json\/wp\/v2\/media\/16841"}],"wp:attachment":[{"href":"https:\/\/hombresymujeresdelacasa.com\/home\/wp-json\/wp\/v2\/media?parent=16840"}],"wp:term":[{"taxonomy":"category","embeddable":true,"href":"https:\/\/hombresymujeresdelacasa.com\/home\/wp-json\/wp\/v2\/categories?post=16840"},{"taxonomy":"post_tag","embeddable":true,"href":"https:\/\/hombresymujeresdelacasa.com\/home\/wp-json\/wp\/v2\/tags?post=16840"}],"curies":[{"name":"wp","href":"https:\/\/api.w.org\/{rel}","templated":true}]}}