{"id":16810,"date":"2025-02-04T15:02:35","date_gmt":"2025-02-04T21:02:35","guid":{"rendered":"https:\/\/hombresymujeresdelacasa.com\/home\/?p=16810"},"modified":"2025-02-04T15:02:39","modified_gmt":"2025-02-04T21:02:39","slug":"aprueban-diputados-reforma-a-la-ley-del-infonavit","status":"publish","type":"post","link":"https:\/\/hombresymujeresdelacasa.com\/home\/aprueban-diputados-reforma-a-la-ley-del-infonavit\/","title":{"rendered":"Aprueban Diputados reforma a la Ley del Infonavit"},"content":{"rendered":"\n<p>Por: Fernanda Hern\u00e1ndez <\/p>\n\n\n\n<p><em>De esta manera, los recursos del Infonavit, o bajo su administraci\u00f3n, se destinar\u00e1n a la construcci\u00f3n de vivienda de inter\u00e9s social<\/em><\/p>\n\n\n\n<p>La&nbsp;<strong>C\u00e1mara de Diputados<\/strong>&nbsp;aprob\u00f3, en lo general y en lo particular, la iniciativa para reformar, adicionar y derogar diversas disposiciones de la&nbsp;<strong>Ley del Instituto del Fondo Nacional de la Vivienda para los Trabajadores<\/strong>&nbsp;(<strong>Infonavit<\/strong>) y de la&nbsp;<strong>Ley Federal del Trabajo<\/strong>, en materia de vivienda con orientaci\u00f3n social.<\/p>\n\n\n\n<p>De esta manera, los recursos del&nbsp;<strong>Infonavit<\/strong>, o aquellos que est\u00e9n bajo su administraci\u00f3n, podr\u00e1n destinarse a la&nbsp;<strong>construcci\u00f3n de vivienda<\/strong>, por conducto de una empresa filial. Esto con el prop\u00f3sito de fomentar la oferta destinada al&nbsp;<strong>arrendamiento social<\/strong>&nbsp;o&nbsp;<strong>adquisici\u00f3n<\/strong>&nbsp;en favor de las personas derechohabientes, as\u00ed como el desarrollo econ\u00f3mico local y la generaci\u00f3n de empleos.<\/p>\n\n\n\n<p>Asimismo, la iniciativa precisa que la&nbsp;<strong>Direcci\u00f3n General del Infonavit<\/strong>&nbsp;deber\u00e1 poner a disposici\u00f3n del p\u00fablico en general, en forma peri\u00f3dica y a trav\u00e9s de su p\u00e1gina de Internet, informaci\u00f3n clara, sencilla, precisa, confiable y actualizada que permita conocer la situaci\u00f3n financiera, administrativa, operacional, econ\u00f3mica y jur\u00eddica, as\u00ed como los riesgos relacionados con el fondo que contiene los recursos y de su empresa filial, sus proyectos de construcci\u00f3n, proveedores contratados, entre otros asuntos que considere conveniente.<\/p>\n\n\n\n<p>Adem\u00e1s, el&nbsp;<strong>Consejo de Administraci\u00f3n del&nbsp;<a href=\"https:\/\/centrourbano.com\/revista\/vivienda\/infonavit-constructores-locales-tabasco\/\" target=\"_blank\" rel=\"noreferrer noopener nofollow\">Instituto<\/a><\/strong>&nbsp;tendr\u00e1 la atribuci\u00f3n y facultad de aprobar anualmente el presupuesto de gastos de administraci\u00f3n, operaci\u00f3n y vigilancia, as\u00ed como el presupuesto de inversi\u00f3n en construcci\u00f3n. Esto garantizar\u00e1 que se destinen los recursos suficientes para el otorgamiento de cr\u00e9dito a las personas derechohabientes, conforme al programa de inversi\u00f3n habitacional que la Asamblea General apruebe en el plan financiero de cada a\u00f1o.<\/p>\n\n\n\n<p>Y, finalmente, se estipula que la&nbsp;<strong>Secretar\u00eda de Hacienda y Cr\u00e9dito P\u00fablico<\/strong>&nbsp;(<strong>SHCP<\/strong>), auxiliada por la&nbsp;<strong>Comisi\u00f3n Nacional Bancaria y de Valores<\/strong>&nbsp;(<strong>CNBV<\/strong>), fijar\u00e1 las normas de car\u00e1cter prudencial y sanas pr\u00e1cticas a que se sujetar\u00e1n las operaciones en materia crediticia que realice el Infonavit.<\/p>\n\n\n\n<p>El dictamen, que deriva de una iniciativa presentada por el Ejecutivo Federal, se devolvi\u00f3 al&nbsp;<strong>Senado de la Rep\u00fablica<\/strong>&nbsp;para los efectos del inciso e) del art\u00edculo 72 constitucional.<\/p>\n\n\n\n<p><\/p>\n","protected":false},"excerpt":{"rendered":"<p>Por: Fernanda Hern\u00e1ndez De esta manera, los recursos del Infonavit, o bajo su administraci\u00f3n, se destinar\u00e1n a la construcci\u00f3n de vivienda de inter\u00e9s social La&nbsp;C\u00e1mara de Diputados&nbsp;aprob\u00f3, en lo general y en lo particular, la iniciativa para reformar, adicionar y derogar diversas disposiciones de la&nbsp;Ley del Instituto del Fondo Nacional de la Vivienda para los [&hellip;]<\/p>\n","protected":false},"author":1,"featured_media":16812,"comment_status":"open","ping_status":"closed","sticky":false,"template":"","format":"standard","meta":{"site-sidebar-layout":"default","site-content-layout":"","ast-site-content-layout":"default","site-content-style":"default","site-sidebar-style":"default","ast-global-header-display":"","ast-banner-title-visibility":"","ast-main-header-display":"","ast-hfb-above-header-display":"","ast-hfb-below-header-display":"","ast-hfb-mobile-header-display":"","site-post-title":"","ast-breadcrumbs-content":"","ast-featured-img":"","footer-sml-layout":"","ast-disable-related-posts":"","theme-transparent-header-meta":"","adv-header-id-meta":"","stick-header-meta":"","header-above-stick-meta":"","header-main-stick-meta":"","header-below-stick-meta":"","astra-migrate-meta-layouts":"set","ast-page-background-enabled":"default","ast-page-background-meta":{"desktop":{"background-color":"var(--ast-global-color-4)","background-image":"","background-repeat":"repeat","background-position":"center center","background-size":"auto","background-attachment":"scroll","background-type":"","background-media":"","overlay-type":"","overlay-color":"","overlay-opacity":"","overlay-gradient":""},"tablet":{"background-color":"","background-image":"","background-repeat":"repeat","background-position":"center center","background-size":"auto","background-attachment":"scroll","background-type":"","background-media":"","overlay-type":"","overlay-color":"","overlay-opacity":"","overlay-gradient":""},"mobile":{"background-color":"","background-image":"","background-repeat":"repeat","background-position":"center center","background-size":"auto","background-attachment":"scroll","background-type":"","background-media":"","overlay-type":"","overlay-color":"","overlay-opacity":"","overlay-gradient":""}},"ast-content-background-meta":{"desktop":{"background-color":"var(--ast-global-color-5)","background-image":"","background-repeat":"repeat","background-position":"center center","background-size":"auto","background-attachment":"scroll","background-type":"","background-media":"","overlay-type":"","overlay-color":"","overlay-opacity":"","overlay-gradient":""},"tablet":{"background-color":"var(--ast-global-color-5)","background-image":"","background-repeat":"repeat","background-position":"center center","background-size":"auto","background-attachment":"scroll","background-type":"","background-media":"","overlay-type":"","overlay-color":"","overlay-opacity":"","overlay-gradient":""},"mobile":{"background-color":"var(--ast-global-color-5)","background-image":"","background-repeat":"repeat","background-position":"center center","background-size":"auto","background-attachment":"scroll","background-type":"","background-media":"","overlay-type":"","overlay-color":"","overlay-opacity":"","overlay-gradient":""}},"footnotes":""},"categories":[4],"tags":[102,6586,1583],"class_list":["post-16810","post","type-post","status-publish","format-standard","has-post-thumbnail","hentry","category-noticias","tag-infonavit","tag-ley-federal-de-trabajo","tag-shcp"],"_links":{"self":[{"href":"https:\/\/hombresymujeresdelacasa.com\/home\/wp-json\/wp\/v2\/posts\/16810","targetHints":{"allow":["GET"]}}],"collection":[{"href":"https:\/\/hombresymujeresdelacasa.com\/home\/wp-json\/wp\/v2\/posts"}],"about":[{"href":"https:\/\/hombresymujeresdelacasa.com\/home\/wp-json\/wp\/v2\/types\/post"}],"author":[{"embeddable":true,"href":"https:\/\/hombresymujeresdelacasa.com\/home\/wp-json\/wp\/v2\/users\/1"}],"replies":[{"embeddable":true,"href":"https:\/\/hombresymujeresdelacasa.com\/home\/wp-json\/wp\/v2\/comments?post=16810"}],"version-history":[{"count":1,"href":"https:\/\/hombresymujeresdelacasa.com\/home\/wp-json\/wp\/v2\/posts\/16810\/revisions"}],"predecessor-version":[{"id":16813,"href":"https:\/\/hombresymujeresdelacasa.com\/home\/wp-json\/wp\/v2\/posts\/16810\/revisions\/16813"}],"wp:featuredmedia":[{"embeddable":true,"href":"https:\/\/hombresymujeresdelacasa.com\/home\/wp-json\/wp\/v2\/media\/16812"}],"wp:attachment":[{"href":"https:\/\/hombresymujeresdelacasa.com\/home\/wp-json\/wp\/v2\/media?parent=16810"}],"wp:term":[{"taxonomy":"category","embeddable":true,"href":"https:\/\/hombresymujeresdelacasa.com\/home\/wp-json\/wp\/v2\/categories?post=16810"},{"taxonomy":"post_tag","embeddable":true,"href":"https:\/\/hombresymujeresdelacasa.com\/home\/wp-json\/wp\/v2\/tags?post=16810"}],"curies":[{"name":"wp","href":"https:\/\/api.w.org\/{rel}","templated":true}]}}