{"id":1677,"date":"2017-07-18T13:33:30","date_gmt":"2017-07-18T18:33:30","guid":{"rendered":"http:\/\/hombresymujeresdelacasa.com\/?p=1677"},"modified":"2017-10-23T10:35:32","modified_gmt":"2017-10-23T16:35:32","slug":"ruv-y-ancsac-firmaron-convenio-de-colaboracion","status":"publish","type":"post","link":"https:\/\/hombresymujeresdelacasa.com\/home\/ruv-y-ancsac-firmaron-convenio-de-colaboracion\/","title":{"rendered":"RUV y Ancsac firmaron convenio de colaboraci\u00f3n"},"content":{"rendered":"<p>Por: Edgar Rosas<\/p>\n<p><em>El objetivo, se\u00f1alaron, permitir\u00e1 consolidar los procesos de verificaci\u00f3n de la vivienda en la plataforma tecnol\u00f3gica del RUV<\/em><span id=\"more-56585\"><\/span><\/p>\n<p>El Registro \u00danico de Vivienda (RUV) y la Asociaci\u00f3n Nacional de Compa\u00f1\u00edas de Supervisi\u00f3n (Ancsac) firmaron un convenio de colaboraci\u00f3n, a trav\u00e9s del cual ambos organismo se comprometieron a robustecer la coordinaci\u00f3n e intercambiar informaci\u00f3n.<\/p>\n<p>Con el acuerdo, se\u00f1alaron los involucrados, se profundizar\u00e1 en objetivos comunes entre ambos organismos, as\u00ed como en el cumplimiento de sus metas individuales.<\/p>\n<p>La firma fue encabezada por Luis Fernando Alv\u00eddrez D\u00edaz, director general del RUV, y el presidente de la Ancsac, Marcelo Hern\u00e1ndez Gonz\u00e1lez, quienes destacaron que con el documento se impulsar\u00e1, entre otras cosas:<\/p>\n<p>\u2022 Capacitaci\u00f3n de los procesos y mecanismos para el registro de la verificaci\u00f3n ante el RUV a miembros de la Ancsac.<br \/>\n\u2022 Agilizar los procesos de cobro y pago de verificaci\u00f3n que se realizan en la plataforma de RUV.<br \/>\n\u2022 La Ancsac promover\u00e1 ante los organismos nacionales y estatales de vivienda la verificaci\u00f3n de viviendas usadas y subastadas, lo que ampliar\u00e1 la base de datos que el RUV puede proporcionar en todos los tipos de vivienda que se transaccionan en el pa\u00eds.<br \/>\n\u2022 De igual manera se trabajar\u00e1 de manera conjunta para procurar que la asignaci\u00f3n de verificadores se lleve a cabo con base a criterios regi\u00f3n y proximidad.<\/p>\n<p>El acuerdo, se\u00f1al\u00f3 el RUV, consolida a la instituci\u00f3n como \u201cla principal plataforma operativa y tecnol\u00f3gica del sector vivienda, capaz de integrarse a los diversos eslabones del ciclo de planeaci\u00f3n, construcci\u00f3n y venta, con el suministro de informaci\u00f3n oportuna y confiable\u201d.<\/p>\n","protected":false},"excerpt":{"rendered":"<p>Por: Edgar Rosas El objetivo, se\u00f1alaron, permitir\u00e1 consolidar los procesos de verificaci\u00f3n de la vivienda en la plataforma tecnol\u00f3gica del RUV El Registro \u00danico de Vivienda (RUV) y la Asociaci\u00f3n Nacional de Compa\u00f1\u00edas de Supervisi\u00f3n (Ancsac) firmaron un convenio de colaboraci\u00f3n, a trav\u00e9s del cual ambos organismo se comprometieron a robustecer la coordinaci\u00f3n e intercambiar [&hellip;]<\/p>\n","protected":false},"author":2,"featured_media":2024,"comment_status":"open","ping_status":"open","sticky":false,"template":"","format":"standard","meta":{"site-sidebar-layout":"default","site-content-layout":"","ast-site-content-layout":"default","site-content-style":"default","site-sidebar-style":"default","ast-global-header-display":"","ast-banner-title-visibility":"","ast-main-header-display":"","ast-hfb-above-header-display":"","ast-hfb-below-header-display":"","ast-hfb-mobile-header-display":"","site-post-title":"","ast-breadcrumbs-content":"","ast-featured-img":"","footer-sml-layout":"","ast-disable-related-posts":"","theme-transparent-header-meta":"","adv-header-id-meta":"","stick-header-meta":"","header-above-stick-meta":"","header-main-stick-meta":"","header-below-stick-meta":"","astra-migrate-meta-layouts":"default","ast-page-background-enabled":"default","ast-page-background-meta":{"desktop":{"background-color":"var(--ast-global-color-4)","background-image":"","background-repeat":"repeat","background-position":"center center","background-size":"auto","background-attachment":"scroll","background-type":"","background-media":"","overlay-type":"","overlay-color":"","overlay-opacity":"","overlay-gradient":""},"tablet":{"background-color":"","background-image":"","background-repeat":"repeat","background-position":"center center","background-size":"auto","background-attachment":"scroll","background-type":"","background-media":"","overlay-type":"","overlay-color":"","overlay-opacity":"","overlay-gradient":""},"mobile":{"background-color":"","background-image":"","background-repeat":"repeat","background-position":"center center","background-size":"auto","background-attachment":"scroll","background-type":"","background-media":"","overlay-type":"","overlay-color":"","overlay-opacity":"","overlay-gradient":""}},"ast-content-background-meta":{"desktop":{"background-color":"var(--ast-global-color-5)","background-image":"","background-repeat":"repeat","background-position":"center center","background-size":"auto","background-attachment":"scroll","background-type":"","background-media":"","overlay-type":"","overlay-color":"","overlay-opacity":"","overlay-gradient":""},"tablet":{"background-color":"var(--ast-global-color-5)","background-image":"","background-repeat":"repeat","background-position":"center center","background-size":"auto","background-attachment":"scroll","background-type":"","background-media":"","overlay-type":"","overlay-color":"","overlay-opacity":"","overlay-gradient":""},"mobile":{"background-color":"var(--ast-global-color-5)","background-image":"","background-repeat":"repeat","background-position":"center center","background-size":"auto","background-attachment":"scroll","background-type":"","background-media":"","overlay-type":"","overlay-color":"","overlay-opacity":"","overlay-gradient":""}},"footnotes":""},"categories":[4],"tags":[15,139,177],"class_list":["post-1677","post","type-post","status-publish","format-standard","has-post-thumbnail","hentry","category-noticias","tag-ancsac","tag-ruv","tag-vivienda"],"_links":{"self":[{"href":"https:\/\/hombresymujeresdelacasa.com\/home\/wp-json\/wp\/v2\/posts\/1677","targetHints":{"allow":["GET"]}}],"collection":[{"href":"https:\/\/hombresymujeresdelacasa.com\/home\/wp-json\/wp\/v2\/posts"}],"about":[{"href":"https:\/\/hombresymujeresdelacasa.com\/home\/wp-json\/wp\/v2\/types\/post"}],"author":[{"embeddable":true,"href":"https:\/\/hombresymujeresdelacasa.com\/home\/wp-json\/wp\/v2\/users\/2"}],"replies":[{"embeddable":true,"href":"https:\/\/hombresymujeresdelacasa.com\/home\/wp-json\/wp\/v2\/comments?post=1677"}],"version-history":[{"count":1,"href":"https:\/\/hombresymujeresdelacasa.com\/home\/wp-json\/wp\/v2\/posts\/1677\/revisions"}],"predecessor-version":[{"id":2025,"href":"https:\/\/hombresymujeresdelacasa.com\/home\/wp-json\/wp\/v2\/posts\/1677\/revisions\/2025"}],"wp:featuredmedia":[{"embeddable":true,"href":"https:\/\/hombresymujeresdelacasa.com\/home\/wp-json\/wp\/v2\/media\/2024"}],"wp:attachment":[{"href":"https:\/\/hombresymujeresdelacasa.com\/home\/wp-json\/wp\/v2\/media?parent=1677"}],"wp:term":[{"taxonomy":"category","embeddable":true,"href":"https:\/\/hombresymujeresdelacasa.com\/home\/wp-json\/wp\/v2\/categories?post=1677"},{"taxonomy":"post_tag","embeddable":true,"href":"https:\/\/hombresymujeresdelacasa.com\/home\/wp-json\/wp\/v2\/tags?post=1677"}],"curies":[{"name":"wp","href":"https:\/\/api.w.org\/{rel}","templated":true}]}}