{"id":16765,"date":"2025-01-28T15:37:15","date_gmt":"2025-01-28T21:37:15","guid":{"rendered":"https:\/\/hombresymujeresdelacasa.com\/home\/?p=16765"},"modified":"2025-01-28T15:37:20","modified_gmt":"2025-01-28T21:37:20","slug":"gcdmx-combatira-la-gentrificacion-brugada","status":"publish","type":"post","link":"https:\/\/hombresymujeresdelacasa.com\/home\/gcdmx-combatira-la-gentrificacion-brugada\/","title":{"rendered":"GCDMX combatir\u00e1 la gentrificaci\u00f3n: Brugada"},"content":{"rendered":"\n<p>Por: Rebeca Romero <\/p>\n\n\n\n<p><em>A trav\u00e9s de vivienda nueva, accesible y rehabilitada, el gobierno capitalino combatir la gentrificaci\u00f3n<\/em><\/p>\n\n\n\n<p>A 100 d\u00edas de haber asumido la Jefatura de Gobierno de la Ciudad de M\u00e9xico (<a href=\"https:\/\/www.cdmx.gob.mx\/\" target=\"_blank\" rel=\"noreferrer noopener nofollow\">GCDMX<\/a>), Clara Brugada Molina destac\u00f3 que su administraci\u00f3n impulsar\u00e1 una serie de acciones para&nbsp;<strong>combatir la&nbsp;<a href=\"https:\/\/centrourbano.com\/revista\/?s=gentrificacion\" target=\"_blank\" rel=\"noreferrer noopener nofollow\">gentrificaci\u00f3n<\/a>&nbsp;y atender el d\u00e9ficit de vivienda<\/strong>&nbsp;en la capital del pa\u00eds.<\/p>\n\n\n\n<p>En los \u00faltimos a\u00f1os, la gentrificaci\u00f3n ha afectado a miles de capitalinos y diversas zonas de la ciudad. Por ello, la mandataria capitalina subray\u00f3 que est\u00e1 trabajando en la implementaci\u00f3n de una&nbsp;<strong>pol\u00edtica p\u00fablica<\/strong>&nbsp;para erradicar esta problem\u00e1tica.<\/p>\n\n\n\n<blockquote class=\"wp-block-quote is-layout-flow wp-block-quote-is-layout-flow\">\n<p>\u201cVamos a combatir la gentrificaci\u00f3n en la Ciudad de M\u00e9xico con una pol\u00edtica p\u00fablica de vivienda, con vivienda nueva, con vivienda en renta para los j\u00f3venes, con rehabilitaci\u00f3n de vivienda en riesgo, con mejoramiento de vivienda, construiremos vivienda accesible, asequible para los que m\u00e1s lo necesitan\u201d, inform\u00f3.<\/p>\n<\/blockquote>\n\n\n\n<p>En ese sentido, el GCDMX lanzar\u00e1 un programa integral para&nbsp;<strong>rehabilitar viviendas en riesgo<\/strong>&nbsp;y garantizar su uso seguro.<\/p>\n\n\n\n<blockquote class=\"wp-block-quote is-layout-flow wp-block-quote-is-layout-flow\">\n<p>\u201cLa vivienda en riesgo que vamos a atender, arrancaremos con un programa integral en Tlatelolco, en los edificios que tienen graves problemas\u201d, coment\u00f3.<\/p>\n<\/blockquote>\n\n\n\n<p>Adem\u00e1s, indic\u00f3 que su administraci\u00f3n trabajar\u00e1 en el&nbsp;<strong>Centro Hist\u00f3rico<\/strong>, no solo desde una perspectiva cultural, sino tambi\u00e9n mediante la&nbsp;<strong>promoci\u00f3n de vivienda accesible&nbsp;<\/strong>en esta zona de la ciudad.<\/p>\n\n\n\n<blockquote class=\"wp-block-quote is-layout-flow wp-block-quote-is-layout-flow\">\n<p>\u201cEl Centro Hist\u00f3rico tambi\u00e9n ser\u00e1 prioridad para vivienda; y tambi\u00e9n ser\u00e1 prioridad para este gobierno. El Centro Hist\u00f3rico es el centro del centro del pa\u00eds, no solo vamos los que vivimos en la ciudad, sino todo el pa\u00eds, as\u00ed que vamos a garantizar m\u00e1s seguridad, vamos a darle el mantenimiento que requiere, vamos a resaltar la cultura del Centro Hist\u00f3rico y vamos a transformarlo\u201d, coment\u00f3.<\/p>\n<\/blockquote>\n\n\n\n<p>Brugada Molina tambi\u00e9n record\u00f3 que, con el objetivo de ampliar las acciones en materia de vivienda y atender el d\u00e9ficit existente en la ciudad, se&nbsp;<strong>duplicar\u00e1 el presupuesto<\/strong>&nbsp;destinado a este sector, alcanzando los&nbsp;<strong>9,000 millones de pesos&nbsp;<\/strong>(mdp).<\/p>\n\n\n\n<blockquote class=\"wp-block-quote is-layout-flow wp-block-quote-is-layout-flow\">\n<p>\u201cNos fijamos como prioridad atender el d\u00e9ficit de vivienda y para poder garantizar este derecho duplicamos el presupuesto para vivienda, de 4,000 a 9,000 mdp\u201d, afirm\u00f3.<\/p>\n<\/blockquote>\n\n\n\n<p>A trav\u00e9s de estos fondos la Jefa de Gobierno estima realizar m\u00e1s de 200,000 acciones de vivienda durante su mandato.<a href=\"https:\/\/centrourbano.com\/revista\/author\/rebeca-romero\/\" rel=\"nofollow noopener\" target=\"_blank\"><\/a><\/p>\n","protected":false},"excerpt":{"rendered":"<p>Por: Rebeca Romero A trav\u00e9s de vivienda nueva, accesible y rehabilitada, el gobierno capitalino combatir la gentrificaci\u00f3n A 100 d\u00edas de haber asumido la Jefatura de Gobierno de la Ciudad de M\u00e9xico (GCDMX), Clara Brugada Molina destac\u00f3 que su administraci\u00f3n impulsar\u00e1 una serie de acciones para&nbsp;combatir la&nbsp;gentrificaci\u00f3n&nbsp;y atender el d\u00e9ficit de vivienda&nbsp;en la capital del [&hellip;]<\/p>\n","protected":false},"author":1,"featured_media":16766,"comment_status":"open","ping_status":"closed","sticky":false,"template":"","format":"standard","meta":{"site-sidebar-layout":"default","site-content-layout":"","ast-site-content-layout":"default","site-content-style":"default","site-sidebar-style":"default","ast-global-header-display":"","ast-banner-title-visibility":"","ast-main-header-display":"","ast-hfb-above-header-display":"","ast-hfb-below-header-display":"","ast-hfb-mobile-header-display":"","site-post-title":"","ast-breadcrumbs-content":"","ast-featured-img":"","footer-sml-layout":"","ast-disable-related-posts":"","theme-transparent-header-meta":"","adv-header-id-meta":"","stick-header-meta":"","header-above-stick-meta":"","header-main-stick-meta":"","header-below-stick-meta":"","astra-migrate-meta-layouts":"set","ast-page-background-enabled":"default","ast-page-background-meta":{"desktop":{"background-color":"var(--ast-global-color-4)","background-image":"","background-repeat":"repeat","background-position":"center center","background-size":"auto","background-attachment":"scroll","background-type":"","background-media":"","overlay-type":"","overlay-color":"","overlay-opacity":"","overlay-gradient":""},"tablet":{"background-color":"","background-image":"","background-repeat":"repeat","background-position":"center center","background-size":"auto","background-attachment":"scroll","background-type":"","background-media":"","overlay-type":"","overlay-color":"","overlay-opacity":"","overlay-gradient":""},"mobile":{"background-color":"","background-image":"","background-repeat":"repeat","background-position":"center center","background-size":"auto","background-attachment":"scroll","background-type":"","background-media":"","overlay-type":"","overlay-color":"","overlay-opacity":"","overlay-gradient":""}},"ast-content-background-meta":{"desktop":{"background-color":"var(--ast-global-color-5)","background-image":"","background-repeat":"repeat","background-position":"center center","background-size":"auto","background-attachment":"scroll","background-type":"","background-media":"","overlay-type":"","overlay-color":"","overlay-opacity":"","overlay-gradient":""},"tablet":{"background-color":"var(--ast-global-color-5)","background-image":"","background-repeat":"repeat","background-position":"center center","background-size":"auto","background-attachment":"scroll","background-type":"","background-media":"","overlay-type":"","overlay-color":"","overlay-opacity":"","overlay-gradient":""},"mobile":{"background-color":"var(--ast-global-color-5)","background-image":"","background-repeat":"repeat","background-position":"center center","background-size":"auto","background-attachment":"scroll","background-type":"","background-media":"","overlay-type":"","overlay-color":"","overlay-opacity":"","overlay-gradient":""}},"footnotes":""},"categories":[4],"tags":[4319,177],"class_list":["post-16765","post","type-post","status-publish","format-standard","has-post-thumbnail","hentry","category-noticias","tag-gentrificacion","tag-vivienda"],"_links":{"self":[{"href":"https:\/\/hombresymujeresdelacasa.com\/home\/wp-json\/wp\/v2\/posts\/16765","targetHints":{"allow":["GET"]}}],"collection":[{"href":"https:\/\/hombresymujeresdelacasa.com\/home\/wp-json\/wp\/v2\/posts"}],"about":[{"href":"https:\/\/hombresymujeresdelacasa.com\/home\/wp-json\/wp\/v2\/types\/post"}],"author":[{"embeddable":true,"href":"https:\/\/hombresymujeresdelacasa.com\/home\/wp-json\/wp\/v2\/users\/1"}],"replies":[{"embeddable":true,"href":"https:\/\/hombresymujeresdelacasa.com\/home\/wp-json\/wp\/v2\/comments?post=16765"}],"version-history":[{"count":1,"href":"https:\/\/hombresymujeresdelacasa.com\/home\/wp-json\/wp\/v2\/posts\/16765\/revisions"}],"predecessor-version":[{"id":16767,"href":"https:\/\/hombresymujeresdelacasa.com\/home\/wp-json\/wp\/v2\/posts\/16765\/revisions\/16767"}],"wp:featuredmedia":[{"embeddable":true,"href":"https:\/\/hombresymujeresdelacasa.com\/home\/wp-json\/wp\/v2\/media\/16766"}],"wp:attachment":[{"href":"https:\/\/hombresymujeresdelacasa.com\/home\/wp-json\/wp\/v2\/media?parent=16765"}],"wp:term":[{"taxonomy":"category","embeddable":true,"href":"https:\/\/hombresymujeresdelacasa.com\/home\/wp-json\/wp\/v2\/categories?post=16765"},{"taxonomy":"post_tag","embeddable":true,"href":"https:\/\/hombresymujeresdelacasa.com\/home\/wp-json\/wp\/v2\/tags?post=16765"}],"curies":[{"name":"wp","href":"https:\/\/api.w.org\/{rel}","templated":true}]}}